{"id":1929,"date":"2026-02-21T00:43:14","date_gmt":"2026-02-20T23:43:14","guid":{"rendered":"https:\/\/sportowyfyrtel.pl\/2\/?p=1929"},"modified":"2026-02-24T18:20:53","modified_gmt":"2026-02-24T17:20:53","slug":"uwaga-powrot-padla-startuja-zajecia-dla-kazdego-w-centrum-sportu-plek-przy-ul-margoninskiej","status":"publish","type":"post","link":"https:\/\/sportowyfyrtel.pl\/2\/2026\/02\/21\/uwaga-powrot-padla-startuja-zajecia-dla-kazdego-w-centrum-sportu-plek-przy-ul-margoninskiej\/","title":{"rendered":"Uwaga! Powr\u00f3t padla! Startuj\u0105 zaj\u0119cia dla ka\u017cdego w Centrum Sportu PLEK przy ul. Margoni\u0144skiej!"},"content":{"rendered":"<p>Czo\u0142em Fyrtel nr 2!\u00a0 Zapraszamy dzieci, m\u0142odzie\u017c, doros\u0142ych i senior\u00f3w zamieszka\u0142ych na terenie dzielnic Kiekrz, Krzy\u017cowniki \u2013 Smochowice, Strzeszyn i Podolany do wsp\u00f3lnej aktywno\u015bci w poni\u017cszych zaj\u0119ciach sportowo \u2013 rekreacyjnych w ramach tegorocznej edycji programu Nasz Sportowy Fyrtel. Zapro\u015bcie rodzin\u0119, znajomych i s\u0105siad\u00f3w \u2014 do\u0142\u0105czcie do nas i zadbajcie o form\u0119 cia\u0142a oraz ducha podczas darmowych zaj\u0119\u0107 sportowo-rekreacyjnych, kt\u00f3re ponownie (i mamy nadziej\u0119 \u2014 nie ostatni!) zagoszcz\u0105 na terenie Waszych osiedli w 2026 roku.<\/p>\n<p>Pami\u0119tajcie, \u017ce to Wasz projekt \u2014 wybrany przez mieszka\u0144c\u00f3w i tworzony dla mieszka\u0144c\u00f3w. Jego realizacja zale\u017cy w du\u017cej mierze od Waszej obecno\u015bci i regularnego udzia\u0142u w zaj\u0119ciach (minimalna \u015brednia frekwencja to 10 os\u00f3b).<\/p>\n<p>Prosimy o stosowanie si\u0119 do wskazanej formy zapis\u00f3w oraz o uszanowanie czasu prywatnego trener\u00f3w i instruktor\u00f3w. Wiadomo\u015bci SMS oraz pr\u00f3by kontaktu telefonicznego w p\u00f3\u017anych godzinach wieczornych i nocnych zaburzaj\u0105 odpoczynek os\u00f3b, kt\u00f3re nast\u0119pnego dnia prowadz\u0105 dla Was zaj\u0119cia i chc\u0105 by\u0107 w pe\u0142ni gotowe do pracy. Warunkiem udzia\u0142u w zaj\u0119ciach jest zaakceptowanie regulaminu, czytelne i staranne wype\u0142nienie oraz podpisanie O\u015bwiadczenia uczestnika, przekazanie dokument\u00f3w trenerowi lub instruktorowi przed pierwszymi zaj\u0119ciami, a tak\u017ce zapisanie si\u0119 na zaj\u0119cia i uzyskanie potwierdzenia od prowadz\u0105cego o przyj\u0119ciu na list\u0119 uczestnik\u00f3w.<\/p>\n<p>\u015aled\u017acie nasze media spo\u0142eczno\u015bciowe i stron\u0119 internetow\u0105, \u017ceby by\u0107 na bie\u017c\u0105co z przygotowanymi zaj\u0119ciami, wydarzeniami czy atrakcjami! Do zobaczenia!<\/p>\n<hr \/>\n<h3><strong>NAUKA GRY W PADLA DLA DZIECI I M\u0141ODZIE\u017bY<\/strong><\/h3>\n<p>Padel to obecnie najszybciej rozwijaj\u0105cy si\u0119 sport rakietowy na \u015bwiecie, kt\u00f3ry \u0142\u0105czy w sobie to, co najlepsze w tenisie i squashu. Dla najm\u0142odszych to idealna dyscyplina, poniewa\u017c dzi\u0119ki mniejszemu kortowi i wykorzystaniu szklanych \u015bcian, gra jest niezwykle dynamiczna i daje mn\u00f3stwo satysfakcji ju\u017c od pierwszego uderzenia. Zaj\u0119cia w Centrum Sportu PLEK skupiaj\u0105 si\u0119 na wszechstronnym rozwoju motorycznym, nauce koordynacji r\u0119ka-oko oraz budowaniu sportowych podstaw technicznych w atmosferze \u015bwietnej zabawy. Pod okiem do\u015bwiadczonych instruktor\u00f3w dzieci i m\u0142odzie\u017c naucz\u0105 si\u0119 pracy w zespole (padel to sport deblowy), strategii oraz zasad fair play. To doskona\u0142a alternatywa dla tradycyjnych gier zespo\u0142owych, kt\u00f3ra rozwija refleks, szybko\u015b\u0107 i pozwala spali\u0107 niespo\u017cyt\u0105 energi\u0119 w bezpiecznym, nowoczesnym obiekcie sportowym.<\/p>\n<p><strong>Lokalizacja:<\/strong> Centrum Sportu PLEK przy ul. Margoni\u0144skiej<br \/>\n<strong>Termin:<\/strong> niedziele w godzinach 09:00 \u2013 10:00<br \/>\n<strong>Zapisy:<\/strong> w formie wiadomo\u015bci SMS o tre\u015bci imi\u0119, nazwisko, numer fyrtla, nazwa zaj\u0119\u0107, lokalizacja zaj\u0119\u0107 pod nr tel. 880562845 (od dnia 24 lutego w godzinach 9:00 \u2013 19:00 dla os\u00f3b, kt\u00f3re nie uczestniczy\u0142y w danych zaj\u0119ciach w 2025 roku, od dnia 26 lutego w godzinach 9:00 \u2013 19:00 zapisy dla pozosta\u0142ych os\u00f3b, w tym r\u00f3wnie\u017c uczestnicz\u0105cych w danych zaj\u0119ciach w ramach ods\u0142on projektu w 2025 roku, odpowiedzi udzielone zostan\u0105 do 48 godzin po otrzymaniu wiadomo\u015bci, zapisy z\u0142o\u017cone przed terminem rozpocz\u0119cia rekrutacji nie b\u0119d\u0105 uwzgl\u0119dnione!)<br \/>\n<strong>Start:<\/strong> 22 marca<\/p>\n<p>&nbsp;<\/p>\n<h3><strong>NAUKA GRY W PADLA DLA KOBIET<\/strong><\/h3>\n<p>Padel to sport stworzony do budowania relacji i dbania o form\u0119 w niezwykle radosny spos\u00f3b. Zaj\u0119cia dla kobiet w Centrum Sportu PLEK to po\u0142\u0105czenie intensywnego treningu cardio z nauk\u0105 techniki, kt\u00f3ra jest znacznie \u0142atwiejsza do opanowania ni\u017c w przypadku klasycznego tenisa. Dzi\u0119ki grze w parach, ka\u017cda sesja to nie tylko okazja do wyrze\u017abienia sylwetki i poprawy wydolno\u015bci, ale tak\u017ce moment na s\u0105siedzk\u0105 integracj\u0119 i wymian\u0119 pozytywnej energii. Treningi obejmuj\u0105 nauk\u0119 podstawowych uderze\u0144, takich jak bandeja czy vibora, oraz poruszania si\u0119 po korcie z wykorzystaniem \u015bcian. To idealny spos\u00f3b na aktywne niedzielne przedpo\u0142udnie, kt\u00f3ry pozwoli Ci zapomnie\u0107 o codziennych obowi\u0105zkach, wzmocni\u0107 mi\u0119\u015bnie n\u00f3g i po\u015bladk\u00f3w oraz poczu\u0107 satysfakcj\u0119 z szybkich post\u0119p\u00f3w w tej dynamicznej dyscyplinie.<\/p>\n<p><strong>Lokalizacja:<\/strong> Centrum Sportu PLEK przy ul. Margoni\u0144skiej<br \/>\n<strong>Termin:<\/strong> niedziele w godzinach 10:00 \u2013 11:00<br \/>\n<strong>Zapisy:<\/strong> w formie wiadomo\u015bci SMS o tre\u015bci imi\u0119, nazwisko, numer fyrtla, nazwa zaj\u0119\u0107, lokalizacja zaj\u0119\u0107 pod nr tel. 880562845 (od dnia 24 lutego w godzinach 9:00 \u2013 19:00 dla os\u00f3b, kt\u00f3re nie uczestniczy\u0142y w danych zaj\u0119ciach w 2025 roku, od dnia 26 lutego w godzinach 9:00 \u2013 19:00 zapisy dla pozosta\u0142ych os\u00f3b, w tym r\u00f3wnie\u017c uczestnicz\u0105cych w danych zaj\u0119ciach w ramach ods\u0142on projektu w 2025 roku, odpowiedzi udzielone zostan\u0105 do 48 godzin po otrzymaniu wiadomo\u015bci, zapisy z\u0142o\u017cone przed terminem rozpocz\u0119cia rekrutacji nie b\u0119d\u0105 uwzgl\u0119dnione!)<br \/>\n<strong>Start:<\/strong> 22 marca<\/p>\n<p>&nbsp;<\/p>\n<h3><strong>NAUKA GRY W PADLA DLA M\u0118\u017bCZYZN<\/strong><\/h3>\n<p>Szukasz sportu, kt\u00f3ry po\u0142\u0105czy si\u0142\u0119, strategi\u0119 i rywalizacj\u0119 w nowoczesnym wydaniu? Padel dla m\u0119\u017cczyzn to dynamiczne wyzwanie, w kt\u00f3rym spryt i umiej\u0119tno\u015b\u0107 przewidywania odbi\u0107 od \u015bcian licz\u0105 si\u0119 bardziej ni\u017c czysta si\u0142a fizyczna. Podczas zaj\u0119\u0107 w Centrum Sportu PLEK nauczysz si\u0119 techniki gry, kt\u00f3ra pozwoli Ci na prowadzenie szybkich wymian przy siatce i efektywne wyka\u0144czanie akcji. To sport deblowy, wi\u0119c treningi to tak\u017ce doskona\u0142a okazja do budowania sportowych wi\u0119zi i rywalizacji w przyjaznej atmosferze. Regularna gra w padla to pot\u0119\u017cny zastrzyk wydolno\u015bciowy, spos\u00f3b na popraw\u0119 refleksu oraz idealny restart przed nowym tygodniem pracy. Niezale\u017cnie od Twojego do\u015bwiadczenia z innymi sportami rakietowymi, nasi trenerzy pomog\u0105 Ci szybko wej\u015b\u0107 na wy\u017cszy poziom gry i czerpa\u0107 maksimum satysfakcji z ka\u017cdego &#8222;seta&#8221;.<\/p>\n<p><strong>Lokalizacja:<\/strong> Centrum Sportu PLEK przy ul. Margoni\u0144skiej<br \/>\n<strong>Termin:<\/strong> niedziele w godzinach 11:00 \u2013 12:00<br \/>\n<strong>Zapisy:<\/strong> w formie wiadomo\u015bci SMS o tre\u015bci imi\u0119, nazwisko, numer fyrtla, nazwa zaj\u0119\u0107, lokalizacja zaj\u0119\u0107 pod nr tel. 880562845 (od dnia 24 lutego w godzinach 9:00 \u2013 19:00 dla os\u00f3b, kt\u00f3re nie uczestniczy\u0142y w danych zaj\u0119ciach w 2025 roku, od dnia 26 lutego w godzinach 9:00 \u2013 19:00 zapisy dla pozosta\u0142ych os\u00f3b, w tym r\u00f3wnie\u017c uczestnicz\u0105cych w danych zaj\u0119ciach w ramach ods\u0142on projektu w 2025 roku, odpowiedzi udzielone zostan\u0105 do 48 godzin po otrzymaniu wiadomo\u015bci, zapisy z\u0142o\u017cone przed terminem rozpocz\u0119cia rekrutacji nie b\u0119d\u0105 uwzgl\u0119dnione!)<br \/>\n<strong>Start:<\/strong> 22 marca<\/p>\n<hr \/>\n<h3><strong>ZAPOZNAJ SI\u0118!<\/strong><\/h3>\n<p><strong>Program Nasz Sportowy Fyrtel na terenie rejonu nr 2 przeznaczony jest tylko i wy\u0142\u0105cznie dla mieszka\u0144c\u00f3w Miasta Poznania zamieszka\u0142ych w obr\u0119bie dzielnicy Kiekrz, Krzy\u017cowniki \u2013 Smochowice, Strzeszyn i Podolany!<\/strong><\/p>\n<ul>\n<li><strong>Regulamin, kt\u00f3rego akceptacja jest niezb\u0119dna do udzia\u0142u w zaj\u0119ciach sportowo \u2013 rekreacyjnych, wydarzeniach czy innych aktywno\u015bciach w ramach projektu Nasz Sportowy Fyrtel znajdziesz\u00a0<a href=\"https:\/\/sportowyfyrtel.pl\/2\/regulamin\/\">TUTAJ<\/a>.<\/strong><\/li>\n<li><strong>O\u015bwiadczenie uczestnika, kt\u00f3rego wype\u0142nienie jest niezb\u0119dne do udzia\u0142u w naszych zaj\u0119ciach, a kt\u00f3re nale\u017cy starannie i czytelnie wype\u0142ni\u0107, a nast\u0119pnie zwr\u00f3ci\u0107 trenerowi lub instruktorowi pobierzesz\u00a0<a href=\"https:\/\/sportowyfyrtel.pl\/2\/do-pobrania\/\">TUTAJ<\/a>.<\/strong><\/li>\n<li><strong>Plan zaj\u0119\u0107, kt\u00f3ry nale\u017cy \u015bledzi\u0107 \u017ceby sprawdzi\u0107 czy dane zaj\u0119cia nie zosta\u0142y odwo\u0142ane dost\u0119pny jest\u00a0<a href=\"https:\/\/sportowyfyrtel.pl\/2\/godziny-zajec\/\">TUTAJ<\/a>.<\/strong><\/li>\n<li><strong>Opis zaj\u0119\u0107, gdzie mo\u017cecie zapozna\u0107 si\u0119 r\u00f3wnie\u017c z informacjami o danych zaj\u0119ciach, lokalizacj\u0105, a tak\u017ce form\u0105 zapis\u00f3w czeka na Was\u00a0<a href=\"https:\/\/sportowyfyrtel.pl\/2\/opis-zajec\/\">TUTAJ<\/a>.<\/strong><\/li>\n<li><strong>Kliknijcie\u00a0<a href=\"https:\/\/www.facebook.com\/groups\/fyrtel2\">TUTAJ<\/a>, \u017ce do\u0142\u0105czy\u0107 do grupy na portalu Facebook dedykowanej mieszka\u0144com dzielnicy Kiekrz, Krzy\u017cowniki \u2013 Smochowice, Strzeszyn i Podolany, gdzie znajdziecie relacje z zaj\u0119\u0107 czy innych organizowanych aktywno\u015bci, zapowiedzi, komunikaty, a tak\u017ce og\u0142oszenia dotycz\u0105ce realizacji projektu w 2026 roku.<\/strong><\/li>\n<li><strong>Je\u017celi nadal macie jakiekolwiek w\u0105tpliwo\u015bci to zapoznajcie si\u0119 z nasz\u0105 sekcj\u0105 Pyta\u0144 i odpowiedzi, kt\u00f3ra jest dla dost\u0119pna\u00a0<a href=\"https:\/\/sportowyfyrtel.pl\/faq\/\">TUTAJ<\/a>.<\/strong><\/li>\n<\/ul>\n<p><strong>Projekt finansowany ze \u015brodk\u00f3w Wydzia\u0142u Sportu Urz\u0119du Miasta Poznania w ramach Pozna\u0144skiego Bud\u017cetu Obywatelskiego 2026 dzi\u0119ki g\u0142osom mieszka\u0144c\u00f3w Poznania!<\/strong><\/p>\n<p><strong>Problemy czy pytania kierujcie na adres e-mail: 2@sportowyfyrtel.pl, a my postaramy si\u0119 Wam pom\u00f3c najszybciej mo\u017cemy!<\/strong><\/p>\n","protected":false},"excerpt":{"rendered":"<p>Czo\u0142em Fyrtel nr 2!\u00a0 Zapraszamy dzieci, m\u0142odzie\u017c, doros\u0142ych i senior\u00f3w zamieszka\u0142ych na terenie dzielnic Kiekrz, Krzy\u017cowniki \u2013 Smochowice, Strzeszyn i Podolany do wsp\u00f3lnej aktywno\u015bci w poni\u017cszych zaj\u0119ciach sportowo \u2013 rekreacyjnych w ramach tegorocznej edycji programu Nasz Sportowy Fyrtel. Zapro\u015bcie rodzin\u0119, znajomych i s\u0105siad\u00f3w \u2014 do\u0142\u0105czcie do nas i zadbajcie o form\u0119 cia\u0142a oraz ducha podczas [&#8230;]<\/p>\n<p><a class=\"btn btn-secondary understrap-read-more-link\" href=\"https:\/\/sportowyfyrtel.pl\/2\/2026\/02\/21\/uwaga-powrot-padla-startuja-zajecia-dla-kazdego-w-centrum-sportu-plek-przy-ul-margoninskiej\/\">Czytaj dalej\u2026<\/a><\/p>\n","protected":false},"author":9,"featured_media":0,"comment_status":"closed","ping_status":"closed","sticky":false,"template":"","format":"standard","meta":{"footnotes":""},"categories":[1],"tags":[],"_links":{"self":[{"href":"https:\/\/sportowyfyrtel.pl\/2\/wp-json\/wp\/v2\/posts\/1929"}],"collection":[{"href":"https:\/\/sportowyfyrtel.pl\/2\/wp-json\/wp\/v2\/posts"}],"about":[{"href":"https:\/\/sportowyfyrtel.pl\/2\/wp-json\/wp\/v2\/types\/post"}],"author":[{"embeddable":true,"href":"https:\/\/sportowyfyrtel.pl\/2\/wp-json\/wp\/v2\/users\/9"}],"replies":[{"embeddable":true,"href":"https:\/\/sportowyfyrtel.pl\/2\/wp-json\/wp\/v2\/comments?post=1929"}],"version-history":[{"count":2,"href":"https:\/\/sportowyfyrtel.pl\/2\/wp-json\/wp\/v2\/posts\/1929\/revisions"}],"predecessor-version":[{"id":1962,"href":"https:\/\/sportowyfyrtel.pl\/2\/wp-json\/wp\/v2\/posts\/1929\/revisions\/1962"}],"wp:attachment":[{"href":"https:\/\/sportowyfyrtel.pl\/2\/wp-json\/wp\/v2\/media?parent=1929"}],"wp:term":[{"taxonomy":"category","embeddable":true,"href":"https:\/\/sportowyfyrtel.pl\/2\/wp-json\/wp\/v2\/categories?post=1929"},{"taxonomy":"post_tag","embeddable":true,"href":"https:\/\/sportowyfyrtel.pl\/2\/wp-json\/wp\/v2\/tags?post=1929"}],"curies":[{"name":"wp","href":"https:\/\/api.w.org\/{rel}","templated":true}]}}