{"id":1918,"date":"2026-02-20T00:46:04","date_gmt":"2026-02-19T23:46:04","guid":{"rendered":"https:\/\/sportowyfyrtel.pl\/2\/?p=1918"},"modified":"2026-02-23T09:11:23","modified_gmt":"2026-02-23T08:11:23","slug":"czas-na-oddech-zapraszamy-na-zajecia-uwaznego-ruchu-w-twojej-przestrzeni-przy-ul-fieldorfa-6-1","status":"publish","type":"post","link":"https:\/\/sportowyfyrtel.pl\/2\/2026\/02\/20\/czas-na-oddech-zapraszamy-na-zajecia-uwaznego-ruchu-w-twojej-przestrzeni-przy-ul-fieldorfa-6-1\/","title":{"rendered":"Czas na oddech! Zapraszamy na zaj\u0119cia Uwa\u017cnego Ruchu w Twojej Przestrzeni przy ul. Fieldorfa 6\/1!"},"content":{"rendered":"<p>Czo\u0142em Fyrtel nr 2!\u00a0 Zapraszamy dzieci, m\u0142odzie\u017c, doros\u0142ych i senior\u00f3w zamieszka\u0142ych na terenie dzielnic Kiekrz, Krzy\u017cowniki \u2013 Smochowice, Strzeszyn i Podolany do wsp\u00f3lnej aktywno\u015bci w poni\u017cszych zaj\u0119ciach sportowo \u2013 rekreacyjnych w ramach tegorocznej edycji programu Nasz Sportowy Fyrtel. Zapro\u015bcie rodzin\u0119, znajomych i s\u0105siad\u00f3w \u2014 do\u0142\u0105czcie do nas i zadbajcie o form\u0119 cia\u0142a oraz ducha podczas darmowych zaj\u0119\u0107 sportowo-rekreacyjnych, kt\u00f3re ponownie (i mamy nadziej\u0119 \u2014 nie ostatni!) zagoszcz\u0105 na terenie Waszych osiedli w 2026 roku.<\/p>\n<p>Pami\u0119tajcie, \u017ce to Wasz projekt \u2014 wybrany przez mieszka\u0144c\u00f3w i tworzony dla mieszka\u0144c\u00f3w. Jego realizacja zale\u017cy w du\u017cej mierze od Waszej obecno\u015bci i regularnego udzia\u0142u w zaj\u0119ciach (minimalna \u015brednia frekwencja to 10 os\u00f3b).<\/p>\n<p>Prosimy o stosowanie si\u0119 do wskazanej formy zapis\u00f3w oraz o uszanowanie czasu prywatnego trener\u00f3w i instruktor\u00f3w. Wiadomo\u015bci SMS oraz pr\u00f3by kontaktu telefonicznego w p\u00f3\u017anych godzinach wieczornych i nocnych zaburzaj\u0105 odpoczynek os\u00f3b, kt\u00f3re nast\u0119pnego dnia prowadz\u0105 dla Was zaj\u0119cia i chc\u0105 by\u0107 w pe\u0142ni gotowe do pracy. Warunkiem udzia\u0142u w zaj\u0119ciach jest zaakceptowanie regulaminu, czytelne i staranne wype\u0142nienie oraz podpisanie O\u015bwiadczenia uczestnika, przekazanie dokument\u00f3w trenerowi lub instruktorowi przed pierwszymi zaj\u0119ciami, a tak\u017ce zapisanie si\u0119 na zaj\u0119cia i uzyskanie potwierdzenia od prowadz\u0105cego o przyj\u0119ciu na list\u0119 uczestnik\u00f3w.<\/p>\n<p>\u015aled\u017acie nasze media spo\u0142eczno\u015bciowe i stron\u0119 internetow\u0105, \u017ceby by\u0107 na bie\u017c\u0105co z przygotowanymi zaj\u0119ciami, wydarzeniami czy atrakcjami! Do zobaczenia!<\/p>\n<hr \/>\n<h3><strong>UWA\u017bNY RUCH \u2013 PRAKTYKA MINDFULNESS<\/strong><\/h3>\n<p>Odkryj koj\u0105c\u0105 moc treningu uwa\u017cno\u015bci i przywr\u00f3\u0107 harmoni\u0119 swojemu cia\u0142u oraz umys\u0142owi podczas unikalnych zaj\u0119\u0107 \u201eUwa\u017cny Ruch\u201d. Program ten wykracza poza ramy tradycyjnej gimnastyki, \u0142\u0105cz\u0105c \u015bwiadom\u0105 aktywno\u015b\u0107 fizyczn\u0105 z technikami mindfulness, co pozwala na g\u0142\u0119bokie wyciszenie uk\u0142adu nerwowego i redukcj\u0119 skutk\u00f3w przewlek\u0142ego stresu. Podczas sesji prowadzonych przez Sylwi\u0119 Spycha\u0142\u0119, skupiamy si\u0119 na powolnych, precyzyjnych ruchach wykonywanych z pe\u0142n\u0105 koncentracj\u0105 na oddechu i sygna\u0142ach p\u0142yn\u0105cych z organizmu. Taka praktyka pozwala nie tylko poprawi\u0107 elastyczno\u015b\u0107 i og\u00f3ln\u0105 sprawno\u015b\u0107, ale przede wszystkim uczy, jak zatrzyma\u0107 gonitw\u0119 my\u015bli, zwi\u0119kszy\u0107 \u015bwiadomo\u015b\u0107 w\u0142asnych emocji i odnale\u017a\u0107 wewn\u0119trzny spok\u00f3j w zabieganej codzienno\u015bci. Zaj\u0119cia s\u0105 dedykowane ka\u017cdemu, kto szuka sposobu na regeneracj\u0119 psychiczn\u0105, chce poprawi\u0107 jako\u015b\u0107 snu oraz pragnie zbudowa\u0107 g\u0142\u0119bsz\u0105, pe\u0142n\u0105 akceptacji relacj\u0119 z w\u0142asnym cia\u0142em. To czas dedykowany wy\u0142\u0105cznie Tobie \u2013 przestrze\u0144 do nauki bycia \u201etu i teraz\u201d, kt\u00f3ra owocuje lepsz\u0105 koncentracj\u0105 i wi\u0119ksz\u0105 odporno\u015bci\u0105 na codzienne wyzwania.<\/p>\n<p><strong>Lokalizacja:<\/strong> Twoja Przestrze\u0144 przy ul. Fieldorfa 6\/1<br \/>\n<strong>Terminy:<\/strong> poniedzia\u0142ki w godzinach 17:00 \u2013 18:00 i 18:00 \u2013 19:00 oraz \u015brody w godzinach 09:00 \u2013 10:00<br \/>\n<strong>Zapisy:<\/strong> w formie wiadomo\u015bci SMS o tre\u015bci imi\u0119, nazwisko, numer fyrtla, nazwa zaj\u0119\u0107, lokalizacja zaj\u0119\u0107 pod nr tel. 600978359 (od dnia 2 marca w godzinach 9:00 \u2013 19:00 dla os\u00f3b, kt\u00f3re nie uczestniczy\u0142y w danych zaj\u0119ciach w 2026 roku, od dnia 4 marca w godzinach 9:00 \u2013 19:00 zapisy dla pozosta\u0142ych os\u00f3b, w tym r\u00f3wnie\u017c uczestnicz\u0105cych w danych zaj\u0119ciach w ramach wiosennej oraz letniej ods\u0142ony projektu w 2026 roku, odpowiedzi udzielone zostan\u0105 do 48 godzin po otrzymaniu wiadomo\u015bci SMS, zapisy z\u0142o\u017cone przed terminem rozpocz\u0119cia rekrutacji nie b\u0119d\u0105 uwzgl\u0119dnione!)<br \/>\n<strong>Start:<\/strong> 30 marca<\/p>\n<hr \/>\n<h3><strong>ZAPOZNAJ SI\u0118!<\/strong><\/h3>\n<p><strong>Program Nasz Sportowy Fyrtel na terenie rejonu nr 2 przeznaczony jest tylko i wy\u0142\u0105cznie dla mieszka\u0144c\u00f3w Miasta Poznania zamieszka\u0142ych w obr\u0119bie dzielnicy Kiekrz, Krzy\u017cowniki \u2013 Smochowice, Strzeszyn i Podolany!<\/strong><\/p>\n<ul>\n<li><strong>Regulamin, kt\u00f3rego akceptacja jest niezb\u0119dna do udzia\u0142u w zaj\u0119ciach sportowo \u2013 rekreacyjnych, wydarzeniach czy innych aktywno\u015bciach w ramach projektu Nasz Sportowy Fyrtel znajdziesz\u00a0<a href=\"https:\/\/sportowyfyrtel.pl\/2\/regulamin\/\">TUTAJ<\/a>.<\/strong><\/li>\n<li><strong>O\u015bwiadczenie uczestnika, kt\u00f3rego wype\u0142nienie jest niezb\u0119dne do udzia\u0142u w naszych zaj\u0119ciach, a kt\u00f3re nale\u017cy starannie i czytelnie wype\u0142ni\u0107, a nast\u0119pnie zwr\u00f3ci\u0107 trenerowi lub instruktorowi pobierzesz\u00a0<a href=\"https:\/\/sportowyfyrtel.pl\/2\/do-pobrania\/\">TUTAJ<\/a>.<\/strong><\/li>\n<li><strong>Plan zaj\u0119\u0107, kt\u00f3ry nale\u017cy \u015bledzi\u0107 \u017ceby sprawdzi\u0107 czy dane zaj\u0119cia nie zosta\u0142y odwo\u0142ane dost\u0119pny jest\u00a0<a href=\"https:\/\/sportowyfyrtel.pl\/2\/godziny-zajec\/\">TUTAJ<\/a>.<\/strong><\/li>\n<li><strong>Opis zaj\u0119\u0107, gdzie mo\u017cecie zapozna\u0107 si\u0119 r\u00f3wnie\u017c z informacjami o danych zaj\u0119ciach, lokalizacj\u0105, a tak\u017ce form\u0105 zapis\u00f3w czeka na Was\u00a0<a href=\"https:\/\/sportowyfyrtel.pl\/2\/opis-zajec\/\">TUTAJ<\/a>.<\/strong><\/li>\n<li><strong>Kliknijcie\u00a0<a href=\"https:\/\/www.facebook.com\/groups\/fyrtel2\">TUTAJ<\/a>, \u017ce do\u0142\u0105czy\u0107 do grupy na portalu Facebook dedykowanej mieszka\u0144com dzielnicy Kiekrz, Krzy\u017cowniki \u2013 Smochowice, Strzeszyn i Podolany, gdzie znajdziecie relacje z zaj\u0119\u0107 czy innych organizowanych aktywno\u015bci, zapowiedzi, komunikaty, a tak\u017ce og\u0142oszenia dotycz\u0105ce realizacji projektu w 2026 roku.<\/strong><\/li>\n<li><strong>Je\u017celi nadal macie jakiekolwiek w\u0105tpliwo\u015bci to zapoznajcie si\u0119 z nasz\u0105 sekcj\u0105 Pyta\u0144 i odpowiedzi, kt\u00f3ra jest dla dost\u0119pna\u00a0<a href=\"https:\/\/sportowyfyrtel.pl\/faq\/\">TUTAJ<\/a>.<\/strong><\/li>\n<\/ul>\n<p><strong>Projekt finansowany ze \u015brodk\u00f3w Wydzia\u0142u Sportu Urz\u0119du Miasta Poznania w ramach Pozna\u0144skiego Bud\u017cetu Obywatelskiego 2026 dzi\u0119ki g\u0142osom mieszka\u0144c\u00f3w Poznania!<\/strong><\/p>\n<p><strong>Problemy czy pytania kierujcie na adres e-mail: 2@sportowyfyrtel.pl, a my postaramy si\u0119 Wam pom\u00f3c najszybciej mo\u017cemy!<\/strong><\/p>\n","protected":false},"excerpt":{"rendered":"<p>Czo\u0142em Fyrtel nr 2!\u00a0 Zapraszamy dzieci, m\u0142odzie\u017c, doros\u0142ych i senior\u00f3w zamieszka\u0142ych na terenie dzielnic Kiekrz, Krzy\u017cowniki \u2013 Smochowice, Strzeszyn i Podolany do wsp\u00f3lnej aktywno\u015bci w poni\u017cszych zaj\u0119ciach sportowo \u2013 rekreacyjnych w ramach tegorocznej edycji programu Nasz Sportowy Fyrtel. Zapro\u015bcie rodzin\u0119, znajomych i s\u0105siad\u00f3w \u2014 do\u0142\u0105czcie do nas i zadbajcie o form\u0119 cia\u0142a oraz ducha podczas [&#8230;]<\/p>\n<p><a class=\"btn btn-secondary understrap-read-more-link\" href=\"https:\/\/sportowyfyrtel.pl\/2\/2026\/02\/20\/czas-na-oddech-zapraszamy-na-zajecia-uwaznego-ruchu-w-twojej-przestrzeni-przy-ul-fieldorfa-6-1\/\">Czytaj dalej\u2026<\/a><\/p>\n","protected":false},"author":9,"featured_media":0,"comment_status":"closed","ping_status":"closed","sticky":false,"template":"","format":"standard","meta":{"footnotes":""},"categories":[1],"tags":[],"_links":{"self":[{"href":"https:\/\/sportowyfyrtel.pl\/2\/wp-json\/wp\/v2\/posts\/1918"}],"collection":[{"href":"https:\/\/sportowyfyrtel.pl\/2\/wp-json\/wp\/v2\/posts"}],"about":[{"href":"https:\/\/sportowyfyrtel.pl\/2\/wp-json\/wp\/v2\/types\/post"}],"author":[{"embeddable":true,"href":"https:\/\/sportowyfyrtel.pl\/2\/wp-json\/wp\/v2\/users\/9"}],"replies":[{"embeddable":true,"href":"https:\/\/sportowyfyrtel.pl\/2\/wp-json\/wp\/v2\/comments?post=1918"}],"version-history":[{"count":2,"href":"https:\/\/sportowyfyrtel.pl\/2\/wp-json\/wp\/v2\/posts\/1918\/revisions"}],"predecessor-version":[{"id":1953,"href":"https:\/\/sportowyfyrtel.pl\/2\/wp-json\/wp\/v2\/posts\/1918\/revisions\/1953"}],"wp:attachment":[{"href":"https:\/\/sportowyfyrtel.pl\/2\/wp-json\/wp\/v2\/media?parent=1918"}],"wp:term":[{"taxonomy":"category","embeddable":true,"href":"https:\/\/sportowyfyrtel.pl\/2\/wp-json\/wp\/v2\/categories?post=1918"},{"taxonomy":"post_tag","embeddable":true,"href":"https:\/\/sportowyfyrtel.pl\/2\/wp-json\/wp\/v2\/tags?post=1918"}],"curies":[{"name":"wp","href":"https:\/\/api.w.org\/{rel}","templated":true}]}}