{"id":1891,"date":"2026-02-19T18:42:54","date_gmt":"2026-02-19T17:42:54","guid":{"rendered":"https:\/\/sportowyfyrtel.pl\/2\/?p=1891"},"modified":"2026-02-24T21:48:54","modified_gmt":"2026-02-24T20:48:54","slug":"darmowa-aktywnosc-dla-kobiet-w-ciazy-i-po-porodzie-wraca-do-twojej-przestrzeni-przy-ul-fieldorfa-6-1","status":"publish","type":"post","link":"https:\/\/sportowyfyrtel.pl\/2\/2026\/02\/19\/darmowa-aktywnosc-dla-kobiet-w-ciazy-i-po-porodzie-wraca-do-twojej-przestrzeni-przy-ul-fieldorfa-6-1\/","title":{"rendered":"Darmowa aktywno\u015b\u0107 dla kobiet w ci\u0105\u017cy i po porodzie wraca do Twojej Przestrzeni przy ul. Fieldorfa 6\/1!"},"content":{"rendered":"<p>Czo\u0142em Fyrtel nr 2!\u00a0 Zapraszamy dzieci, m\u0142odzie\u017c, doros\u0142ych i senior\u00f3w zamieszka\u0142ych na terenie dzielnic Kiekrz, Krzy\u017cowniki \u2013 Smochowice, Strzeszyn i Podolany do wsp\u00f3lnej aktywno\u015bci w poni\u017cszych zaj\u0119ciach sportowo \u2013 rekreacyjnych w ramach tegorocznej edycji programu Nasz Sportowy Fyrtel. Zapro\u015bcie rodzin\u0119, znajomych i s\u0105siad\u00f3w \u2014 do\u0142\u0105czcie do nas i zadbajcie o form\u0119 cia\u0142a oraz ducha podczas darmowych zaj\u0119\u0107 sportowo-rekreacyjnych, kt\u00f3re ponownie (i mamy nadziej\u0119 \u2014 nie ostatni!) zagoszcz\u0105 na terenie Waszych osiedli w 2026 roku.<\/p>\n<p>Pami\u0119tajcie, \u017ce to Wasz projekt \u2014 wybrany przez mieszka\u0144c\u00f3w i tworzony dla mieszka\u0144c\u00f3w. Jego realizacja zale\u017cy w du\u017cej mierze od Waszej obecno\u015bci i regularnego udzia\u0142u w zaj\u0119ciach (minimalna \u015brednia frekwencja to 10 os\u00f3b).<\/p>\n<p>Prosimy o stosowanie si\u0119 do wskazanej formy zapis\u00f3w oraz o uszanowanie czasu prywatnego trener\u00f3w i instruktor\u00f3w. Wiadomo\u015bci SMS oraz pr\u00f3by kontaktu telefonicznego w p\u00f3\u017anych godzinach wieczornych i nocnych zaburzaj\u0105 odpoczynek os\u00f3b, kt\u00f3re nast\u0119pnego dnia prowadz\u0105 dla Was zaj\u0119cia i chc\u0105 by\u0107 w pe\u0142ni gotowe do pracy. Warunkiem udzia\u0142u w zaj\u0119ciach jest zaakceptowanie regulaminu, czytelne i staranne wype\u0142nienie oraz podpisanie O\u015bwiadczenia uczestnika, przekazanie dokument\u00f3w trenerowi lub instruktorowi przed pierwszymi zaj\u0119ciami, a tak\u017ce zapisanie si\u0119 na zaj\u0119cia i uzyskanie potwierdzenia od prowadz\u0105cego o przyj\u0119ciu na list\u0119 uczestnik\u00f3w.<\/p>\n<p>\u015aled\u017acie nasze media spo\u0142eczno\u015bciowe i stron\u0119 internetow\u0105, \u017ceby by\u0107 na bie\u017c\u0105co z przygotowanymi zaj\u0119ciami, wydarzeniami czy atrakcjami! Do zobaczenia!<\/p>\n<hr \/>\n<h3><strong>ZAJ\u0118CIA DLA KOBIET W CI\u0104\u017bY (PO 12 TYGODNIU)<\/strong><\/h3>\n<p>Zadbaj o swoje zdrowie i komfort w tym wyj\u0105tkowym czasie pod okiem wykwalifikowanej fizjoterapeutki. Zaj\u0119cia s\u0105 dedykowane przysz\u0142ym mamom, kt\u00f3re uko\u0144czy\u0142y pierwszy trymestr ci\u0105\u017cy i pragn\u0105 \u015bwiadomie przygotowa\u0107 swoje cia\u0142o do porodu oraz szybszej regeneracji po rozwi\u0105zaniu. Program skupia si\u0119 na bezpiecznym wzmacnianiu mi\u0119\u015bni g\u0142\u0119bokich, profilaktyce b\u00f3l\u00f3w kr\u0119gos\u0142upa oraz poprawie mobilno\u015bci miednicy i klatki piersiowej, co znacz\u0105co u\u0142atwia oddychanie w zaawansowanej ci\u0105\u017cy. Podczas spotka\u0144 du\u017cy nacisk k\u0142adziemy na nauk\u0119 relaksacji oraz prawid\u0142ow\u0105 prac\u0119 z dnem miednicy, co ma kluczowe znaczenie dla zdrowia kobiety. Treningi prowadzone s\u0105 w spos\u00f3b \u0142agodny, z uwzgl\u0119dnieniem fizjologicznych zmian zachodz\u0105cych w organizmie, co pozwala zredukowa\u0107 obrz\u0119ki i poprawi\u0107 og\u00f3lne samopoczucie. To idealna przestrze\u0144, aby w bezpiecznych warunkach budowa\u0107 form\u0119, kt\u00f3ra zaprocentuje w trakcie porodu, a jednocze\u015bnie pozwoli na chwil\u0119 wytchnienia i nawi\u0105zanie relacji z innymi przysz\u0142ymi mamami pod okiem profesjonalnej instruktorki Kingi Krawiec.<\/p>\n<p><strong>Lokalizacja:<\/strong> Twoja Przestrze\u0144 przy ul. Fieldorfa 6\/1<br \/>\n<strong>Termin:<\/strong> poniedzia\u0142ki w godzinach 08:00 \u2013 09:00<br \/>\n<strong>Zapisy:<\/strong> w formie wiadomo\u015bci e-mail o tre\u015bci imi\u0119, nazwisko, numer fyrtla, nazwa zaj\u0119\u0107, lokalizacja zaj\u0119\u0107 na adres kobieca.strefa@interia.pl (od dnia 24 lutego w godzinach 9:00 \u2013 19:00 dla os\u00f3b, kt\u00f3re nie uczestniczy\u0142y w danych zaj\u0119ciach w 2025 roku, od dnia 26 lutego w godzinach 9:00 \u2013 19:00 zapisy dla pozosta\u0142ych os\u00f3b, w tym r\u00f3wnie\u017c uczestnicz\u0105cych w danych zaj\u0119ciach w ramach wiosennej oraz letniej ods\u0142ony projektu w 2025 roku, odpowiedzi udzielone zostan\u0105 do 48 godzin po otrzymaniu wiadomo\u015bci, zapisy z\u0142o\u017cone przed terminem rozpocz\u0119cia rekrutacji nie b\u0119d\u0105 uwzgl\u0119dnione!)<br \/>\n<strong>Start:<\/strong> 2 marca<\/p>\n<p>&nbsp;<\/p>\n<h3><strong>ZAJ\u0118CIA DLA KOBIET PO PORODZIE Z DZIE\u0106MI (PO ZAKO\u0143CZENIU PO\u0141OGU &#8211; PO 6 TYGODNIU OD PORODU)<\/strong><\/h3>\n<p>Powr\u00f3\u0107 do pe\u0142nej sprawno\u015bci w spos\u00f3b bezpieczny, m\u0105dry i wspieraj\u0105cy Tw\u00f3j organizm po trudach ci\u0105\u017cy oraz porodu. Zaj\u0119cia prowadzone przez fizjoterapeutk\u0119 koncentruj\u0105 si\u0119 na funkcjonalnej regeneracji cia\u0142a, ze szczeg\u00f3lnym uwzgl\u0119dnieniem mi\u0119\u015bni brzucha oraz mi\u0119\u015bni dna miednicy. Program treningowy pomaga przywr\u00f3ci\u0107 prawid\u0142ow\u0105 postaw\u0119 cia\u0142a, kt\u00f3ra cz\u0119sto ulega zmianie podczas opieki nad niemowl\u0119ciem, oraz wzmocni\u0107 r\u0119ce i plecy, odci\u0105\u017caj\u0105c je w codziennych czynno\u015bciach. Wielk\u0105 zalet\u0105 zaj\u0119\u0107 jest mo\u017cliwo\u015b\u0107 \u0107wiczenia razem z dzieckiem \u2013 maluch mo\u017ce towarzyszy\u0107 Ci na macie, a w wybranych elementach treningu stawa\u0107 si\u0119 Twoim \u201enajs\u0142odszym obci\u0105\u017ceniem\u201d, co dodatkowo pog\u0142\u0119bia Wasz\u0105 wi\u0119\u017a. To doskona\u0142a okazja, aby wyj\u015b\u0107 z domu, zadba\u0107 o swoj\u0105 sylwetk\u0119 i kondycj\u0119 psychiczn\u0105 w atmosferze pe\u0142nego zrozumienia dla potrzeb m\u0142odej mamy i jej dziecka. Pod okiem profesjonalistki dowiesz si\u0119, jak bezpiecznie uprawia\u0107 sport po porodzie, aby cieszy\u0107 si\u0119 zdrowiem i energi\u0105 na ka\u017cdym etapie macierzy\u0144stwa, korzystaj\u0105c z wiedzy fizjoterapeutycznej dostosowanej do Twojego stanu zdrowia.<\/p>\n<p><strong>Lokalizacja:<\/strong> Twoja Przestrze\u0144 przy ul. Fieldorfa 6\/1<br \/>\n<strong>Termin:<\/strong> poniedzia\u0142ki w godzinach 09:00 \u2013 10:00<br \/>\n<strong>Zapisy:<\/strong> w formie wiadomo\u015bci e-mail o tre\u015bci imi\u0119, nazwisko, numer fyrtla, nazwa zaj\u0119\u0107, lokalizacja zaj\u0119\u0107 na adres kobieca.strefa@interia.pl (od dnia 24 lutego w godzinach 9:00 \u2013 19:00 dla os\u00f3b, kt\u00f3re nie uczestniczy\u0142y w danych zaj\u0119ciach w 2025 roku, od dnia 26 lutego w godzinach 9:00 \u2013 19:00 zapisy dla pozosta\u0142ych os\u00f3b, w tym r\u00f3wnie\u017c uczestnicz\u0105cych w danych zaj\u0119ciach w ramach wiosennej oraz letniej ods\u0142ony projektu w 2025 roku, odpowiedzi udzielone zostan\u0105 do 48 godzin po otrzymaniu wiadomo\u015bci, zapisy z\u0142o\u017cone przed terminem rozpocz\u0119cia rekrutacji nie b\u0119d\u0105 uwzgl\u0119dnione!)<br \/>\n<strong>Start:<\/strong> 2 marca<\/p>\n<hr \/>\n<h3><strong>ZAPOZNAJ SI\u0118!<\/strong><\/h3>\n<p><strong>Program Nasz Sportowy Fyrtel na terenie rejonu nr 2 przeznaczony jest tylko i wy\u0142\u0105cznie dla mieszka\u0144c\u00f3w Miasta Poznania zamieszka\u0142ych w obr\u0119bie dzielnicy Kiekrz, Krzy\u017cowniki \u2013 Smochowice, Strzeszyn i Podolany!<\/strong><\/p>\n<ul>\n<li><strong>Regulamin, kt\u00f3rego akceptacja jest niezb\u0119dna do udzia\u0142u w zaj\u0119ciach sportowo \u2013 rekreacyjnych, wydarzeniach czy innych aktywno\u015bciach w ramach projektu Nasz Sportowy Fyrtel znajdziesz\u00a0<a href=\"https:\/\/sportowyfyrtel.pl\/2\/regulamin\/\">TUTAJ<\/a>.<\/strong><\/li>\n<li><strong>O\u015bwiadczenie uczestnika, kt\u00f3rego wype\u0142nienie jest niezb\u0119dne do udzia\u0142u w naszych zaj\u0119ciach, a kt\u00f3re nale\u017cy starannie i czytelnie wype\u0142ni\u0107, a nast\u0119pnie zwr\u00f3ci\u0107 trenerowi lub instruktorowi pobierzesz\u00a0<a href=\"https:\/\/sportowyfyrtel.pl\/2\/do-pobrania\/\">TUTAJ<\/a>.<\/strong><\/li>\n<li><strong>Plan zaj\u0119\u0107, kt\u00f3ry nale\u017cy \u015bledzi\u0107 \u017ceby sprawdzi\u0107 czy dane zaj\u0119cia nie zosta\u0142y odwo\u0142ane dost\u0119pny jest\u00a0<a href=\"https:\/\/sportowyfyrtel.pl\/2\/godziny-zajec\/\">TUTAJ<\/a>.<\/strong><\/li>\n<li><strong>Opis zaj\u0119\u0107, gdzie mo\u017cecie zapozna\u0107 si\u0119 r\u00f3wnie\u017c z informacjami o danych zaj\u0119ciach, lokalizacj\u0105, a tak\u017ce form\u0105 zapis\u00f3w czeka na Was\u00a0<a href=\"https:\/\/sportowyfyrtel.pl\/2\/opis-zajec\/\">TUTAJ<\/a>.<\/strong><\/li>\n<li><strong>Kliknijcie\u00a0<a href=\"https:\/\/www.facebook.com\/groups\/fyrtel2\">TUTAJ<\/a>, \u017ce do\u0142\u0105czy\u0107 do grupy na portalu Facebook dedykowanej mieszka\u0144com dzielnicy Kiekrz, Krzy\u017cowniki \u2013 Smochowice, Strzeszyn i Podolany, gdzie znajdziecie relacje z zaj\u0119\u0107 czy innych organizowanych aktywno\u015bci, zapowiedzi, komunikaty, a tak\u017ce og\u0142oszenia dotycz\u0105ce realizacji projektu w 2026 roku.<\/strong><\/li>\n<li><strong>Je\u017celi nadal macie jakiekolwiek w\u0105tpliwo\u015bci to zapoznajcie si\u0119 z nasz\u0105 sekcj\u0105 Pyta\u0144 i odpowiedzi, kt\u00f3ra jest dla dost\u0119pna\u00a0<a href=\"https:\/\/sportowyfyrtel.pl\/faq\/\">TUTAJ<\/a>.<\/strong><\/li>\n<\/ul>\n<p><strong>Projekt finansowany ze \u015brodk\u00f3w Wydzia\u0142u Sportu Urz\u0119du Miasta Poznania w ramach Pozna\u0144skiego Bud\u017cetu Obywatelskiego 2026 dzi\u0119ki g\u0142osom mieszka\u0144c\u00f3w Poznania!<\/strong><\/p>\n<p><strong>Problemy czy pytania kierujcie na adres e-mail: 2@sportowyfyrtel.pl, a my postaramy si\u0119 Wam pom\u00f3c najszybciej mo\u017cemy!<\/strong><\/p>\n","protected":false},"excerpt":{"rendered":"<p>Czo\u0142em Fyrtel nr 2!\u00a0 Zapraszamy dzieci, m\u0142odzie\u017c, doros\u0142ych i senior\u00f3w zamieszka\u0142ych na terenie dzielnic Kiekrz, Krzy\u017cowniki \u2013 Smochowice, Strzeszyn i Podolany do wsp\u00f3lnej aktywno\u015bci w poni\u017cszych zaj\u0119ciach sportowo \u2013 rekreacyjnych w ramach tegorocznej edycji programu Nasz Sportowy Fyrtel. Zapro\u015bcie rodzin\u0119, znajomych i s\u0105siad\u00f3w \u2014 do\u0142\u0105czcie do nas i zadbajcie o form\u0119 cia\u0142a oraz ducha podczas [&#8230;]<\/p>\n<p><a class=\"btn btn-secondary understrap-read-more-link\" href=\"https:\/\/sportowyfyrtel.pl\/2\/2026\/02\/19\/darmowa-aktywnosc-dla-kobiet-w-ciazy-i-po-porodzie-wraca-do-twojej-przestrzeni-przy-ul-fieldorfa-6-1\/\">Czytaj dalej\u2026<\/a><\/p>\n","protected":false},"author":9,"featured_media":0,"comment_status":"closed","ping_status":"closed","sticky":false,"template":"","format":"standard","meta":{"footnotes":""},"categories":[1],"tags":[],"_links":{"self":[{"href":"https:\/\/sportowyfyrtel.pl\/2\/wp-json\/wp\/v2\/posts\/1891"}],"collection":[{"href":"https:\/\/sportowyfyrtel.pl\/2\/wp-json\/wp\/v2\/posts"}],"about":[{"href":"https:\/\/sportowyfyrtel.pl\/2\/wp-json\/wp\/v2\/types\/post"}],"author":[{"embeddable":true,"href":"https:\/\/sportowyfyrtel.pl\/2\/wp-json\/wp\/v2\/users\/9"}],"replies":[{"embeddable":true,"href":"https:\/\/sportowyfyrtel.pl\/2\/wp-json\/wp\/v2\/comments?post=1891"}],"version-history":[{"count":5,"href":"https:\/\/sportowyfyrtel.pl\/2\/wp-json\/wp\/v2\/posts\/1891\/revisions"}],"predecessor-version":[{"id":1969,"href":"https:\/\/sportowyfyrtel.pl\/2\/wp-json\/wp\/v2\/posts\/1891\/revisions\/1969"}],"wp:attachment":[{"href":"https:\/\/sportowyfyrtel.pl\/2\/wp-json\/wp\/v2\/media?parent=1891"}],"wp:term":[{"taxonomy":"category","embeddable":true,"href":"https:\/\/sportowyfyrtel.pl\/2\/wp-json\/wp\/v2\/categories?post=1891"},{"taxonomy":"post_tag","embeddable":true,"href":"https:\/\/sportowyfyrtel.pl\/2\/wp-json\/wp\/v2\/tags?post=1891"}],"curies":[{"name":"wp","href":"https:\/\/api.w.org\/{rel}","templated":true}]}}