{"id":1765,"date":"2025-08-26T22:09:01","date_gmt":"2025-08-26T20:09:01","guid":{"rendered":"https:\/\/sportowyfyrtel.pl\/2\/?p=1765"},"modified":"2025-09-09T22:12:42","modified_gmt":"2025-09-09T20:12:42","slug":"dolaczcie-do-akademii-mlodego-sportowca-dla-dzieci-w-wieku-od-6-lat-na-terenie-kompleksu-sportowo-rekreacyjnego-przy-ul-braniewskiej-23","status":"publish","type":"post","link":"https:\/\/sportowyfyrtel.pl\/2\/2025\/08\/26\/dolaczcie-do-akademii-mlodego-sportowca-dla-dzieci-w-wieku-od-6-lat-na-terenie-kompleksu-sportowo-rekreacyjnego-przy-ul-braniewskiej-23\/","title":{"rendered":"Do\u0142\u0105czcie do Akademii M\u0142odego Sportowca dla dzieci w wieku od 6 lat na terenie kompleksu sportowo &#8211; rekreacyjnego przy ul. Braniewskiej 23!"},"content":{"rendered":"<p>Czo\u0142em Fyrtel nr 2! Nie zwalniamy tempa i zapraszamy dzieci, m\u0142odzie\u017c, doros\u0142ych i senior\u00f3w zamieszkuj\u0105cych rejon Kiekrz, Krzy\u017cowniki \u2013 Smochowice, Strzeszyn, a tak\u017ce Podolany do wsp\u00f3lnej aktywno\u015bci w ramach tegorocznej edycji programu Nasz Sportowy Fyrtel! Do\u0142\u0105cz do nas i zadbaj o form\u0119 cia\u0142a oraz ducha w trakcie kolejnych darmowych zaj\u0119\u0107, kt\u00f3re w wyniku wsp\u00f3\u0142pracy z Radami Osiedla po raz kolejny ale mamy nadziej\u0119 nie ostatni go\u015bci\u0107 b\u0119d\u0105 na terenie Waszej dzielnicy w 2025 roku!<\/p>\n<hr \/>\n<h3><strong>AKADEMIA M\u0141ODEGO SPORTOWCA DLA DZIECI W WIEKU OD 6 LAT<\/strong><\/h3>\n<p>Akademia M\u0142odego Sportowca to cykl zaj\u0119\u0107 og\u00f3lnorozwojowych przeznaczonych dla dzieci od 6. roku \u017cycia, kt\u00f3re chc\u0105 aktywnie sp\u0119dza\u0107 czas, rozwija\u0107 swoje umiej\u0119tno\u015bci sportowe i \u015bwietnie si\u0119 bawi\u0107. Spotykamy si\u0119 w nowoczesnym kompleksie sportowo-rekreacyjnym przy ul. Braniewskiej 23 w Poznaniu, kt\u00f3ry zapewnia doskona\u0142e warunki do nauki, zabawy i ruchu. Podczas zaj\u0119\u0107 stawiamy na r\u00f3\u017cnorodno\u015b\u0107 aktywno\u015bci sportowych, dzi\u0119ki czemu dzieci maj\u0105 okazj\u0119 spr\u00f3bowa\u0107 swoich si\u0142 w wielu dyscyplinach, takich jak \u0107wiczenia og\u00f3lnorozwojowe, gry i zabawy ruchowe, elementy lekkoatletyki, gimnastyki oraz sport\u00f3w dru\u017cynowych. Program zosta\u0142 przygotowany tak, aby rozwija\u0107 koordynacj\u0119 ruchow\u0105, szybko\u015b\u0107, si\u0142\u0119, r\u00f3wnowag\u0119 i wytrzyma\u0142o\u015b\u0107, a jednocze\u015bnie kszta\u0142towa\u0107 zdrowe nawyki zwi\u0105zane z aktywno\u015bci\u0105 fizyczn\u0105.<\/p>\n<p>Akademia to nie tylko sport, ale tak\u017ce budowanie pewno\u015bci siebie, nauka wsp\u00f3\u0142pracy w grupie i integracja z r\u00f3wie\u015bnikami. Poprzez zabaw\u0119 dzieci ucz\u0105 si\u0119 wytrwa\u0142o\u015bci, cierpliwo\u015bci i pozytywnego podej\u015bcia do aktywno\u015bci fizycznej, co procentuje w ich dalszym rozwoju fizycznym i spo\u0142ecznym.<\/p>\n<p><strong>Lokalizacja:<\/strong> Kompleks sportowo &#8211; rekreacyjny przy ul. Braniewskiej 23<br \/>\n<strong>Termin:<\/strong> \u015brody i pi\u0105tki w godzinach 16:00 \u2013 18:00<br \/>\n<strong>Zapisy:<\/strong> w formie e-mailowej na adres kontaktakademiaruchu@gmail.com<\/p>\n<hr \/>\n<p><strong>Program Nasz Sportowy Fyrtel na terenie rejonu nr 2 przeznaczony jest tylko i wy\u0142\u0105cznie mieszka\u0144com dzielnicy Kiekrz, Krzy\u017cowniki \u2013 Smochowice, Strzeszyn i Podolany!<\/strong><\/p>\n<ul>\n<li><strong>Regulamin, kt\u00f3rego akceptacja jest niezb\u0119dna do udzia\u0142u w zaj\u0119ciach sportowo \u2013 rekreacyjnych, wydarzeniach czy innych aktywno\u015bciach w ramach programu Nasz Sportowy Fyrtel znajdziesz\u00a0<a href=\"https:\/\/sportowyfyrtel.pl\/2\/regulamin\/\">TUTAJ<\/a>.<\/strong><\/li>\n<li><strong>O\u015bwiadczenie uczestnika, kt\u00f3rego wype\u0142nienie jest niezb\u0119dne do udzia\u0142u w zaj\u0119ciach, a kt\u00f3re nale\u017cy starannie i czytelnie wype\u0142ni\u0107, a nast\u0119pnie zwr\u00f3ci\u0107 trenerowi lub instruktorowi pobierzesz\u00a0<a href=\"https:\/\/sportowyfyrtel.pl\/2\/do-pobrania\/\">TUTAJ<\/a>.<\/strong><\/li>\n<li><strong>Plan zaj\u0119\u0107, kt\u00f3ry nale\u017cy \u015bledzi\u0107 \u017ceby sprawdzi\u0107 czy dane zaj\u0119cia nie zosta\u0142y odwo\u0142ane dost\u0119pny jest\u00a0<a href=\"https:\/\/sportowyfyrtel.pl\/2\/godziny-zajec\/\">TUTAJ<\/a>.<\/strong><\/li>\n<li><strong>Opis zaj\u0119\u0107, gdzie mo\u017cecie zapozna\u0107 si\u0119 r\u00f3wnie\u017c z informacjami o danych zaj\u0119ciach, lokalizacj\u0105, a tak\u017ce form\u0105 zapis\u00f3w czeka na Was\u00a0<a href=\"https:\/\/sportowyfyrtel.pl\/2\/opis-zajec\/\">TUTAJ<\/a>.<\/strong><\/li>\n<li><strong>Kliknijcie\u00a0<a href=\"https:\/\/www.facebook.com\/groups\/fyrtel2\">TUTAJ<\/a>, \u017ce do\u0142\u0105czy\u0107 do grupy na portalu Facebook dedykowanej uczestnikom zaj\u0119\u0107 na terenie rejonu nr 2, a jednocze\u015bnie mieszka\u0144com dzielnicy Kiekrz, Krzy\u017cowniki \u2013 Smochowice, Strzeszyn i Podolany, gdzie znajdziecie relacje z zaj\u0119\u0107 czy innych organizowanych aktywno\u015bci, zapowiedzi, komunikaty, a tak\u017ce og\u0142oszenia dotycz\u0105ce realizacji projektu w 2025 roku.<\/strong><\/li>\n<\/ul>\n<p><strong>Projekt finansowany ze \u015brodk\u00f3w Wydzia\u0142u Sportu Urz\u0119du Miasta Poznania w ramach Pozna\u0144skiego Bud\u017cetu Obywatelskiego 2025 dzi\u0119ki g\u0142osom mieszka\u0144c\u00f3w Poznania!<\/strong><\/p>\n<p><strong>Problemy, pytania i w\u0105tpliwo\u015bci kierujcie na adres e-mail: 2@sportowyfyrtel.pl.<\/strong><\/p>\n","protected":false},"excerpt":{"rendered":"<p>Czo\u0142em Fyrtel nr 2! Nie zwalniamy tempa i zapraszamy dzieci, m\u0142odzie\u017c, doros\u0142ych i senior\u00f3w zamieszkuj\u0105cych rejon Kiekrz, Krzy\u017cowniki \u2013 Smochowice, Strzeszyn, a tak\u017ce Podolany do wsp\u00f3lnej aktywno\u015bci w ramach tegorocznej edycji programu Nasz Sportowy Fyrtel! Do\u0142\u0105cz do nas i zadbaj o form\u0119 cia\u0142a oraz ducha w trakcie kolejnych darmowych zaj\u0119\u0107, kt\u00f3re w wyniku wsp\u00f3\u0142pracy z [&#8230;]<\/p>\n<p><a class=\"btn btn-secondary understrap-read-more-link\" href=\"https:\/\/sportowyfyrtel.pl\/2\/2025\/08\/26\/dolaczcie-do-akademii-mlodego-sportowca-dla-dzieci-w-wieku-od-6-lat-na-terenie-kompleksu-sportowo-rekreacyjnego-przy-ul-braniewskiej-23\/\">Czytaj dalej\u2026<\/a><\/p>\n","protected":false},"author":9,"featured_media":0,"comment_status":"closed","ping_status":"closed","sticky":false,"template":"","format":"standard","meta":{"footnotes":""},"categories":[1],"tags":[],"_links":{"self":[{"href":"https:\/\/sportowyfyrtel.pl\/2\/wp-json\/wp\/v2\/posts\/1765"}],"collection":[{"href":"https:\/\/sportowyfyrtel.pl\/2\/wp-json\/wp\/v2\/posts"}],"about":[{"href":"https:\/\/sportowyfyrtel.pl\/2\/wp-json\/wp\/v2\/types\/post"}],"author":[{"embeddable":true,"href":"https:\/\/sportowyfyrtel.pl\/2\/wp-json\/wp\/v2\/users\/9"}],"replies":[{"embeddable":true,"href":"https:\/\/sportowyfyrtel.pl\/2\/wp-json\/wp\/v2\/comments?post=1765"}],"version-history":[{"count":1,"href":"https:\/\/sportowyfyrtel.pl\/2\/wp-json\/wp\/v2\/posts\/1765\/revisions"}],"predecessor-version":[{"id":1766,"href":"https:\/\/sportowyfyrtel.pl\/2\/wp-json\/wp\/v2\/posts\/1765\/revisions\/1766"}],"wp:attachment":[{"href":"https:\/\/sportowyfyrtel.pl\/2\/wp-json\/wp\/v2\/media?parent=1765"}],"wp:term":[{"taxonomy":"category","embeddable":true,"href":"https:\/\/sportowyfyrtel.pl\/2\/wp-json\/wp\/v2\/categories?post=1765"},{"taxonomy":"post_tag","embeddable":true,"href":"https:\/\/sportowyfyrtel.pl\/2\/wp-json\/wp\/v2\/tags?post=1765"}],"curies":[{"name":"wp","href":"https:\/\/api.w.org\/{rel}","templated":true}]}}