{"id":1450,"date":"2025-02-23T11:38:22","date_gmt":"2025-02-23T10:38:22","guid":{"rendered":"https:\/\/sportowyfyrtel.pl\/2\/?p=1450"},"modified":"2025-02-24T20:43:51","modified_gmt":"2025-02-24T19:43:51","slug":"kije-w-dlon-i-zapraszamy-do-udzialu-w-kolejnych-zajeciach-typu-nordic-walking-na-terenie-kiekrza-krzyzownik-smochowic-strzeszyna-a-takze-podolan","status":"publish","type":"post","link":"https:\/\/sportowyfyrtel.pl\/2\/2025\/02\/23\/kije-w-dlon-i-zapraszamy-do-udzialu-w-kolejnych-zajeciach-typu-nordic-walking-na-terenie-kiekrza-krzyzownik-smochowic-strzeszyna-a-takze-podolan\/","title":{"rendered":"Kije w d\u0142o\u0144 i zapraszamy do udzia\u0142u w bezp\u0142atnych zaj\u0119ciach typu Nordic Walking na terenie Kiekrza, Krzy\u017cownik \u2013 Smochowic, Strzeszyna, a tak\u017ce Podolan!"},"content":{"rendered":"<p>Czo\u0142em Fyrtel nr 2! Nie zwalniamy tempa i zapraszamy dzieci, m\u0142odzie\u017c, doros\u0142ych i senior\u00f3w zamieszkuj\u0105cych rejon Kiekrz, Krzy\u017cowniki \u2013 Smochowice, Strzeszyn, a tak\u017ce Podolany do wsp\u00f3lnej aktywno\u015bci w ramach tegorocznej edycji programu Nasz Sportowy Fyrtel! Do\u0142\u0105cz do nas i zadbaj o form\u0119 cia\u0142a oraz ducha w trakcie kolejnych darmowych zaj\u0119\u0107, kt\u00f3re w wyniku wsp\u00f3\u0142pracy z Radami Osiedla po raz kolejny ale mamy nadziej\u0119 nie ostatni go\u015bci\u0107 b\u0119d\u0105 na terenie Waszej dzielnicy w 2025 roku!<\/p>\n<hr \/>\n<h3><strong>NORDIC WALKING<\/strong><\/h3>\n<p>Zaj\u0119cia Nordic Walking w ramach programu Nasz Sportowy Fyrtel to doskona\u0142y spos\u00f3b na aktywno\u015b\u0107 ruchow\u0105 w naturalnym otoczeniu, popraw\u0119 kondycji oraz wzmocnienie ca\u0142ego cia\u0142a. Nordic Walking to technika marszu z wykorzystaniem specjalnych kij\u00f3w, kt\u00f3ra anga\u017cuje do pracy a\u017c 90% mi\u0119\u015bni, poprawia wydolno\u015b\u0107 organizmu i odci\u0105\u017ca stawy. Dzi\u0119ki temu jest to bezpieczna i skuteczna forma aktywno\u015bci dla os\u00f3b w ka\u017cdym wieku, niezale\u017cnie od poziomu sprawno\u015bci.<\/p>\n<p>Regularne uczestnictwo w zaj\u0119ciach przyczynia si\u0119 do poprawy koordynacji ruchowej, zwi\u0119kszenia si\u0142y mi\u0119\u015bniowej i wytrzyma\u0142o\u015bci, a tak\u017ce redukcji napi\u0119\u0107 w kr\u0119gos\u0142upie. Nordic Walking pozytywnie wp\u0142ywa r\u00f3wnie\u017c na uk\u0142ad sercowo-naczyniowy, wspomaga spalanie kalorii oraz poprawia samopoczucie i nastr\u00f3j. Zaj\u0119cia odbywaj\u0105 si\u0119 w grupie, co dodatkowo sprzyja budowaniu pozytywnej energii i motywacji do ruchu.<\/p>\n<p>Do\u0142\u0105cz do nas i odkryj przyjemno\u015b\u0107 aktywno\u015bci na \u015bwie\u017cym powietrzu, czerpi\u0105c maksymalne korzy\u015bci dla zdrowia i dobrej formy!<\/p>\n<p><strong>Lokalizacja:<\/strong> Zbi\u00f3rka &#8211; parking przy ul. Braniewskiej 23<br \/>\n<strong>Termin:<\/strong> poniedzia\u0142ki w godzinach 9:00 &#8211; 10:00 i 10:15 &#8211; 11:15<br \/>\n<strong>Zapisy:<\/strong>\u00a0w formie SMS pod nr tel. 791874022 (od dnia 26 lutego od godziny 8:00 dla os\u00f3b, kt\u00f3re nie uczestniczy\u0142y w danych zaj\u0119ciach w 2024 roku, od dnia 27 lutego od godziny 8:00 zapisy dla pozosta\u0142ych os\u00f3b, w tym r\u00f3wnie\u017c uczestnicz\u0105cych w danych zaj\u0119ciach w ramach wiosennej oraz letniej ods\u0142ony projektu w 2024 roku, odpowiedzi udzielone zostan\u0105 do 24 godzin po otrzymaniu wiadomo\u015bci SMS, zapisy z\u0142o\u017cone przed terminem rozpocz\u0119cia rekrutacji nie b\u0119d\u0105 uwzgl\u0119dnione!)<strong><br \/>\n<\/strong><strong>Start:<\/strong> 3 marca<\/p>\n<p><strong>Lokalizacja:<\/strong> Zbi\u00f3rka &#8211; skrzy\u017cowanie ul. Krajeneckiej i ul. Koszali\u0144skiej (wej\u015bcie na ROD Strzeszyn)<br \/>\n<strong>Termin:<\/strong> dla pocz\u0105tkuj\u0105cych uczestnik\u00f3w w soboty w godzinach 9:00 &#8211; 10:30, dla zaawansowanych uczestnik\u00f3w w soboty w godzinach 10:30 &#8211; 12:00<br \/>\n<strong>Zapisy:<\/strong> w formie SMS pod nr tel. 791276967\u00a0(od dnia 27 lutego w godzinach 9:00 \u2013 19:00 dla os\u00f3b, kt\u00f3re nie uczestniczy\u0142y w danych zaj\u0119ciach w 2024 roku, od dnia 28 lutego w godzinach 9:00 \u2013 19:00 zapisy dla pozosta\u0142ych os\u00f3b, w tym r\u00f3wnie\u017c uczestnicz\u0105cych w danych zaj\u0119ciach w ramach wiosennej oraz letniej ods\u0142ony projektu w 2024 roku, zapisy z\u0142o\u017cone przed terminem rozpocz\u0119cia rekrutacji nie b\u0119d\u0105 uwzgl\u0119dnione!)<strong><br \/>\n<\/strong><strong>Start:<\/strong>\u00a03 marca<\/p>\n<p><strong>Lokalizacja:<\/strong> Zbi\u00f3rka &#8211; Boisko do koszyk\u00f3wki w Parku Aktywno\u015bci Fizycznej przy ul. Druskienickiej<br \/>\n<strong>Termin:<\/strong> czwartki w godzinach 17:30 &#8211; 19:00<br \/>\n<strong>Zapisy:<\/strong> w formie SMS pod nr tel. 602422469 (od dnia 27 lutego w godzinach 9:00 \u2013 19:00 dla os\u00f3b, kt\u00f3re nie uczestniczy\u0142y w danych zaj\u0119ciach w 2024 roku, od dnia 28 lutego w godzinach 9:00 \u2013 19:00 zapisy dla pozosta\u0142ych os\u00f3b, w tym r\u00f3wnie\u017c uczestnicz\u0105cych w danych zaj\u0119ciach w ramach wiosennej oraz letniej ods\u0142ony projektu w 2024 roku, zapisy z\u0142o\u017cone przed terminem rozpocz\u0119cia rekrutacji nie b\u0119d\u0105 uwzgl\u0119dnione!)<strong><br \/>\n<\/strong><strong>Start:<\/strong>\u00a03 marca<\/p>\n<p><strong>Lokalizacja:<\/strong> Zbi\u00f3rka &#8211; Pla\u017ca \u0141ab\u0119dzia przy ul. Nad Jeziorem<br \/>\n<strong>Termin:<\/strong> niedziele w godzinach 10:00 &#8211; 11:30<br \/>\n<strong>Zapisy:<\/strong> w formie SMS pod nr tel. 602422469 (od dnia 27 lutego w godzinach 9:00 \u2013 19:00 dla os\u00f3b, kt\u00f3re nie uczestniczy\u0142y w danych zaj\u0119ciach w 2024 roku, od dnia 28 lutego w godzinach 9:00 \u2013 19:00 zapisy dla pozosta\u0142ych os\u00f3b, w tym r\u00f3wnie\u017c uczestnicz\u0105cych w danych zaj\u0119ciach w ramach wiosennej oraz letniej ods\u0142ony projektu w 2024 roku, zapisy z\u0142o\u017cone przed terminem rozpocz\u0119cia rekrutacji nie b\u0119d\u0105 uwzgl\u0119dnione!)<strong><br \/>\n<\/strong><strong>Start:<\/strong>\u00a03 marca<\/p>\n<p><strong>Lokalizacja:<\/strong> Zbi\u00f3rka &#8211; parking przy ul. Braniewskiej 23<br \/>\n<strong>Termin:<\/strong> \u015brody w godzinach 9:00 &#8211; 10:00<br \/>\n<strong>Zapisy:<\/strong> w formie SMS pod nr tel. 602422469 (od dnia 27 lutego w godzinach 9:00 \u2013 19:00 dla os\u00f3b, kt\u00f3re nie uczestniczy\u0142y w danych zaj\u0119ciach w 2024 roku, od dnia 28 lutego w godzinach 9:00 \u2013 19:00 zapisy dla pozosta\u0142ych os\u00f3b, w tym r\u00f3wnie\u017c uczestnicz\u0105cych w danych zaj\u0119ciach w ramach wiosennej oraz letniej ods\u0142ony projektu w 2024 roku, zapisy z\u0142o\u017cone przed terminem rozpocz\u0119cia rekrutacji nie b\u0119d\u0105 uwzgl\u0119dnione!)<strong><br \/>\n<\/strong><strong>Start:<\/strong>\u00a03 marca<\/p>\n<hr \/>\n<p><strong>Program Nasz Sportowy Fyrtel na terenie rejonu nr 2 przeznaczony jest tylko i wy\u0142\u0105cznie mieszka\u0144com dzielnicy Kiekrz, Krzy\u017cowniki \u2013 Smochowice, Strzeszyn i Podolany!<\/strong><\/p>\n<ul>\n<li><strong>Regulamin, kt\u00f3rego akceptacja jest niezb\u0119dna do udzia\u0142u w zaj\u0119ciach sportowo \u2013 rekreacyjnych, wydarzeniach czy innych aktywno\u015bciach w ramach programu Nasz Sportowy Fyrtel znajdziesz\u00a0<a href=\"https:\/\/sportowyfyrtel.pl\/2\/regulamin\/\">TUTAJ<\/a>.<\/strong><\/li>\n<li><strong>O\u015bwiadczenie uczestnika, kt\u00f3rego wype\u0142nienie jest niezb\u0119dne do udzia\u0142u w zaj\u0119ciach, a kt\u00f3re nale\u017cy starannie i czytelnie wype\u0142ni\u0107, a nast\u0119pnie zwr\u00f3ci\u0107 trenerowi lub instruktorowi pobierzesz\u00a0<a href=\"https:\/\/sportowyfyrtel.pl\/2\/do-pobrania\/\">TUTAJ<\/a>.<\/strong><\/li>\n<li><strong>Plan zaj\u0119\u0107, kt\u00f3ry nale\u017cy \u015bledzi\u0107 \u017ceby sprawdzi\u0107 czy dane zaj\u0119cia nie zosta\u0142y odwo\u0142ane dost\u0119pny jest\u00a0<a href=\"https:\/\/sportowyfyrtel.pl\/2\/godziny-zajec\/\">TUTAJ<\/a>.<\/strong><\/li>\n<li><strong>Opis zaj\u0119\u0107, gdzie mo\u017cecie zapozna\u0107 si\u0119 r\u00f3wnie\u017c z informacjami o danych zaj\u0119ciach, lokalizacj\u0105, a tak\u017ce form\u0105 zapis\u00f3w czeka na Was\u00a0<a href=\"https:\/\/sportowyfyrtel.pl\/2\/opis-zajec\/\">TUTAJ<\/a>.<\/strong><\/li>\n<li><strong>Kliknijcie\u00a0<a href=\"https:\/\/www.facebook.com\/groups\/fyrtel2\">TUTAJ<\/a>, \u017ce do\u0142\u0105czy\u0107 do grupy na portalu Facebook dedykowanej uczestnikom zaj\u0119\u0107 na terenie rejonu nr 2, a jednocze\u015bnie mieszka\u0144com dzielnicy Kiekrz, Krzy\u017cowniki \u2013 Smochowice, Strzeszyn i Podolany, gdzie znajdziecie relacje z zaj\u0119\u0107 czy innych organizowanych aktywno\u015bci, zapowiedzi, komunikaty, a tak\u017ce og\u0142oszenia dotycz\u0105ce realizacji projektu w 2025 roku.<\/strong><\/li>\n<\/ul>\n<p><strong>Projekt finansowany ze \u015brodk\u00f3w Wydzia\u0142u Sportu Urz\u0119du Miasta Poznania w ramach Pozna\u0144skiego Bud\u017cetu Obywatelskiego 2025 dzi\u0119ki g\u0142osom mieszka\u0144c\u00f3w Poznania!<\/strong><\/p>\n<p><strong>Problemy, pytania i w\u0105tpliwo\u015bci kierujcie na adres e-mail: 2@sportowyfyrtel.pl.<\/strong><\/p>\n","protected":false},"excerpt":{"rendered":"<p>Czo\u0142em Fyrtel nr 2! Nie zwalniamy tempa i zapraszamy dzieci, m\u0142odzie\u017c, doros\u0142ych i senior\u00f3w zamieszkuj\u0105cych rejon Kiekrz, Krzy\u017cowniki \u2013 Smochowice, Strzeszyn, a tak\u017ce Podolany do wsp\u00f3lnej aktywno\u015bci w ramach tegorocznej edycji programu Nasz Sportowy Fyrtel! Do\u0142\u0105cz do nas i zadbaj o form\u0119 cia\u0142a oraz ducha w trakcie kolejnych darmowych zaj\u0119\u0107, kt\u00f3re w wyniku wsp\u00f3\u0142pracy z [&#8230;]<\/p>\n<p><a class=\"btn btn-secondary understrap-read-more-link\" href=\"https:\/\/sportowyfyrtel.pl\/2\/2025\/02\/23\/kije-w-dlon-i-zapraszamy-do-udzialu-w-kolejnych-zajeciach-typu-nordic-walking-na-terenie-kiekrza-krzyzownik-smochowic-strzeszyna-a-takze-podolan\/\">Czytaj dalej\u2026<\/a><\/p>\n","protected":false},"author":9,"featured_media":0,"comment_status":"closed","ping_status":"closed","sticky":false,"template":"","format":"standard","meta":{"footnotes":""},"categories":[1],"tags":[],"_links":{"self":[{"href":"https:\/\/sportowyfyrtel.pl\/2\/wp-json\/wp\/v2\/posts\/1450"}],"collection":[{"href":"https:\/\/sportowyfyrtel.pl\/2\/wp-json\/wp\/v2\/posts"}],"about":[{"href":"https:\/\/sportowyfyrtel.pl\/2\/wp-json\/wp\/v2\/types\/post"}],"author":[{"embeddable":true,"href":"https:\/\/sportowyfyrtel.pl\/2\/wp-json\/wp\/v2\/users\/9"}],"replies":[{"embeddable":true,"href":"https:\/\/sportowyfyrtel.pl\/2\/wp-json\/wp\/v2\/comments?post=1450"}],"version-history":[{"count":3,"href":"https:\/\/sportowyfyrtel.pl\/2\/wp-json\/wp\/v2\/posts\/1450\/revisions"}],"predecessor-version":[{"id":1513,"href":"https:\/\/sportowyfyrtel.pl\/2\/wp-json\/wp\/v2\/posts\/1450\/revisions\/1513"}],"wp:attachment":[{"href":"https:\/\/sportowyfyrtel.pl\/2\/wp-json\/wp\/v2\/media?parent=1450"}],"wp:term":[{"taxonomy":"category","embeddable":true,"href":"https:\/\/sportowyfyrtel.pl\/2\/wp-json\/wp\/v2\/categories?post=1450"},{"taxonomy":"post_tag","embeddable":true,"href":"https:\/\/sportowyfyrtel.pl\/2\/wp-json\/wp\/v2\/tags?post=1450"}],"curies":[{"name":"wp","href":"https:\/\/api.w.org\/{rel}","templated":true}]}}