{"id":1447,"date":"2025-02-23T11:27:51","date_gmt":"2025-02-23T10:27:51","guid":{"rendered":"https:\/\/sportowyfyrtel.pl\/2\/?p=1447"},"modified":"2025-02-24T20:43:47","modified_gmt":"2025-02-24T19:43:47","slug":"dolacz-do-nas-zapraszamy-do-udzialu-w-zajeciach-typu-ksztaltowanie-sylwetki-oraz-zdrowy-kregoslup-w-sali-przy-ul-sanockiej-15-2","status":"publish","type":"post","link":"https:\/\/sportowyfyrtel.pl\/2\/2025\/02\/23\/dolacz-do-nas-zapraszamy-do-udzialu-w-zajeciach-typu-ksztaltowanie-sylwetki-oraz-zdrowy-kregoslup-w-sali-przy-ul-sanockiej-15-2\/","title":{"rendered":"Do\u0142\u0105cz do nas! Zapraszamy do udzia\u0142u w zaj\u0119ciach typu Kszta\u0142towanie Sylwetki oraz Zdrowy Kr\u0119gos\u0142up w sali przy ul. Sanockiej 15!"},"content":{"rendered":"<p>Czo\u0142em Fyrtel nr 2! Nie zwalniamy tempa i zapraszamy dzieci, m\u0142odzie\u017c, doros\u0142ych i senior\u00f3w zamieszkuj\u0105cych rejon Kiekrz, Krzy\u017cowniki \u2013 Smochowice, Strzeszyn, a tak\u017ce Podolany do wsp\u00f3lnej aktywno\u015bci w ramach tegorocznej edycji programu Nasz Sportowy Fyrtel! Do\u0142\u0105cz do nas i zadbaj o form\u0119 cia\u0142a oraz ducha w trakcie kolejnych darmowych zaj\u0119\u0107, kt\u00f3re w wyniku wsp\u00f3\u0142pracy z Radami Osiedla po raz kolejny ale mamy nadziej\u0119 nie ostatni go\u015bci\u0107 b\u0119d\u0105 na terenie Waszej dzielnicy w 2025 roku!<\/p>\n<hr \/>\n<h3><strong>KSZTA\u0141TOWANIE SYLWETKI<\/strong><\/h3>\n<p>Zaj\u0119cia Kszta\u0142towanie Sylwetki w ramach programu Nasz Sportowy Fyrtel to kompleksowy trening og\u00f3lnorozwojowy, kt\u00f3ry pomaga w poprawie kondycji, wzmacnia mi\u0119\u015bnie i uj\u0119drnia cia\u0142o. W trakcie zaj\u0119\u0107 wykorzystujemy r\u00f3\u017cnorodne \u0107wiczenia si\u0142owe i wytrzyma\u0142o\u015bciowe, anga\u017cuj\u0105c kluczowe partie mi\u0119\u015bniowe \u2013 brzuch, uda, po\u015bladki oraz ramiona. Regularne uczestnictwo w treningach poprawia metabolizm, wspiera spalanie tkanki t\u0142uszczowej i modeluje sylwetk\u0119. To doskona\u0142a forma aktywno\u015bci zar\u00f3wno dla os\u00f3b pocz\u0105tkuj\u0105cych, jak i bardziej zaawansowanych, kt\u00f3re chc\u0105 zadba\u0107 o swoje cia\u0142o i dobre samopoczucie!<\/p>\n<p><strong>Lokalizacja:<\/strong> Sala przy ul. Santockiej 15<br \/>\n<strong>Termin:<\/strong> wtorki w godzinach 18:00 \u2013 19:00<br \/>\n<strong>Zapisy:<\/strong>\u00a0w formie SMS pod nr tel. 791874022 (od dnia 26 lutego od godziny 8:00 dla os\u00f3b, kt\u00f3re nie uczestniczy\u0142y w danych zaj\u0119ciach w 2024 roku, od dnia 27 lutego od godziny 8:00 zapisy dla pozosta\u0142ych os\u00f3b, w tym r\u00f3wnie\u017c uczestnicz\u0105cych w danych zaj\u0119ciach w ramach wiosennej oraz letniej ods\u0142ony projektu w 2024 roku, odpowiedzi udzielone zostan\u0105 do 24 godzin po otrzymaniu wiadomo\u015bci SMS, zapisy z\u0142o\u017cone przed terminem rozpocz\u0119cia rekrutacji nie b\u0119d\u0105 uwzgl\u0119dnione!)<strong><br \/>\n<\/strong><strong>Start:<\/strong>\u00a03 marca<\/p>\n<p>&nbsp;<\/p>\n<h3><strong>ZDROWY KR\u0118GOS\u0141UP<\/strong><\/h3>\n<p>Zaj\u0119cia Zdrowy Kr\u0119gos\u0142up w ramach programu Nasz Sportowy Fyrtel to trening profilaktyczny i wzmacniaj\u0105cy, kt\u00f3ry pomaga w utrzymaniu prawid\u0142owej postawy oraz redukcji dolegliwo\u015bci b\u00f3lowych. \u0106wiczenia koncentruj\u0105 si\u0119 na wzmacnianiu mi\u0119\u015bni g\u0142\u0119bokich, poprawie mobilno\u015bci oraz zwi\u0119kszeniu elastyczno\u015bci kr\u0119gos\u0142upa. Regularne uczestnictwo w zaj\u0119ciach poprawia stabilizacj\u0119 cia\u0142a, zapobiega przeci\u0105\u017ceniom i zwi\u0119ksza komfort codziennego funkcjonowania. To idealna forma aktywno\u015bci dla os\u00f3b prowadz\u0105cych siedz\u0105cy tryb \u017cycia, a tak\u017ce dla ka\u017cdego, kto chce zadba\u0107 o zdrowie swojego kr\u0119gos\u0142upa w bezpieczny i skuteczny spos\u00f3b!<\/p>\n<p><strong>Lokalizacja:<\/strong> Sala przy ul. Santockiej 15<br \/>\n<strong>Termin:<\/strong> wtorki w godzinach 19:00 \u2013 20:00<br \/>\n<strong>Zapisy:\u00a0<\/strong>w formie SMS pod nr tel. 791874022 (od dnia 26 lutego od godziny 8:00 dla os\u00f3b, kt\u00f3re nie uczestniczy\u0142y w danych zaj\u0119ciach w 2024 roku, od dnia 27 lutego od godziny 8:00 zapisy dla pozosta\u0142ych os\u00f3b, w tym r\u00f3wnie\u017c uczestnicz\u0105cych w danych zaj\u0119ciach w ramach wiosennej oraz letniej ods\u0142ony projektu w 2024 roku, odpowiedzi udzielone zostan\u0105 do 24 godzin po otrzymaniu wiadomo\u015bci SMS, zapisy z\u0142o\u017cone przed terminem rozpocz\u0119cia rekrutacji nie b\u0119d\u0105 uwzgl\u0119dnione!)<br \/>\n<strong>Start:<\/strong>\u00a03 marca<\/p>\n<hr \/>\n<p><strong>Program Nasz Sportowy Fyrtel na terenie rejonu nr 2 przeznaczony jest tylko i wy\u0142\u0105cznie mieszka\u0144com dzielnicy Kiekrz, Krzy\u017cowniki \u2013 Smochowice, Strzeszyn i Podolany!<\/strong><\/p>\n<ul>\n<li><strong>Regulamin, kt\u00f3rego akceptacja jest niezb\u0119dna do udzia\u0142u w zaj\u0119ciach sportowo \u2013 rekreacyjnych, wydarzeniach czy innych aktywno\u015bciach w ramach programu Nasz Sportowy Fyrtel znajdziesz\u00a0<a href=\"https:\/\/sportowyfyrtel.pl\/2\/regulamin\/\">TUTAJ<\/a>.<\/strong><\/li>\n<li><strong>O\u015bwiadczenie uczestnika, kt\u00f3rego wype\u0142nienie jest niezb\u0119dne do udzia\u0142u w zaj\u0119ciach, a kt\u00f3re nale\u017cy starannie i czytelnie wype\u0142ni\u0107, a nast\u0119pnie zwr\u00f3ci\u0107 trenerowi lub instruktorowi pobierzesz\u00a0<a href=\"https:\/\/sportowyfyrtel.pl\/2\/do-pobrania\/\">TUTAJ<\/a>.<\/strong><\/li>\n<li><strong>Plan zaj\u0119\u0107, kt\u00f3ry nale\u017cy \u015bledzi\u0107 \u017ceby sprawdzi\u0107 czy dane zaj\u0119cia nie zosta\u0142y odwo\u0142ane dost\u0119pny jest\u00a0<a href=\"https:\/\/sportowyfyrtel.pl\/2\/godziny-zajec\/\">TUTAJ<\/a>.<\/strong><\/li>\n<li><strong>Opis zaj\u0119\u0107, gdzie mo\u017cecie zapozna\u0107 si\u0119 r\u00f3wnie\u017c z informacjami o danych zaj\u0119ciach, lokalizacj\u0105, a tak\u017ce form\u0105 zapis\u00f3w czeka na Was\u00a0<a href=\"https:\/\/sportowyfyrtel.pl\/2\/opis-zajec\/\">TUTAJ<\/a>.<\/strong><\/li>\n<li><strong>Kliknijcie\u00a0<a href=\"https:\/\/www.facebook.com\/groups\/fyrtel2\">TUTAJ<\/a>, \u017ce do\u0142\u0105czy\u0107 do grupy na portalu Facebook dedykowanej uczestnikom zaj\u0119\u0107 na terenie rejonu nr 2, a jednocze\u015bnie mieszka\u0144com dzielnicy Kiekrz, Krzy\u017cowniki \u2013 Smochowice, Strzeszyn i Podolany, gdzie znajdziecie relacje z zaj\u0119\u0107 czy innych organizowanych aktywno\u015bci, zapowiedzi, komunikaty, a tak\u017ce og\u0142oszenia dotycz\u0105ce realizacji projektu w 2025 roku.<\/strong><\/li>\n<\/ul>\n<p><strong>Projekt finansowany ze \u015brodk\u00f3w Wydzia\u0142u Sportu Urz\u0119du Miasta Poznania w ramach Pozna\u0144skiego Bud\u017cetu Obywatelskiego 2025 dzi\u0119ki g\u0142osom mieszka\u0144c\u00f3w Poznania!<\/strong><\/p>\n<p><strong>Problemy, pytania i w\u0105tpliwo\u015bci kierujcie na adres e-mail: 2@sportowyfyrtel.pl.<\/strong><\/p>\n","protected":false},"excerpt":{"rendered":"<p>Czo\u0142em Fyrtel nr 2! Nie zwalniamy tempa i zapraszamy dzieci, m\u0142odzie\u017c, doros\u0142ych i senior\u00f3w zamieszkuj\u0105cych rejon Kiekrz, Krzy\u017cowniki \u2013 Smochowice, Strzeszyn, a tak\u017ce Podolany do wsp\u00f3lnej aktywno\u015bci w ramach tegorocznej edycji programu Nasz Sportowy Fyrtel! Do\u0142\u0105cz do nas i zadbaj o form\u0119 cia\u0142a oraz ducha w trakcie kolejnych darmowych zaj\u0119\u0107, kt\u00f3re w wyniku wsp\u00f3\u0142pracy z [&#8230;]<\/p>\n<p><a class=\"btn btn-secondary understrap-read-more-link\" href=\"https:\/\/sportowyfyrtel.pl\/2\/2025\/02\/23\/dolacz-do-nas-zapraszamy-do-udzialu-w-zajeciach-typu-ksztaltowanie-sylwetki-oraz-zdrowy-kregoslup-w-sali-przy-ul-sanockiej-15-2\/\">Czytaj dalej\u2026<\/a><\/p>\n","protected":false},"author":9,"featured_media":0,"comment_status":"closed","ping_status":"closed","sticky":false,"template":"","format":"standard","meta":{"footnotes":""},"categories":[1],"tags":[],"_links":{"self":[{"href":"https:\/\/sportowyfyrtel.pl\/2\/wp-json\/wp\/v2\/posts\/1447"}],"collection":[{"href":"https:\/\/sportowyfyrtel.pl\/2\/wp-json\/wp\/v2\/posts"}],"about":[{"href":"https:\/\/sportowyfyrtel.pl\/2\/wp-json\/wp\/v2\/types\/post"}],"author":[{"embeddable":true,"href":"https:\/\/sportowyfyrtel.pl\/2\/wp-json\/wp\/v2\/users\/9"}],"replies":[{"embeddable":true,"href":"https:\/\/sportowyfyrtel.pl\/2\/wp-json\/wp\/v2\/comments?post=1447"}],"version-history":[{"count":2,"href":"https:\/\/sportowyfyrtel.pl\/2\/wp-json\/wp\/v2\/posts\/1447\/revisions"}],"predecessor-version":[{"id":1512,"href":"https:\/\/sportowyfyrtel.pl\/2\/wp-json\/wp\/v2\/posts\/1447\/revisions\/1512"}],"wp:attachment":[{"href":"https:\/\/sportowyfyrtel.pl\/2\/wp-json\/wp\/v2\/media?parent=1447"}],"wp:term":[{"taxonomy":"category","embeddable":true,"href":"https:\/\/sportowyfyrtel.pl\/2\/wp-json\/wp\/v2\/categories?post=1447"},{"taxonomy":"post_tag","embeddable":true,"href":"https:\/\/sportowyfyrtel.pl\/2\/wp-json\/wp\/v2\/tags?post=1447"}],"curies":[{"name":"wp","href":"https:\/\/api.w.org\/{rel}","templated":true}]}}