{"id":1440,"date":"2025-02-23T11:13:31","date_gmt":"2025-02-23T10:13:31","guid":{"rendered":"https:\/\/sportowyfyrtel.pl\/2\/?p=1440"},"modified":"2025-02-24T20:43:41","modified_gmt":"2025-02-24T19:43:41","slug":"startuja-zajecia-typu-kobieca-sylwetka-na-terenie-szkoly-podstawowej-nr-1-przy-ul-hezjoda-15-oraz-twojej-przestrzeni-przy-ul-fieldorfa-6-1","status":"publish","type":"post","link":"https:\/\/sportowyfyrtel.pl\/2\/2025\/02\/23\/startuja-zajecia-typu-kobieca-sylwetka-na-terenie-szkoly-podstawowej-nr-1-przy-ul-hezjoda-15-oraz-twojej-przestrzeni-przy-ul-fieldorfa-6-1\/","title":{"rendered":"Startuj\u0105 zaj\u0119cia typu Kobieca sylwetka na terenie Szko\u0142y Podstawowej nr 1 przy ul. Hezjoda 15 oraz Twojej Przestrzeni przy ul. Fieldorfa 6\/1"},"content":{"rendered":"<p>Czo\u0142em Fyrtel nr 2! Nie zwalniamy tempa i zapraszamy dzieci, m\u0142odzie\u017c, doros\u0142ych i senior\u00f3w zamieszkuj\u0105cych rejon Kiekrz, Krzy\u017cowniki \u2013 Smochowice, Strzeszyn, a tak\u017ce Podolany do wsp\u00f3lnej aktywno\u015bci w ramach tegorocznej edycji programu Nasz Sportowy Fyrtel! Do\u0142\u0105cz do nas i zadbaj o form\u0119 cia\u0142a oraz ducha w trakcie kolejnych darmowych zaj\u0119\u0107, kt\u00f3re w wyniku wsp\u00f3\u0142pracy z Radami Osiedla po raz kolejny ale mamy nadziej\u0119 nie ostatni go\u015bci\u0107 b\u0119d\u0105 na terenie Waszej dzielnicy w 2025 roku!<\/p>\n<hr \/>\n<h3><strong>KOBIECA SYLWETKA<\/strong><\/h3>\n<p>Kobieca sylwetka \u2013 zaj\u0119cia wykorzystaniem \u0107wicze\u0144 wzmacniaj\u0105cych, wyszczuplaj\u0105cych i wytrzyma\u0142o\u015bciowych buduj\u0105ce form\u0119 na lato. Wzbogacone wykorzystaniem przybor\u00f3w oraz technik mobility. Zaj\u0119cia typu Kobieca sylwetka to specjalnie zaprojektowany program treningowy, kt\u00f3ry skupia si\u0119 na kszta\u0142towaniu i wzmacnianiu sylwetki kobiet. Podczas tych zaj\u0119\u0107, uczestniczki wykonuj\u0105 r\u00f3\u017cnorodne \u0107wiczenia, kt\u00f3re anga\u017cuj\u0105 g\u0142\u00f3wnie mi\u0119\u015bnie brzucha, po\u015bladk\u00f3w, n\u00f3g oraz ramion. Treningi s\u0105 dostosowane do indywidualnych potrzeb i cel\u00f3w ka\u017cdej uczestniczki, a instruktorzy prowadz\u0105 je w spos\u00f3b motywuj\u0105cy i profesjonalny. Atmosfera na zaj\u0119ciach jest przyjazna i wspieraj\u0105ca, co sprawia, \u017ce ka\u017cda kobieta czuje si\u0119 komfortowo i zmotywowana do osi\u0105gania swoich fitnessowych cel\u00f3w. Zaj\u0119cia typu Kobieca sylwetka w ramach programu Nasz Sportowy Fyrtel to nie tylko okazja do poprawy kondycji fizycznej, ale tak\u017ce do budowania pewno\u015bci siebie oraz dbania o zdrowie i dobre samopoczucie.<\/p>\n<p>Uwaga! Informujemy o konieczno\u015bci posiadania podczas zaj\u0119\u0107 w\u0142asnych mat do \u0107wicze\u0144.<\/p>\n<p><strong>Lokalizacja:<\/strong>\u00a0Szko\u0142a Podstawowa nr 1 przy ul. Hezjoda 15<br \/>\n<strong>Termin:<\/strong> \u015brody w godzinach 19:00 &#8211; 20:00 i 20:00 &#8211; 21:00<\/p>\n<p><strong>Lokalizacja:<\/strong> Twoja Przestrze\u0144 przy ul. Fieldorfa 6\/1<br \/>\n<strong>Termin:<\/strong> soboty w godzinach 9:00 &#8211; 10:00 i 10:00 &#8211; 11:00<\/p>\n<p><strong>Zapisy:<\/strong> w formie e-mailowej na adres borowiec.joanna@wp.pl (od dnia 27 lutego w godzinach 9:00 \u2013 19:00 dla os\u00f3b, kt\u00f3re nie uczestniczy\u0142y w danych zaj\u0119ciach w 2024 roku, od dnia 28 lutego w godzinach 9:00 \u2013 19:00 zapisy dla pozosta\u0142ych os\u00f3b, w tym r\u00f3wnie\u017c uczestnicz\u0105cych w danych zaj\u0119ciach w ramach wiosennej oraz letniej ods\u0142ony projektu w 2024 roku, zapisy z\u0142o\u017cone przed terminem rozpocz\u0119cia rekrutacji nie b\u0119d\u0105 uwzgl\u0119dnione!)<strong><br \/>\n<\/strong><strong>Start:<\/strong> 3 marca<\/p>\n<hr \/>\n<p><strong>Program Nasz Sportowy Fyrtel na terenie rejonu nr 2 przeznaczony jest tylko i wy\u0142\u0105cznie mieszka\u0144com dzielnicy Kiekrz, Krzy\u017cowniki \u2013 Smochowice, Strzeszyn i Podolany!<\/strong><\/p>\n<ul>\n<li><strong>Regulamin, kt\u00f3rego akceptacja jest niezb\u0119dna do udzia\u0142u w zaj\u0119ciach sportowo \u2013 rekreacyjnych, wydarzeniach czy innych aktywno\u015bciach w ramach programu Nasz Sportowy Fyrtel znajdziesz\u00a0<a href=\"https:\/\/sportowyfyrtel.pl\/2\/regulamin\/\">TUTAJ<\/a>.<\/strong><\/li>\n<li><strong>O\u015bwiadczenie uczestnika, kt\u00f3rego wype\u0142nienie jest niezb\u0119dne do udzia\u0142u w zaj\u0119ciach, a kt\u00f3re nale\u017cy starannie i czytelnie wype\u0142ni\u0107, a nast\u0119pnie zwr\u00f3ci\u0107 trenerowi lub instruktorowi pobierzesz\u00a0<a href=\"https:\/\/sportowyfyrtel.pl\/2\/do-pobrania\/\">TUTAJ<\/a>.<\/strong><\/li>\n<li><strong>Plan zaj\u0119\u0107, kt\u00f3ry nale\u017cy \u015bledzi\u0107 \u017ceby sprawdzi\u0107 czy dane zaj\u0119cia nie zosta\u0142y odwo\u0142ane dost\u0119pny jest\u00a0<a href=\"https:\/\/sportowyfyrtel.pl\/2\/godziny-zajec\/\">TUTAJ<\/a>.<\/strong><\/li>\n<li><strong>Opis zaj\u0119\u0107, gdzie mo\u017cecie zapozna\u0107 si\u0119 r\u00f3wnie\u017c z informacjami o danych zaj\u0119ciach, lokalizacj\u0105, a tak\u017ce form\u0105 zapis\u00f3w czeka na Was\u00a0<a href=\"https:\/\/sportowyfyrtel.pl\/2\/opis-zajec\/\">TUTAJ<\/a>.<\/strong><\/li>\n<li><strong>Kliknijcie\u00a0<a href=\"https:\/\/www.facebook.com\/groups\/fyrtel2\">TUTAJ<\/a>, \u017ce do\u0142\u0105czy\u0107 do grupy na portalu Facebook dedykowanej uczestnikom zaj\u0119\u0107 na terenie rejonu nr 2, a jednocze\u015bnie mieszka\u0144com dzielnicy Kiekrz, Krzy\u017cowniki \u2013 Smochowice, Strzeszyn i Podolany, gdzie znajdziecie relacje z zaj\u0119\u0107 czy innych organizowanych aktywno\u015bci, zapowiedzi, komunikaty, a tak\u017ce og\u0142oszenia dotycz\u0105ce realizacji projektu w 2025 roku.<\/strong><\/li>\n<\/ul>\n<p><strong>Projekt finansowany ze \u015brodk\u00f3w Wydzia\u0142u Sportu Urz\u0119du Miasta Poznania w ramach Pozna\u0144skiego Bud\u017cetu Obywatelskiego 2025 dzi\u0119ki g\u0142osom mieszka\u0144c\u00f3w Poznania!<\/strong><\/p>\n<p><strong>Problemy, pytania i w\u0105tpliwo\u015bci kierujcie na adres e-mail: 2@sportowyfyrtel.pl.<\/strong><\/p>\n","protected":false},"excerpt":{"rendered":"<p>Czo\u0142em Fyrtel nr 2! Nie zwalniamy tempa i zapraszamy dzieci, m\u0142odzie\u017c, doros\u0142ych i senior\u00f3w zamieszkuj\u0105cych rejon Kiekrz, Krzy\u017cowniki \u2013 Smochowice, Strzeszyn, a tak\u017ce Podolany do wsp\u00f3lnej aktywno\u015bci w ramach tegorocznej edycji programu Nasz Sportowy Fyrtel! Do\u0142\u0105cz do nas i zadbaj o form\u0119 cia\u0142a oraz ducha w trakcie kolejnych darmowych zaj\u0119\u0107, kt\u00f3re w wyniku wsp\u00f3\u0142pracy z [&#8230;]<\/p>\n<p><a class=\"btn btn-secondary understrap-read-more-link\" href=\"https:\/\/sportowyfyrtel.pl\/2\/2025\/02\/23\/startuja-zajecia-typu-kobieca-sylwetka-na-terenie-szkoly-podstawowej-nr-1-przy-ul-hezjoda-15-oraz-twojej-przestrzeni-przy-ul-fieldorfa-6-1\/\">Czytaj dalej\u2026<\/a><\/p>\n","protected":false},"author":9,"featured_media":0,"comment_status":"closed","ping_status":"closed","sticky":false,"template":"","format":"standard","meta":{"footnotes":""},"categories":[1],"tags":[],"_links":{"self":[{"href":"https:\/\/sportowyfyrtel.pl\/2\/wp-json\/wp\/v2\/posts\/1440"}],"collection":[{"href":"https:\/\/sportowyfyrtel.pl\/2\/wp-json\/wp\/v2\/posts"}],"about":[{"href":"https:\/\/sportowyfyrtel.pl\/2\/wp-json\/wp\/v2\/types\/post"}],"author":[{"embeddable":true,"href":"https:\/\/sportowyfyrtel.pl\/2\/wp-json\/wp\/v2\/users\/9"}],"replies":[{"embeddable":true,"href":"https:\/\/sportowyfyrtel.pl\/2\/wp-json\/wp\/v2\/comments?post=1440"}],"version-history":[{"count":3,"href":"https:\/\/sportowyfyrtel.pl\/2\/wp-json\/wp\/v2\/posts\/1440\/revisions"}],"predecessor-version":[{"id":1556,"href":"https:\/\/sportowyfyrtel.pl\/2\/wp-json\/wp\/v2\/posts\/1440\/revisions\/1556"}],"wp:attachment":[{"href":"https:\/\/sportowyfyrtel.pl\/2\/wp-json\/wp\/v2\/media?parent=1440"}],"wp:term":[{"taxonomy":"category","embeddable":true,"href":"https:\/\/sportowyfyrtel.pl\/2\/wp-json\/wp\/v2\/categories?post=1440"},{"taxonomy":"post_tag","embeddable":true,"href":"https:\/\/sportowyfyrtel.pl\/2\/wp-json\/wp\/v2\/tags?post=1440"}],"curies":[{"name":"wp","href":"https:\/\/api.w.org\/{rel}","templated":true}]}}