{"id":1365,"date":"2024-10-20T22:00:23","date_gmt":"2024-10-20T20:00:23","guid":{"rendered":"https:\/\/sportowyfyrtel.pl\/2\/?p=1365"},"modified":"2024-10-20T22:00:23","modified_gmt":"2024-10-20T20:00:23","slug":"ostatnia-szansa-na-glos-wspieraj-projekt-nasz-sportowy-fyrtel-w-poznanskim-budzecie-obywatelskim-przyszloroczna-aktywnosc-jest-w-twoich-rekach","status":"publish","type":"post","link":"https:\/\/sportowyfyrtel.pl\/2\/2024\/10\/20\/ostatnia-szansa-na-glos-wspieraj-projekt-nasz-sportowy-fyrtel-w-poznanskim-budzecie-obywatelskim-przyszloroczna-aktywnosc-jest-w-twoich-rekach\/","title":{"rendered":"Ostatnia szansa na g\u0142os! Wspieraj projekt Nasz Sportowy Fyrtel w Pozna\u0144skim Bud\u017cecie Obywatelskim! Przysz\u0142oroczna aktywno\u015b\u0107 jest w Twoich r\u0119kach!"},"content":{"rendered":"<p>Uwaga! Fyrtel czas na Was! \u0106wiczycie razem z nami? Dbacie o swoj\u0105 form\u0119 cia\u0142a i ducha razem z naszymi trenerami czy instruktorami? Bawicie si\u0119 z ca\u0142\u0105 rodzin\u0105 na organizowanych przez nas festynach, piknikach czy pozosta\u0142ych wydarzeniach sportowo &#8211; rekreacyjnych? Je\u017adzicie z nami na rajdy rowerowe? Bierzecie udzia\u0142 w sp\u0142ywach kajakowych czy wycieczkach na deskach SUP? Pami\u0119tajcie, \u017ce organizacja naszego programu na terenie Waszego rejonu w 2025 roku zale\u017cy tylko i wy\u0142\u0105cznie od Was i Waszego zaanga\u017cowania w g\u0142osowanie w ramach Pozna\u0144skiego Bud\u017cetu Obywatelskiego, kt\u00f3re odbywa si\u0119 w dniach 7 &#8211; 28 pa\u017adziernika na stronie internetowej <a href=\"https:\/\/pbo25.um.poznan.pl\/i\/pbo25\/voting\">https:\/\/budzet.um.poznan.pl\/pbo25\/. <\/a>Zapraszajcie, zach\u0119cajcie, udost\u0119pniajcie, a przede wszystkim g\u0142osujcie na projekt rejonowy Nasz Sportowy Fyrtel zanim wyjdziecie z domu \u017ceby wzi\u0105\u0107 udzia\u0142 w jednych z przesz\u0142o 100 godzin bezp\u0142atnych zaj\u0119\u0107 sportowo &#8211; rekreacyjnych, kt\u00f3re po raz kolejny ale mamy nadziej\u0119 nie ostatni goszcz\u0105 na terenie Waszego rejonu. Przysz\u0142oroczna aktywno\u015b\u0107 jest w Waszych r\u0119kach!<\/p>\n<p><img decoding=\"async\" loading=\"lazy\" class=\"alignnone size-large wp-image-1347\" src=\"http:\/\/sportowyfyrtel.pl\/2\/wp-content\/uploads\/2024\/10\/fyrtel_post_pbo_2024_v2-1024x1024.jpg\" alt=\"\" width=\"640\" height=\"640\" srcset=\"https:\/\/sportowyfyrtel.pl\/2\/wp-content\/uploads\/2024\/10\/fyrtel_post_pbo_2024_v2-1024x1024.jpg 1024w, https:\/\/sportowyfyrtel.pl\/2\/wp-content\/uploads\/2024\/10\/fyrtel_post_pbo_2024_v2-300x300.jpg 300w, https:\/\/sportowyfyrtel.pl\/2\/wp-content\/uploads\/2024\/10\/fyrtel_post_pbo_2024_v2-150x150.jpg 150w, https:\/\/sportowyfyrtel.pl\/2\/wp-content\/uploads\/2024\/10\/fyrtel_post_pbo_2024_v2-768x768.jpg 768w, https:\/\/sportowyfyrtel.pl\/2\/wp-content\/uploads\/2024\/10\/fyrtel_post_pbo_2024_v2.jpg 1200w\" sizes=\"(max-width: 640px) 100vw, 640px\" \/><\/p>\n<hr \/>\n<h4>PROGRAM NASZ SPORTOWY FYRTEL NA TERENIE REJONU NR 2 PRZEZNACZONY JEST DLA MIESZKA\u0143C\u00d3W KIEKRZA, KRZY\u017bOWNIK \u2013 SMOCHOWIC, PODOLAN ORAZ STRZESZYNA.<\/h4>\n<h4>UDZIA\u0141 W ZAJ\u0118CIACH CZY INNYCH AKTYWNO\u015aCIACH W RAMACH PROGRAMU NASZ SPORTOWY FYRTEL R\u00d3WNOZNACZNY JEST Z AKCEPTACJ\u0104 REGULAMINU PO UZUPE\u0141NIENIU O\u015aWIADCZENIA UCZESTNIKA ZAJ\u0118\u0106, KT\u00d3RE NALE\u017bY PRZED ROZPOCZ\u0118CIEM ZAJ\u0118\u0106 PRZEKAZA\u0106 INSTRUKTOROWI.<\/h4>\n<h4><a href=\"https:\/\/sportowyfyrtel.pl\/wp-content\/uploads\/2024\/02\/WZOR-3_Oswiadczenie-uczestnika-zajec-2024_NSF_F2.pdf\">O\u015aWIADCZENIE UCZESTNIKA ZAJ\u0118\u0106 DO POBRANIA<\/a><\/h4>\n<h4><a href=\"https:\/\/sportowyfyrtel.pl\/2\/godziny-zajec\/\">AKTUALNY HARMONOGRAM ZAJ\u0118\u0106<\/a><\/h4>\n<h4>PROBLEMY, PYTANIA I W\u0104TPLIWO\u015aCI: 2@sportowyfyrtel.pl<\/h4>\n","protected":false},"excerpt":{"rendered":"<p>Uwaga! Fyrtel czas na Was! \u0106wiczycie razem z nami? Dbacie o swoj\u0105 form\u0119 cia\u0142a i ducha razem z naszymi trenerami czy instruktorami? Bawicie si\u0119 z ca\u0142\u0105 rodzin\u0105 na organizowanych przez nas festynach, piknikach czy pozosta\u0142ych wydarzeniach sportowo &#8211; rekreacyjnych? Je\u017adzicie z nami na rajdy rowerowe? Bierzecie udzia\u0142 w sp\u0142ywach kajakowych czy wycieczkach na deskach SUP? [&#8230;]<\/p>\n<p><a class=\"btn btn-secondary understrap-read-more-link\" href=\"https:\/\/sportowyfyrtel.pl\/2\/2024\/10\/20\/ostatnia-szansa-na-glos-wspieraj-projekt-nasz-sportowy-fyrtel-w-poznanskim-budzecie-obywatelskim-przyszloroczna-aktywnosc-jest-w-twoich-rekach\/\">Czytaj dalej\u2026<\/a><\/p>\n","protected":false},"author":9,"featured_media":0,"comment_status":"closed","ping_status":"closed","sticky":false,"template":"","format":"standard","meta":{"footnotes":""},"categories":[1],"tags":[],"_links":{"self":[{"href":"https:\/\/sportowyfyrtel.pl\/2\/wp-json\/wp\/v2\/posts\/1365"}],"collection":[{"href":"https:\/\/sportowyfyrtel.pl\/2\/wp-json\/wp\/v2\/posts"}],"about":[{"href":"https:\/\/sportowyfyrtel.pl\/2\/wp-json\/wp\/v2\/types\/post"}],"author":[{"embeddable":true,"href":"https:\/\/sportowyfyrtel.pl\/2\/wp-json\/wp\/v2\/users\/9"}],"replies":[{"embeddable":true,"href":"https:\/\/sportowyfyrtel.pl\/2\/wp-json\/wp\/v2\/comments?post=1365"}],"version-history":[{"count":1,"href":"https:\/\/sportowyfyrtel.pl\/2\/wp-json\/wp\/v2\/posts\/1365\/revisions"}],"predecessor-version":[{"id":1366,"href":"https:\/\/sportowyfyrtel.pl\/2\/wp-json\/wp\/v2\/posts\/1365\/revisions\/1366"}],"wp:attachment":[{"href":"https:\/\/sportowyfyrtel.pl\/2\/wp-json\/wp\/v2\/media?parent=1365"}],"wp:term":[{"taxonomy":"category","embeddable":true,"href":"https:\/\/sportowyfyrtel.pl\/2\/wp-json\/wp\/v2\/categories?post=1365"},{"taxonomy":"post_tag","embeddable":true,"href":"https:\/\/sportowyfyrtel.pl\/2\/wp-json\/wp\/v2\/tags?post=1365"}],"curies":[{"name":"wp","href":"https:\/\/api.w.org\/{rel}","templated":true}]}}