{"id":1328,"date":"2024-09-10T09:28:27","date_gmt":"2024-09-10T07:28:27","guid":{"rendered":"https:\/\/sportowyfyrtel.pl\/2\/?p=1328"},"modified":"2024-09-10T09:32:53","modified_gmt":"2024-09-10T07:32:53","slug":"niedzielny-splyw-do-czerwonaka-uzalezniony-od-warunkow-atmosferycznych","status":"publish","type":"post","link":"https:\/\/sportowyfyrtel.pl\/2\/2024\/09\/10\/niedzielny-splyw-do-czerwonaka-uzalezniony-od-warunkow-atmosferycznych\/","title":{"rendered":"Niedzielny sp\u0142yw do Czerwonaka (uzale\u017cniony od warunk\u00f3w atmosferycznych)."},"content":{"rendered":"<p>Serdecznie zapraszamy do rejestracji na niedzielny sp\u0142yw kajakowy, tras\u0105 rodzinn\u0105 do Czerwonaka. Rozpoczynanym w niedziel\u0119 15 wrze\u015bnia o godzinie 10:00. Na miejscu przewidziane jest ognisko.<\/p>\n<p>Rejestracja poprzez formularz: <a href=\"https:\/\/forms.gle\/jaBtZsRy3gQg67gk7\">https:\/\/forms.gle\/jaBtZsRy3gQg67gk7<\/a><\/p>\n<p>Projekt finansowany ze \u015brodk\u00f3w Wydzia\u0142u Sportu Urz\u0119du Miasta Poznania w ramach Pozna\u0144skiego Bud\u017cetu Obywatelskiego 2024 dzi\u0119ki g\u0142osom mieszka\u0144c\u00f3w miasta Poznania.<\/p>\n<p>#POZNANWSPIERA<\/p>\n","protected":false},"excerpt":{"rendered":"<p>Serdecznie zapraszamy do rejestracji na niedzielny sp\u0142yw kajakowy, tras\u0105 rodzinn\u0105 do Czerwonaka. Rozpoczynanym w niedziel\u0119 15 wrze\u015bnia o godzinie 10:00. Na miejscu przewidziane jest ognisko. Rejestracja poprzez formularz: https:\/\/forms.gle\/jaBtZsRy3gQg67gk7 Projekt finansowany ze \u015brodk\u00f3w Wydzia\u0142u Sportu Urz\u0119du Miasta Poznania w ramach Pozna\u0144skiego Bud\u017cetu Obywatelskiego 2024 dzi\u0119ki g\u0142osom mieszka\u0144c\u00f3w miasta Poznania. #POZNANWSPIERA [&#8230;]<\/p>\n<p><a class=\"btn btn-secondary understrap-read-more-link\" href=\"https:\/\/sportowyfyrtel.pl\/2\/2024\/09\/10\/niedzielny-splyw-do-czerwonaka-uzalezniony-od-warunkow-atmosferycznych\/\">Czytaj dalej\u2026<\/a><\/p>\n","protected":false},"author":3,"featured_media":0,"comment_status":"closed","ping_status":"closed","sticky":false,"template":"","format":"standard","meta":{"footnotes":""},"categories":[1],"tags":[],"_links":{"self":[{"href":"https:\/\/sportowyfyrtel.pl\/2\/wp-json\/wp\/v2\/posts\/1328"}],"collection":[{"href":"https:\/\/sportowyfyrtel.pl\/2\/wp-json\/wp\/v2\/posts"}],"about":[{"href":"https:\/\/sportowyfyrtel.pl\/2\/wp-json\/wp\/v2\/types\/post"}],"author":[{"embeddable":true,"href":"https:\/\/sportowyfyrtel.pl\/2\/wp-json\/wp\/v2\/users\/3"}],"replies":[{"embeddable":true,"href":"https:\/\/sportowyfyrtel.pl\/2\/wp-json\/wp\/v2\/comments?post=1328"}],"version-history":[{"count":1,"href":"https:\/\/sportowyfyrtel.pl\/2\/wp-json\/wp\/v2\/posts\/1328\/revisions"}],"predecessor-version":[{"id":1329,"href":"https:\/\/sportowyfyrtel.pl\/2\/wp-json\/wp\/v2\/posts\/1328\/revisions\/1329"}],"wp:attachment":[{"href":"https:\/\/sportowyfyrtel.pl\/2\/wp-json\/wp\/v2\/media?parent=1328"}],"wp:term":[{"taxonomy":"category","embeddable":true,"href":"https:\/\/sportowyfyrtel.pl\/2\/wp-json\/wp\/v2\/categories?post=1328"},{"taxonomy":"post_tag","embeddable":true,"href":"https:\/\/sportowyfyrtel.pl\/2\/wp-json\/wp\/v2\/tags?post=1328"}],"curies":[{"name":"wp","href":"https:\/\/api.w.org\/{rel}","templated":true}]}}