{"id":1306,"date":"2024-08-23T12:44:29","date_gmt":"2024-08-23T10:44:29","guid":{"rendered":"https:\/\/sportowyfyrtel.pl\/2\/?p=1306"},"modified":"2024-08-23T12:49:00","modified_gmt":"2024-08-23T10:49:00","slug":"baw-sie-razem-z-nami-podczas-festynu-z-okazji-zakonczenia-wakacji-z-naszym-sportowym-fyrtlem","status":"publish","type":"post","link":"https:\/\/sportowyfyrtel.pl\/2\/2024\/08\/23\/baw-sie-razem-z-nami-podczas-festynu-z-okazji-zakonczenia-wakacji-z-naszym-sportowym-fyrtlem\/","title":{"rendered":"Baw si\u0119 razem z nami podczas festynu z okazji Zako\u0144czenia Wakacji z Naszym Sportowym Fyrtlem!"},"content":{"rendered":"<p>Czo\u0142em Fyrtel nr 2! Koniec wakacji nie musi by\u0107 smutny! Ju\u017c teraz zapraszamy wszystkich mieszka\u0144c\u00f3w rejonu nr 2 na wyj\u0105tkowe wydarzenie \u2013 Zako\u0144czenia Wakacji z Naszym Sportowym Fyrtlem, kt\u00f3ry odb\u0119dzie si\u0119 25 sierpnia w godzinach 16:00 &#8211; 18:00 na terenie Parafii pw. \u015aw. Moniki przy ul. Biskupi\u0144skiej 27. Przygotowali\u015bmy mn\u00f3stwo atrakcji zar\u00f3wno dla najm\u0142odszych, jak i dla doros\u0142ych. To doskona\u0142a okazja, aby sp\u0119dzi\u0107 czas w gronie rodziny, s\u0105siad\u00f3w i przyjaci\u00f3\u0142 oraz po\u017cegna\u0107 lato w radosnej atmosferze.<\/p>\n<p>Co Was czeka?<br \/>\nLoteria Fantowa \u2013 organizowana przez Parafi\u0119 pw. \u015aw. Moniki.<br \/>\nDmuchana zje\u017cd\u017calnia, dmuchane combo, dmuchany zamek i dart \u2013 idealne atrakcje dla najm\u0142odszych, kt\u00f3re zapewni\u0105 aktywn\u0105 zabaw\u0119.<br \/>\nAnimacje sportowe \u2013 gry i zabawy prowadzone przez wykwalifikowanych animator\u00f3w.<br \/>\nWata cukrowa i popcorn \u2013 dla ka\u017cdego co\u015b s\u0142odkiego i chrupi\u0105cego!<\/p>\n<p>Kiedy? 25 sierpnia (niedziela) w godzinach 16:00 &#8211; 18:00<br \/>\nGdzie? Parafia pw. \u015aw. Moniki, ul. Biskupi\u0144ska 27<\/p>\n<p>Festyn jest bezp\u0142atny, a wszystkie atrakcje s\u0105 finansowane ze \u015brodk\u00f3w Wydzia\u0142u Sportu Urz\u0119du Miasta Poznania w ramach Pozna\u0144skiego Bud\u017cetu Obywatelskiego. To wspania\u0142a inicjatywa, kt\u00f3ra ma na celu integracj\u0119 mieszka\u0144c\u00f3w oraz wsp\u00f3lne celebrowanie ko\u0144ca wakacji.<\/p>\n<p>Nie przegapcie tego wyj\u0105tkowego wydarzenia! Zabierzcie ze sob\u0105 rodzin\u0119, przyjaci\u00f3\u0142 i s\u0105siad\u00f3w \u2013 wszyscy s\u0105 mile widziani. Czekamy na Was z niecierpliwo\u015bci\u0105 i gwarantujemy, \u017ce wsp\u00f3lnie stworzymy niezapomniane wspomnienia na zako\u0144czenie lata!<\/p>\n<p>&nbsp;<\/p>\n<hr \/>\n<p>&nbsp;<\/p>\n<p><img decoding=\"async\" loading=\"lazy\" class=\"alignnone wp-image-1309 size-large\" src=\"http:\/\/sportowyfyrtel.pl\/2\/wp-content\/uploads\/2024\/08\/Zakonczenie-wakacji-25.08.2024-1-724x1024.jpg\" alt=\"\" width=\"640\" height=\"905\" srcset=\"https:\/\/sportowyfyrtel.pl\/2\/wp-content\/uploads\/2024\/08\/Zakonczenie-wakacji-25.08.2024-1-724x1024.jpg 724w, https:\/\/sportowyfyrtel.pl\/2\/wp-content\/uploads\/2024\/08\/Zakonczenie-wakacji-25.08.2024-1-212x300.jpg 212w, https:\/\/sportowyfyrtel.pl\/2\/wp-content\/uploads\/2024\/08\/Zakonczenie-wakacji-25.08.2024-1-768x1086.jpg 768w, https:\/\/sportowyfyrtel.pl\/2\/wp-content\/uploads\/2024\/08\/Zakonczenie-wakacji-25.08.2024-1-1086x1536.jpg 1086w, https:\/\/sportowyfyrtel.pl\/2\/wp-content\/uploads\/2024\/08\/Zakonczenie-wakacji-25.08.2024-1-1448x2048.jpg 1448w, https:\/\/sportowyfyrtel.pl\/2\/wp-content\/uploads\/2024\/08\/Zakonczenie-wakacji-25.08.2024-1-scaled.jpg 1810w\" sizes=\"(max-width: 640px) 100vw, 640px\" \/><\/p>\n<p>&nbsp;<\/p>\n<hr \/>\n<h4>PROGRAM NASZ SPORTOWY FYRTEL NA TERENIE REJONU NR 2 PRZEZNACZONY JEST DLA MIESZKA\u0143C\u00d3W KIEKRZA, KRZY\u017bOWNIK \u2013 SMOCHOWIC, PODOLAN ORAZ STRZESZYNA.<\/h4>\n<h4>UDZIA\u0141 W ZAJ\u0118CIACH CZY INNYCH AKTYWNO\u015aCIACH W RAMACH PROGRAMU NASZ SPORTOWY FYRTEL R\u00d3WNOZNACZNY JEST Z AKCEPTACJ\u0104 REGULAMINU PO UZUPE\u0141NIENIU O\u015aWIADCZENIA UCZESTNIKA ZAJ\u0118\u0106, KT\u00d3RE NALE\u017bY PRZED ROZPOCZ\u0118CIEM ZAJ\u0118\u0106 PRZEKAZA\u0106 INSTRUKTOROWI.<\/h4>\n<h4><a href=\"https:\/\/sportowyfyrtel.pl\/wp-content\/uploads\/2024\/02\/WZOR-3_Oswiadczenie-uczestnika-zajec-2024_NSF_F2.pdf\">O\u015aWIADCZENIE UCZESTNIKA ZAJ\u0118\u0106 DO POBRANIA<\/a><\/h4>\n<h4><a href=\"https:\/\/sportowyfyrtel.pl\/2\/godziny-zajec\/\">AKTUALNY HARMONOGRAM ZAJ\u0118\u0106<\/a><\/h4>\n<h4>PROBLEMY, PYTANIA I W\u0104TPLIWO\u015aCI: 2@sportowyfyrtel.pl<\/h4>\n","protected":false},"excerpt":{"rendered":"<p>Czo\u0142em Fyrtel nr 2! Koniec wakacji nie musi by\u0107 smutny! Ju\u017c teraz zapraszamy wszystkich mieszka\u0144c\u00f3w rejonu nr 2 na wyj\u0105tkowe wydarzenie \u2013 Zako\u0144czenia Wakacji z Naszym Sportowym Fyrtlem, kt\u00f3ry odb\u0119dzie si\u0119 25 sierpnia w godzinach 16:00 &#8211; 18:00 na terenie Parafii pw. \u015aw. Moniki przy ul. Biskupi\u0144skiej 27. Przygotowali\u015bmy mn\u00f3stwo atrakcji zar\u00f3wno dla najm\u0142odszych, jak [&#8230;]<\/p>\n<p><a class=\"btn btn-secondary understrap-read-more-link\" href=\"https:\/\/sportowyfyrtel.pl\/2\/2024\/08\/23\/baw-sie-razem-z-nami-podczas-festynu-z-okazji-zakonczenia-wakacji-z-naszym-sportowym-fyrtlem\/\">Czytaj dalej\u2026<\/a><\/p>\n","protected":false},"author":9,"featured_media":0,"comment_status":"closed","ping_status":"closed","sticky":false,"template":"","format":"standard","meta":{"footnotes":""},"categories":[1],"tags":[],"_links":{"self":[{"href":"https:\/\/sportowyfyrtel.pl\/2\/wp-json\/wp\/v2\/posts\/1306"}],"collection":[{"href":"https:\/\/sportowyfyrtel.pl\/2\/wp-json\/wp\/v2\/posts"}],"about":[{"href":"https:\/\/sportowyfyrtel.pl\/2\/wp-json\/wp\/v2\/types\/post"}],"author":[{"embeddable":true,"href":"https:\/\/sportowyfyrtel.pl\/2\/wp-json\/wp\/v2\/users\/9"}],"replies":[{"embeddable":true,"href":"https:\/\/sportowyfyrtel.pl\/2\/wp-json\/wp\/v2\/comments?post=1306"}],"version-history":[{"count":3,"href":"https:\/\/sportowyfyrtel.pl\/2\/wp-json\/wp\/v2\/posts\/1306\/revisions"}],"predecessor-version":[{"id":1312,"href":"https:\/\/sportowyfyrtel.pl\/2\/wp-json\/wp\/v2\/posts\/1306\/revisions\/1312"}],"wp:attachment":[{"href":"https:\/\/sportowyfyrtel.pl\/2\/wp-json\/wp\/v2\/media?parent=1306"}],"wp:term":[{"taxonomy":"category","embeddable":true,"href":"https:\/\/sportowyfyrtel.pl\/2\/wp-json\/wp\/v2\/categories?post=1306"},{"taxonomy":"post_tag","embeddable":true,"href":"https:\/\/sportowyfyrtel.pl\/2\/wp-json\/wp\/v2\/tags?post=1306"}],"curies":[{"name":"wp","href":"https:\/\/api.w.org\/{rel}","templated":true}]}}