{"id":1303,"date":"2024-09-19T13:42:39","date_gmt":"2024-09-19T11:42:39","guid":{"rendered":"https:\/\/sportowyfyrtel.pl\/2\/?p=1303"},"modified":"2024-09-20T11:53:55","modified_gmt":"2024-09-20T09:53:55","slug":"wystartowaly-zajecia-w-ramach-jesiennej-odslony-programu-nasz-sportowy-fyrtel-na-terenie-rejonu-nr-2","status":"publish","type":"post","link":"https:\/\/sportowyfyrtel.pl\/2\/2024\/09\/19\/wystartowaly-zajecia-w-ramach-jesiennej-odslony-programu-nasz-sportowy-fyrtel-na-terenie-rejonu-nr-2\/","title":{"rendered":"Wystartowa\u0142y zaj\u0119cia w ramach jesiennej ods\u0142ony programu Nasz Sportowy Fyrtel na terenie rejonu nr 2!"},"content":{"rendered":"<p>Czo\u0142em Fyrtel nr 2! Wystartowa\u0142a jesienna ods\u0142ona tegorocznej edycji programu Nasz Sportowy Fyrtel, kt\u00f3ry po raz kolejny ale mamy nadziej\u0119 nie ostatni go\u015bci na terenie Waszego rejonu. Sprawd\u017acie sami co przygotowali\u015bmy dla Was na ostatnie 3 miesi\u0105ce wsp\u00f3lnej tegorocznej aktywno\u015bci, zapiszcie si\u0119 na wybrane przez Was zaj\u0119cia u trenera lub instruktora, spakujcie torb\u0119 czy plecak i zadbajcie razem z nami o swoj\u0105 form\u0119 cia\u0142a oraz ducha! Jednocze\u015bnie pami\u0119tajcie, \u017ce realizacja programu Nasz Sportowy Fyrtel w 2025 roku uzale\u017cniona jest tylko i wy\u0142\u0105cznie od Waszego wsparcia w g\u0142osowaniu w ramach Pozna\u0144skiego Bud\u017cetu Obywatelskiego, kt\u00f3re zbli\u017ca si\u0119 wielkimi krokami. Zapraszajcie, zach\u0119cajcie, udost\u0119pniajcie, a przede wszystkim g\u0142osujcie w dniach 7 &#8211; 28 pa\u017adziernika na projekt rejonowy Nasz Sportowy Fyrtel za po\u015brednictwem strony internetowej https:\/\/pbo25.um.poznan.pl\/.<\/p>\n<p><strong>Zapisy na poszczeg\u00f3lne zaj\u0119cia odbywaj\u0105 si\u0119 zgodnie z form\u0105 oraz sposobem okre\u015blonym w zak\u0142adce Rekrutacja i opis zaj\u0119\u0107, kt\u00f3r\u0105 znajdziecie <a href=\"https:\/\/sportowyfyrtel.pl\/2\/opis-zajec\/\">TUTAJ!<\/a><\/strong><\/p>\n<p>Pami\u0119tajcie, \u017ce udzia\u0142 w naszych zaj\u0119ciach mo\u017cliwy jest tylko i wy\u0142\u0105cznie po wype\u0142nieniu o\u015bwiadczenia, kt\u00f3re nale\u017cy przekaza\u0107 trenerom czy instruktorom przed pierwszymi zaj\u0119ciami. Deklaracj\u0119 uczestnika zaj\u0119\u0107 w ramach programu Nasz Sportowy Fyrtel znajdziecie\u00a0<a href=\"https:\/\/sportowyfyrtel.pl\/wp-content\/uploads\/2024\/02\/WZOR-3_Oswiadczenie-uczestnika-zajec-2024_NSF_F2.pdf\">TUTAJ<\/a>, wype\u0142nijcie j\u0105 w domu, zabierzcie ze sob\u0105, a potem dajcie z siebie wszystko!<\/p>\n<p>Pami\u0119tajcie r\u00f3wnie\u017c, \u017ce zgodnie z wcze\u015bniejszymi informacjami aktualny harmonogram zaj\u0119\u0107 w bie\u017c\u0105cym i kolejnym tygodniu, kt\u00f3re realizowane s\u0105 w ramach naszego projektu dost\u0119pny jest tylko i wy\u0142\u0105cznie na stronie internetowej programu w zak\u0142adce Godziny zaj\u0119\u0107. Zalecamy przed wyj\u015bciem z domu sprawdzi\u0107 czy poszczeg\u00f3lne zaj\u0119cia odbywaj\u0105 si\u0119 w danym dniu, poniewa\u017c w przypadku odwo\u0142ania zaj\u0119\u0107 przez trenera lub instruktora niestety nie zawsze maj\u0105 oni mo\u017cliwo\u015b\u0107 przekazania informacji ka\u017cdemu z uczestnik\u00f3w poprzez wiadomo\u015b\u0107 SMS czy komunikat w grupie rejonu nr 2 na portalu Facebook, kt\u00f3r\u0105 znajdziecie <a href=\"https:\/\/www.facebook.com\/groups\/fyrtel2\/\">TUTAJ<\/a>, a plan bywa jedyn\u0105 dost\u0119pn\u0105 form\u0105 komunikacji z uczestnikami naszych zaj\u0119\u0107.<\/p>\n<hr \/>\n<h4>PROGRAM NASZ SPORTOWY FYRTEL NA TERENIE REJONU NR 2 PRZEZNACZONY JEST DLA MIESZKA\u0143C\u00d3W KIEKRZA, KRZY\u017bOWNIK \u2013 SMOCHOWIC, PODOLAN ORAZ STRZESZYNA.<\/h4>\n<h4>UDZIA\u0141 W ZAJ\u0118CIACH CZY INNYCH AKTYWNO\u015aCIACH W RAMACH PROGRAMU NASZ SPORTOWY FYRTEL R\u00d3WNOZNACZNY JEST Z AKCEPTACJ\u0104 REGULAMINU PO UZUPE\u0141NIENIU O\u015aWIADCZENIA UCZESTNIKA ZAJ\u0118\u0106, KT\u00d3RE NALE\u017bY PRZED ROZPOCZ\u0118CIEM ZAJ\u0118\u0106 PRZEKAZA\u0106 INSTRUKTOROWI.<\/h4>\n<h4><a href=\"https:\/\/sportowyfyrtel.pl\/wp-content\/uploads\/2024\/02\/WZOR-3_Oswiadczenie-uczestnika-zajec-2024_NSF_F2.pdf\">O\u015aWIADCZENIE UCZESTNIKA ZAJ\u0118\u0106 DO POBRANIA<\/a><\/h4>\n<h4><a href=\"https:\/\/sportowyfyrtel.pl\/2\/godziny-zajec\/\">AKTUALNY HARMONOGRAM ZAJ\u0118\u0106<\/a><\/h4>\n<h4>PROBLEMY, PYTANIA I W\u0104TPLIWO\u015aCI: 2@sportowyfyrtel.pl<\/h4>\n","protected":false},"excerpt":{"rendered":"<p>Czo\u0142em Fyrtel nr 2! Wystartowa\u0142a jesienna ods\u0142ona tegorocznej edycji programu Nasz Sportowy Fyrtel, kt\u00f3ry po raz kolejny ale mamy nadziej\u0119 nie ostatni go\u015bci na terenie Waszego rejonu. Sprawd\u017acie sami co przygotowali\u015bmy dla Was na ostatnie 3 miesi\u0105ce wsp\u00f3lnej tegorocznej aktywno\u015bci, zapiszcie si\u0119 na wybrane przez Was zaj\u0119cia u trenera lub instruktora, spakujcie torb\u0119 czy plecak [&#8230;]<\/p>\n<p><a class=\"btn btn-secondary understrap-read-more-link\" href=\"https:\/\/sportowyfyrtel.pl\/2\/2024\/09\/19\/wystartowaly-zajecia-w-ramach-jesiennej-odslony-programu-nasz-sportowy-fyrtel-na-terenie-rejonu-nr-2\/\">Czytaj dalej\u2026<\/a><\/p>\n","protected":false},"author":9,"featured_media":0,"comment_status":"closed","ping_status":"closed","sticky":false,"template":"","format":"standard","meta":{"footnotes":""},"categories":[1],"tags":[],"_links":{"self":[{"href":"https:\/\/sportowyfyrtel.pl\/2\/wp-json\/wp\/v2\/posts\/1303"}],"collection":[{"href":"https:\/\/sportowyfyrtel.pl\/2\/wp-json\/wp\/v2\/posts"}],"about":[{"href":"https:\/\/sportowyfyrtel.pl\/2\/wp-json\/wp\/v2\/types\/post"}],"author":[{"embeddable":true,"href":"https:\/\/sportowyfyrtel.pl\/2\/wp-json\/wp\/v2\/users\/9"}],"replies":[{"embeddable":true,"href":"https:\/\/sportowyfyrtel.pl\/2\/wp-json\/wp\/v2\/comments?post=1303"}],"version-history":[{"count":6,"href":"https:\/\/sportowyfyrtel.pl\/2\/wp-json\/wp\/v2\/posts\/1303\/revisions"}],"predecessor-version":[{"id":1334,"href":"https:\/\/sportowyfyrtel.pl\/2\/wp-json\/wp\/v2\/posts\/1303\/revisions\/1334"}],"wp:attachment":[{"href":"https:\/\/sportowyfyrtel.pl\/2\/wp-json\/wp\/v2\/media?parent=1303"}],"wp:term":[{"taxonomy":"category","embeddable":true,"href":"https:\/\/sportowyfyrtel.pl\/2\/wp-json\/wp\/v2\/categories?post=1303"},{"taxonomy":"post_tag","embeddable":true,"href":"https:\/\/sportowyfyrtel.pl\/2\/wp-json\/wp\/v2\/tags?post=1303"}],"curies":[{"name":"wp","href":"https:\/\/api.w.org\/{rel}","templated":true}]}}