{"id":1288,"date":"2024-08-20T13:44:15","date_gmt":"2024-08-20T11:44:15","guid":{"rendered":"https:\/\/sportowyfyrtel.pl\/2\/?p=1288"},"modified":"2024-08-22T11:05:33","modified_gmt":"2024-08-22T09:05:33","slug":"uwaga-ruszaja-zapisy-do-udzialu-w-zajeciach-w-ramach-jesiennej-odslony-programu-nasz-sportowy-fyrtel-na-terenie-rejonu-nr-2","status":"publish","type":"post","link":"https:\/\/sportowyfyrtel.pl\/2\/2024\/08\/20\/uwaga-ruszaja-zapisy-do-udzialu-w-zajeciach-w-ramach-jesiennej-odslony-programu-nasz-sportowy-fyrtel-na-terenie-rejonu-nr-2\/","title":{"rendered":"Uwaga! Ruszaj\u0105 zapisy do udzia\u0142u w zaj\u0119ciach w ramach jesiennej ods\u0142ony programu Nasz Sportowy Fyrtel na terenie rejonu nr 2!"},"content":{"rendered":"<p>Czo\u0142em Fyrtel nr 2! Zbli\u017ca si\u0119 jesienna ods\u0142ona tegorocznej edycji programu Nasz Sportowy Fyrtel, kt\u00f3ry po raz kolejny ale mamy nadziej\u0119 nie ostatni go\u015bci\u0107 b\u0119dzie na terenie Waszego rejonu, a wraz z ni\u0105 ruszaj\u0105 zapisy do udzia\u0142u w zaj\u0119ciach sportowo &#8211; rekreacyjnych, kt\u00f3re realizowane b\u0119d\u0105 od dnia 2 wrze\u015bnia do dnia 1 grudnia br.<\/p>\n<p><strong>Zapisy na poszczeg\u00f3lne zaj\u0119cia odbywaj\u0105 si\u0119 zgodnie z form\u0105 oraz sposobem okre\u015blonym w zak\u0142adce Rekrutacja i opis zaj\u0119\u0107, kt\u00f3r\u0105 znajdziecie <a href=\"https:\/\/sportowyfyrtel.pl\/2\/opis-zajec\/\">TUTAJ<\/a> w poni\u017cszych terminach:<\/strong><\/p>\n<ul>\n<li><strong>od dnia 26 sierpnia (poniedzia\u0142ek) od godziny 9:00 zapisy dla os\u00f3b, kt\u00f3re nie uczestniczy\u0142y w danych zaj\u0119ciach w bie\u017c\u0105cym roku,\u00a0<\/strong><\/li>\n<li><strong>od dnia 28 sierpnia (\u015broda) od godziny 9:00 zapisy dla pozosta\u0142ych os\u00f3b, w tym r\u00f3wnie\u017c uczestnicz\u0105cych w danych zaj\u0119ciach w ramach wiosennej oraz letniej ods\u0142ony projektu.<\/strong><\/li>\n<\/ul>\n<p><strong>Zapisy z\u0142o\u017cone przed terminem rozpocz\u0119cia rekrutacji nie b\u0119d\u0105 uwzgl\u0119dnione! Ponadto w zak\u0142adce Rekrutacja i opis zaj\u0119\u0107 dost\u0119pne s\u0105 r\u00f3wnie\u017c opisy, terminy i lokalizacje ka\u017cdych zaj\u0119\u0107.<\/strong><\/p>\n<p>Pami\u0119tajcie, \u017ce udzia\u0142 w naszych zaj\u0119ciach mo\u017cliwy jest tylko i wy\u0142\u0105cznie po wype\u0142nieniu o\u015bwiadczenia, kt\u00f3re nale\u017cy przekaza\u0107 trenerom czy instruktorom przed pierwszymi zaj\u0119ciami. Deklaracj\u0119 uczestnika zaj\u0119\u0107 w ramach programu Nasz Sportowy Fyrtel znajdziecie\u00a0<a href=\"https:\/\/sportowyfyrtel.pl\/wp-content\/uploads\/2024\/02\/WZOR-3_Oswiadczenie-uczestnika-zajec-2024_NSF_F2.pdf\">TUTAJ<\/a>, wype\u0142nijcie j\u0105 w domu, zabierzcie ze sob\u0105, a potem dajcie z siebie wszystko!<\/p>\n<p>Pami\u0119tajcie r\u00f3wnie\u017c, \u017ce zgodnie z wcze\u015bniejszymi informacjami aktualny harmonogram zaj\u0119\u0107 w bie\u017c\u0105cym i kolejnym tygodniu, kt\u00f3re realizowane s\u0105 w ramach naszego projektu dost\u0119pny jest tylko i wy\u0142\u0105cznie na stronie internetowej programu w zak\u0142adce Godziny zaj\u0119\u0107. Zalecamy przed wyj\u015bciem z domu sprawdzi\u0107 czy poszczeg\u00f3lne zaj\u0119cia odbywaj\u0105 si\u0119 w danym dniu, poniewa\u017c w przypadku odwo\u0142ania zaj\u0119\u0107 przez trenera lub instruktora niestety nie zawsze maj\u0105 oni mo\u017cliwo\u015b\u0107 przekazania informacji ka\u017cdemu z uczestnik\u00f3w poprzez wiadomo\u015b\u0107 SMS czy komunikat w grupie rejonu nr 2 na portalu Facebook, a plan bywa jedyn\u0105 dost\u0119pn\u0105 form\u0105 komunikacji z uczestnikami naszych zaj\u0119\u0107.<\/p>\n<hr \/>\n<h4>PROGRAM NASZ SPORTOWY FYRTEL NA TERENIE REJONU NR 2 PRZEZNACZONY JEST DLA MIESZKA\u0143C\u00d3W KIEKRZA, KRZY\u017bOWNIK \u2013 SMOCHOWIC, PODOLAN ORAZ STRZESZYNA.<\/h4>\n<h4>UDZIA\u0141 W ZAJ\u0118CIACH CZY INNYCH AKTYWNO\u015aCIACH W RAMACH PROGRAMU NASZ SPORTOWY FYRTEL R\u00d3WNOZNACZNY JEST Z AKCEPTACJ\u0104 REGULAMINU PO UZUPE\u0141NIENIU O\u015aWIADCZENIA UCZESTNIKA ZAJ\u0118\u0106, KT\u00d3RE NALE\u017bY PRZED ROZPOCZ\u0118CIEM ZAJ\u0118\u0106 PRZEKAZA\u0106 INSTRUKTOROWI.<\/h4>\n<h4><a href=\"https:\/\/sportowyfyrtel.pl\/wp-content\/uploads\/2024\/02\/WZOR-3_Oswiadczenie-uczestnika-zajec-2024_NSF_F2.pdf\">O\u015aWIADCZENIE UCZESTNIKA ZAJ\u0118\u0106 DO POBRANIA<\/a><\/h4>\n<h4><a href=\"https:\/\/sportowyfyrtel.pl\/2\/godziny-zajec\/\">AKTUALNY HARMONOGRAM ZAJ\u0118\u0106<\/a><\/h4>\n<h4>PROBLEMY, PYTANIA I W\u0104TPLIWO\u015aCI: 2@sportowyfyrtel.pl<\/h4>\n","protected":false},"excerpt":{"rendered":"<p>Czo\u0142em Fyrtel nr 2! Zbli\u017ca si\u0119 jesienna ods\u0142ona tegorocznej edycji programu Nasz Sportowy Fyrtel, kt\u00f3ry po raz kolejny ale mamy nadziej\u0119 nie ostatni go\u015bci\u0107 b\u0119dzie na terenie Waszego rejonu, a wraz z ni\u0105 ruszaj\u0105 zapisy do udzia\u0142u w zaj\u0119ciach sportowo &#8211; rekreacyjnych, kt\u00f3re realizowane b\u0119d\u0105 od dnia 2 wrze\u015bnia do dnia 1 grudnia br. Zapisy [&#8230;]<\/p>\n<p><a class=\"btn btn-secondary understrap-read-more-link\" href=\"https:\/\/sportowyfyrtel.pl\/2\/2024\/08\/20\/uwaga-ruszaja-zapisy-do-udzialu-w-zajeciach-w-ramach-jesiennej-odslony-programu-nasz-sportowy-fyrtel-na-terenie-rejonu-nr-2\/\">Czytaj dalej\u2026<\/a><\/p>\n","protected":false},"author":9,"featured_media":0,"comment_status":"closed","ping_status":"closed","sticky":false,"template":"","format":"standard","meta":{"footnotes":""},"categories":[1],"tags":[],"_links":{"self":[{"href":"https:\/\/sportowyfyrtel.pl\/2\/wp-json\/wp\/v2\/posts\/1288"}],"collection":[{"href":"https:\/\/sportowyfyrtel.pl\/2\/wp-json\/wp\/v2\/posts"}],"about":[{"href":"https:\/\/sportowyfyrtel.pl\/2\/wp-json\/wp\/v2\/types\/post"}],"author":[{"embeddable":true,"href":"https:\/\/sportowyfyrtel.pl\/2\/wp-json\/wp\/v2\/users\/9"}],"replies":[{"embeddable":true,"href":"https:\/\/sportowyfyrtel.pl\/2\/wp-json\/wp\/v2\/comments?post=1288"}],"version-history":[{"count":5,"href":"https:\/\/sportowyfyrtel.pl\/2\/wp-json\/wp\/v2\/posts\/1288\/revisions"}],"predecessor-version":[{"id":1300,"href":"https:\/\/sportowyfyrtel.pl\/2\/wp-json\/wp\/v2\/posts\/1288\/revisions\/1300"}],"wp:attachment":[{"href":"https:\/\/sportowyfyrtel.pl\/2\/wp-json\/wp\/v2\/media?parent=1288"}],"wp:term":[{"taxonomy":"category","embeddable":true,"href":"https:\/\/sportowyfyrtel.pl\/2\/wp-json\/wp\/v2\/categories?post=1288"},{"taxonomy":"post_tag","embeddable":true,"href":"https:\/\/sportowyfyrtel.pl\/2\/wp-json\/wp\/v2\/tags?post=1288"}],"curies":[{"name":"wp","href":"https:\/\/api.w.org\/{rel}","templated":true}]}}