{"id":1282,"date":"2024-08-09T13:11:37","date_gmt":"2024-08-09T11:11:37","guid":{"rendered":"https:\/\/sportowyfyrtel.pl\/2\/?p=1282"},"modified":"2024-08-09T13:11:37","modified_gmt":"2024-08-09T11:11:37","slug":"uwaga-fyrtel-nr-2-przypominamy-ze-15-sierpnia-zajecia-sie-nie-odbywaja","status":"publish","type":"post","link":"https:\/\/sportowyfyrtel.pl\/2\/2024\/08\/09\/uwaga-fyrtel-nr-2-przypominamy-ze-15-sierpnia-zajecia-sie-nie-odbywaja\/","title":{"rendered":"Uwaga Fyrtel nr 2! Przypominamy, \u017ce 15 sierpnia zaj\u0119cia si\u0119 nie odbywaj\u0105!"},"content":{"rendered":"<p>Serwus Fyrtel nr 2! Nasz Sportowy Fyrtel na terenie rejonu nr 2 dzia\u0142a pe\u0142n\u0105 par\u0105, pami\u0119tajcie jednak, \u017ce 15 sierpnia w dzie\u0144 wolny od pracy zaj\u0119cia sportowo &#8211; rekreacyjne w ramach naszego programu nie odbywaj\u0105 si\u0119! Pami\u0119tajcie r\u00f3wnie\u017c, \u017ce zgodnie z wcze\u015bniejszymi informacjami aktualny harmonogram zaj\u0119\u0107 w bie\u017c\u0105cym i kolejnym tygodniu, kt\u00f3re realizowane s\u0105 w ramach naszego projektu dost\u0119pny jest tylko i wy\u0142\u0105cznie na stronie internetowej programu w zak\u0142adce Godziny zaj\u0119\u0107. Zalecamy przed wyj\u015bciem z domu sprawdzi\u0107 czy poszczeg\u00f3lne zaj\u0119cia odbywaj\u0105 si\u0119 w danym dniu, poniewa\u017c w przypadku odwo\u0142ania zaj\u0119\u0107 przez trenera lub instruktora niestety nie zawsze maj\u0105 oni mo\u017cliwo\u015b\u0107 przekazania informacji ka\u017cdemu z uczestnik\u00f3w poprzez wiadomo\u015b\u0107 SMS czy komunikat w grupie rejonu nr 2, a plan bywa jedyn\u0105 dost\u0119pn\u0105 form\u0105 komunikacji z uczestnikami naszych zaj\u0119\u0107.<\/p>\n<p>Ponadto w imieniu trener\u00f3w, instruktor\u00f3w czy zespo\u0142u odpowiedzialnego za realizacj\u0119 naszego programu \u017cyczymy aktywnego i bezpiecznego wypoczynku w gronie najbli\u017cszych!<\/p>\n<hr \/>\n<h4>PROGRAM NASZ SPORTOWY FYRTEL NA TERENIE REJONU NR 2 PRZEZNACZONY JEST DLA MIESZKA\u0143C\u00d3W KIEKRZA, KRZY\u017bOWNIK \u2013 SMOCHOWIC, PODOLAN ORAZ STRZESZYNA.<\/h4>\n<h4>UDZIA\u0141 W ZAJ\u0118CIACH CZY INNYCH AKTYWNO\u015aCIACH W RAMACH PROGRAMU NASZ SPORTOWY FYRTEL R\u00d3WNOZNACZNY JEST Z AKCEPTACJ\u0104 REGULAMINU PO UZUPE\u0141NIENIU O\u015aWIADCZENIA UCZESTNIKA ZAJ\u0118\u0106, KT\u00d3RE NALE\u017bY PRZED ROZPOCZ\u0118CIEM ZAJ\u0118\u0106 PRZEKAZA\u0106 INSTRUKTOROWI.<\/h4>\n<h4><a href=\"https:\/\/sportowyfyrtel.pl\/wp-content\/uploads\/2024\/02\/WZOR-3_Oswiadczenie-uczestnika-zajec-2024_NSF_F2.pdf\">O\u015aWIADCZENIE UCZESTNIKA ZAJ\u0118\u0106 DO POBRANIA<\/a><\/h4>\n<h4><a href=\"https:\/\/sportowyfyrtel.pl\/2\/godziny-zajec\/\">AKTUALNY HARMONOGRAM ZAJ\u0118\u0106<\/a><\/h4>\n","protected":false},"excerpt":{"rendered":"<p>Serwus Fyrtel nr 2! Nasz Sportowy Fyrtel na terenie rejonu nr 2 dzia\u0142a pe\u0142n\u0105 par\u0105, pami\u0119tajcie jednak, \u017ce 15 sierpnia w dzie\u0144 wolny od pracy zaj\u0119cia sportowo &#8211; rekreacyjne w ramach naszego programu nie odbywaj\u0105 si\u0119! Pami\u0119tajcie r\u00f3wnie\u017c, \u017ce zgodnie z wcze\u015bniejszymi informacjami aktualny harmonogram zaj\u0119\u0107 w bie\u017c\u0105cym i kolejnym tygodniu, kt\u00f3re realizowane s\u0105 w [&#8230;]<\/p>\n<p><a class=\"btn btn-secondary understrap-read-more-link\" href=\"https:\/\/sportowyfyrtel.pl\/2\/2024\/08\/09\/uwaga-fyrtel-nr-2-przypominamy-ze-15-sierpnia-zajecia-sie-nie-odbywaja\/\">Czytaj dalej\u2026<\/a><\/p>\n","protected":false},"author":9,"featured_media":0,"comment_status":"closed","ping_status":"closed","sticky":false,"template":"","format":"standard","meta":{"footnotes":""},"categories":[1],"tags":[],"_links":{"self":[{"href":"https:\/\/sportowyfyrtel.pl\/2\/wp-json\/wp\/v2\/posts\/1282"}],"collection":[{"href":"https:\/\/sportowyfyrtel.pl\/2\/wp-json\/wp\/v2\/posts"}],"about":[{"href":"https:\/\/sportowyfyrtel.pl\/2\/wp-json\/wp\/v2\/types\/post"}],"author":[{"embeddable":true,"href":"https:\/\/sportowyfyrtel.pl\/2\/wp-json\/wp\/v2\/users\/9"}],"replies":[{"embeddable":true,"href":"https:\/\/sportowyfyrtel.pl\/2\/wp-json\/wp\/v2\/comments?post=1282"}],"version-history":[{"count":1,"href":"https:\/\/sportowyfyrtel.pl\/2\/wp-json\/wp\/v2\/posts\/1282\/revisions"}],"predecessor-version":[{"id":1283,"href":"https:\/\/sportowyfyrtel.pl\/2\/wp-json\/wp\/v2\/posts\/1282\/revisions\/1283"}],"wp:attachment":[{"href":"https:\/\/sportowyfyrtel.pl\/2\/wp-json\/wp\/v2\/media?parent=1282"}],"wp:term":[{"taxonomy":"category","embeddable":true,"href":"https:\/\/sportowyfyrtel.pl\/2\/wp-json\/wp\/v2\/categories?post=1282"},{"taxonomy":"post_tag","embeddable":true,"href":"https:\/\/sportowyfyrtel.pl\/2\/wp-json\/wp\/v2\/tags?post=1282"}],"curies":[{"name":"wp","href":"https:\/\/api.w.org\/{rel}","templated":true}]}}