{"id":1251,"date":"2024-07-11T10:40:27","date_gmt":"2024-07-11T08:40:27","guid":{"rendered":"https:\/\/sportowyfyrtel.pl\/2\/?p=1251"},"modified":"2024-07-11T10:52:04","modified_gmt":"2024-07-11T08:52:04","slug":"lato-z-fyrtlem-czyli-wakacyjna-aktywnosc-dla-dzieci-i-mlodziezy-od-6-lat-startuje-na-terenie-rejonu-nr-2-2","status":"publish","type":"post","link":"https:\/\/sportowyfyrtel.pl\/2\/2024\/07\/11\/lato-z-fyrtlem-czyli-wakacyjna-aktywnosc-dla-dzieci-i-mlodziezy-od-6-lat-startuje-na-terenie-rejonu-nr-2-2\/","title":{"rendered":"Lato z Fyrtlem czyli wakacyjna aktywno\u015b\u0107 dla dzieci i m\u0142odzie\u017cy od 6 lat startuje na terenie rejonu nr 2!"},"content":{"rendered":"<p>Czo\u0142em Fyrtel nr 2! Nie zwalniamy tempa i zapraszamy dzieci, m\u0142odzie\u017c, doros\u0142ych i senior\u00f3w zamieszkuj\u0105cych rejon Kiekrz, Krzy\u017cowniki \u2013 Smochowice, Podolany oraz Strzeszyn do udzia\u0142u w kolejnych darmowych zaj\u0119ciach sportowych, kt\u00f3re w wyniku wsp\u00f3\u0142pracy z Radami Osiedla po raz kolejny ale mamy nadziej\u0119 nie ostatni go\u015bci\u0107 b\u0119d\u0105 na terenie Waszej dzielnicy!<\/p>\n<p>Pami\u0119tajcie, \u017ce udzia\u0142 w naszych zaj\u0119ciach mo\u017cliwy jest tylko i wy\u0142\u0105cznie po wype\u0142nieniu o\u015bwiadczenia, kt\u00f3re nale\u017cy przekaza\u0107 trenerom czy instruktorom przed pierwszymi zaj\u0119ciami. Deklaracj\u0119 uczestnika zaj\u0119\u0107 w ramach programu Nasz Sportowy Fyrtel znajdziecie\u00a0<a href=\"https:\/\/sportowyfyrtel.pl\/wp-content\/uploads\/2024\/02\/WZOR-3_Oswiadczenie-uczestnika-zajec-2024_NSF_F2.pdf\">TUTAJ<\/a>, wype\u0142nijcie j\u0105 w domu, zabierzcie ze sob\u0105, a potem dajcie z siebie wszystko!<\/p>\n<hr \/>\n<p>&nbsp;<\/p>\n<h3><strong>LATO Z FYRTLEM DLA DZIECI I M\u0141ODZIE\u017bY OD 6 LAT<\/strong><\/h3>\n<p>Lato z Fyrtlem dla dzieci i m\u0142odzie\u017cy od 6 lat to wyj\u0105tkowe zaj\u0119cia sportowo-rekreacyjne skierowane do dzieci i m\u0142odzie\u017cy w wieku szkolnym, organizowane podczas wakacji letnich. Zaj\u0119cia te bazuj\u0105 na r\u00f3\u017cnorodnych grach zespo\u0142owych oraz zabawach ruchowych, kt\u00f3re wspaniale wp\u0142ywaj\u0105 na rozw\u00f3j psychomotoryczny uczestnik\u00f3w.<\/p>\n<p>Podczas tych aktywno\u015bci rozbudzamy w dzieciach ducha zdrowej, sportowej rywalizacji oraz zara\u017camy najm\u0142odszych pasj\u0105 do aktywnego trybu \u017cycia. Uczymy pracy w grupie poprzez zabaw\u0119, co wspomaga rozw\u00f3j umiej\u0119tno\u015bci spo\u0142ecznych i wsp\u00f3\u0142pracy. Dodatkowo, motywujemy dzieci do efektywnego treningu i wdra\u017cania zdrowych nawyk\u00f3w w codziennym \u017cyciu.<\/p>\n<p>Zaj\u0119cia wp\u0142ywaj\u0105 na popraw\u0119 koordynacji ruchowej, zr\u0119czno\u015bci oraz og\u00f3lnej sprawno\u015bci fizycznej. Dzieci ucz\u0105 si\u0119 rywalizowa\u0107 w spos\u00f3b fair play, co kszta\u0142tuje ich charakter i postaw\u0119 sportow\u0105. Poprzez zabaw\u0119, dzieci ucz\u0105 si\u0119 wsp\u00f3\u0142pracy, komunikacji i dzia\u0142ania w zespole. Zaj\u0119cia maj\u0105 na celu zaszczepienie w dzieciach zami\u0142owania do aktywno\u015bci fizycznej, co mo\u017ce zaowocowa\u0107 d\u0142ugotrwa\u0142ymi zdrowymi nawykami. Poprzez motywowanie do regularnego treningu i aktywno\u015bci, dzieci zdobywaj\u0105 podstawy zdrowego stylu \u017cycia.<\/p>\n<p>Zaj\u0119cia typu Lato z Fyrtlem dla dzieci i m\u0142odzie\u017cy od 6 lat to nie tylko \u015bwietna okazja do aktywnego sp\u0119dzenia czasu podczas wakacji, ale tak\u017ce doskona\u0142y spos\u00f3b na rozwijanie nowych umiej\u0119tno\u015bci i budowanie przyja\u017ani w przyjaznej atmosferze. Do\u0142\u0105cz do nas i spraw, by te wakacje by\u0142y niezapomniane!<\/p>\n<p><strong>Lokalizacja:<\/strong> Szko\u0142a Podstawowa nr 62 przy ul. Druskienickiej 32<br \/>\n<strong>Termin:<\/strong> poniedzia\u0142ki, wtorki, \u015brody, czwartki i pi\u0105tki w godzinach 10:00 \u2013 12:00<\/p>\n<p><strong>Lokalizacja:<\/strong> Boisko przy ul. Krajeneckiej<br \/>\n<strong>Termin:<\/strong> poniedzia\u0142ki, \u015brody i pi\u0105tki w godzinach 12:15 &#8211; 14:15<\/p>\n<p><strong>Lokalizacja:<\/strong> Boisko przy ul. Braniewskiej 23<br \/>\n<strong>Termin:<\/strong> poniedzia\u0142ki, wtorki, \u015brody i czwartki w godzinach 14:30 &#8211; 16:30<\/p>\n<p><strong>Zapisy:<\/strong> w formie e-mail na adres bluesportsevent@gmail.com<br \/>\n<span class=\"x193iq5w xeuugli x13faqbe x1vvkbs xlh3980 xvmahel x1n0sxbx x6prxxf xvq8zen xo1l8bm xzsf02u\"><b>Start:<\/b> 1 lipca<\/span><\/p>\n<p>&nbsp;<\/p>\n<hr \/>\n<h4>PROGRAM NASZ SPORTOWY FYRTEL NA TERENIE REJONU NR 2 PRZEZNACZONY JEST DLA MIESZKA\u0143C\u00d3W KIEKRZA, KRZY\u017bOWNIK \u2013 SMOCHOWIC, PODOLAN ORAZ STRZESZYNA.<\/h4>\n<h4>UDZIA\u0141 W ZAJ\u0118CIACH CZY INNYCH AKTYWNO\u015aCIACH W RAMACH PROGRAMU NASZ SPORTOWY FYRTEL R\u00d3WNOZNACZNY JEST Z AKCEPTACJ\u0104 REGULAMINU PO UZUPE\u0141NIENIU O\u015aWIADCZENIA UCZESTNIKA ZAJ\u0118\u0106, KT\u00d3RE NALE\u017bY PRZED ROZPOCZ\u0118CIEM ZAJ\u0118\u0106 PRZEKAZA\u0106 INSTRUKTOROWI.<\/h4>\n<h4><a href=\"https:\/\/sportowyfyrtel.pl\/wp-content\/uploads\/2024\/02\/WZOR-3_Oswiadczenie-uczestnika-zajec-2024_NSF_F2.pdf\">O\u015aWIADCZENIE UCZESTNIKA ZAJ\u0118\u0106 DO POBRANIA<\/a><\/h4>\n<h4><a href=\"https:\/\/sportowyfyrtel.pl\/2\/godziny-zajec\/\">AKTUALNY HARMONOGRAM ZAJ\u0118\u0106<\/a><\/h4>\n<h4>PROBLEMY, PYTANIA I W\u0104TPLIWO\u015aCI: 2@sportowyfyrtel.pl<\/h4>\n","protected":false},"excerpt":{"rendered":"<p>Czo\u0142em Fyrtel nr 2! Nie zwalniamy tempa i zapraszamy dzieci, m\u0142odzie\u017c, doros\u0142ych i senior\u00f3w zamieszkuj\u0105cych rejon Kiekrz, Krzy\u017cowniki \u2013 Smochowice, Podolany oraz Strzeszyn do udzia\u0142u w kolejnych darmowych zaj\u0119ciach sportowych, kt\u00f3re w wyniku wsp\u00f3\u0142pracy z Radami Osiedla po raz kolejny ale mamy nadziej\u0119 nie ostatni go\u015bci\u0107 b\u0119d\u0105 na terenie Waszej dzielnicy! Pami\u0119tajcie, \u017ce udzia\u0142 w [&#8230;]<\/p>\n<p><a class=\"btn btn-secondary understrap-read-more-link\" href=\"https:\/\/sportowyfyrtel.pl\/2\/2024\/07\/11\/lato-z-fyrtlem-czyli-wakacyjna-aktywnosc-dla-dzieci-i-mlodziezy-od-6-lat-startuje-na-terenie-rejonu-nr-2-2\/\">Czytaj dalej\u2026<\/a><\/p>\n","protected":false},"author":9,"featured_media":0,"comment_status":"closed","ping_status":"closed","sticky":false,"template":"","format":"standard","meta":{"footnotes":""},"categories":[1],"tags":[],"_links":{"self":[{"href":"https:\/\/sportowyfyrtel.pl\/2\/wp-json\/wp\/v2\/posts\/1251"}],"collection":[{"href":"https:\/\/sportowyfyrtel.pl\/2\/wp-json\/wp\/v2\/posts"}],"about":[{"href":"https:\/\/sportowyfyrtel.pl\/2\/wp-json\/wp\/v2\/types\/post"}],"author":[{"embeddable":true,"href":"https:\/\/sportowyfyrtel.pl\/2\/wp-json\/wp\/v2\/users\/9"}],"replies":[{"embeddable":true,"href":"https:\/\/sportowyfyrtel.pl\/2\/wp-json\/wp\/v2\/comments?post=1251"}],"version-history":[{"count":3,"href":"https:\/\/sportowyfyrtel.pl\/2\/wp-json\/wp\/v2\/posts\/1251\/revisions"}],"predecessor-version":[{"id":1262,"href":"https:\/\/sportowyfyrtel.pl\/2\/wp-json\/wp\/v2\/posts\/1251\/revisions\/1262"}],"wp:attachment":[{"href":"https:\/\/sportowyfyrtel.pl\/2\/wp-json\/wp\/v2\/media?parent=1251"}],"wp:term":[{"taxonomy":"category","embeddable":true,"href":"https:\/\/sportowyfyrtel.pl\/2\/wp-json\/wp\/v2\/categories?post=1251"},{"taxonomy":"post_tag","embeddable":true,"href":"https:\/\/sportowyfyrtel.pl\/2\/wp-json\/wp\/v2\/tags?post=1251"}],"curies":[{"name":"wp","href":"https:\/\/api.w.org\/{rel}","templated":true}]}}