{"id":1246,"date":"2024-06-18T22:05:06","date_gmt":"2024-06-18T20:05:06","guid":{"rendered":"https:\/\/sportowyfyrtel.pl\/2\/?p=1246"},"modified":"2024-06-18T22:05:06","modified_gmt":"2024-06-18T20:05:06","slug":"parada-sobotkowa-z-naszym-sportowym-fyrtlem","status":"publish","type":"post","link":"https:\/\/sportowyfyrtel.pl\/2\/2024\/06\/18\/parada-sobotkowa-z-naszym-sportowym-fyrtlem\/","title":{"rendered":"Parada Sob\u00f3tkowa z Naszym Sportowym Fyrtlem!"},"content":{"rendered":"<p>Serdecznie zapraszamy do zapis\u00f3w do kajakowej reprezentacji Naszego Sportowego Fyrtla na Parad\u0119 Sob\u00f3tkow\u0105- Fyrtle na Warcie 2024!<\/p>\n<p>Trasa sp\u0142ywu nie jest d\u0142uga bo oko\u0142o 4,5 kilometrowa. Nie chodzi jednak o odleg\u0142o\u015b\u0107 ale o zaprezentowanie Naszego Sportowego Fyrtla na Paradzie Sob\u00f3tkowej &#8211; <a href=\"https:\/\/www.facebook.com\/paradasobotkowa\">https:\/\/www.facebook.com\/paradasobotkowa<\/a><\/p>\n<p>Rozpoczynamy na pla\u017cy Rataje. Met\u0105 jest pla\u017ca Szel\u0105g. Po drodze wp\u0142ywamy do basenu portowego w starym korycie Warty.<\/p>\n<p>UWAGA! Za\u0142oga Sportowego Fyrtla, kt\u00f3ra zaprezentuje najlepsze nakrycie g\u0142owy zwi\u0105zane z Noc\u0105 Kupa\u0142y\u00a0 (subiektywna ocena komandora i zamkowego;) otrzyma od nas specjalne upominki! Pami\u0119tajcie przy tym, \u017ce nasze kamizelki asekuracyjne musza by\u0107 za\u0142o\u017cone na ca\u0142ej trasie sp\u0142ywu!<\/p>\n<p>Rejestracja pod linkiem: <a href=\"https:\/\/forms.gle\/X62bpGaHdQz3Hkop8\">https:\/\/forms.gle\/X62bpGaHdQz3Hkop8<\/a><\/p>\n<p>Projekt finansowany ze \u015brodk\u00f3w Wydzia\u0142u Sportu Urz\u0119du Miasta Poznania w ramach Pozna\u0144skiego Bud\u017cetu Obywatelskiego 2024 dzi\u0119ki g\u0142osom mieszka\u0144c\u00f3w miasta Poznania.<\/p>\n<p>#POZNANWSPIERA<\/p>\n","protected":false},"excerpt":{"rendered":"<p>Serdecznie zapraszamy do zapis\u00f3w do kajakowej reprezentacji Naszego Sportowego Fyrtla na Parad\u0119 Sob\u00f3tkow\u0105- Fyrtle na Warcie 2024! Trasa sp\u0142ywu nie jest d\u0142uga bo oko\u0142o 4,5 kilometrowa. Nie chodzi jednak o odleg\u0142o\u015b\u0107 ale o zaprezentowanie Naszego Sportowego Fyrtla na Paradzie Sob\u00f3tkowej &#8211; https:\/\/www.facebook.com\/paradasobotkowa Rozpoczynamy na pla\u017cy Rataje. Met\u0105 jest pla\u017ca Szel\u0105g. Po drodze wp\u0142ywamy do basenu [&#8230;]<\/p>\n<p><a class=\"btn btn-secondary understrap-read-more-link\" href=\"https:\/\/sportowyfyrtel.pl\/2\/2024\/06\/18\/parada-sobotkowa-z-naszym-sportowym-fyrtlem\/\">Czytaj dalej\u2026<\/a><\/p>\n","protected":false},"author":3,"featured_media":0,"comment_status":"closed","ping_status":"closed","sticky":false,"template":"","format":"standard","meta":{"footnotes":""},"categories":[1],"tags":[],"_links":{"self":[{"href":"https:\/\/sportowyfyrtel.pl\/2\/wp-json\/wp\/v2\/posts\/1246"}],"collection":[{"href":"https:\/\/sportowyfyrtel.pl\/2\/wp-json\/wp\/v2\/posts"}],"about":[{"href":"https:\/\/sportowyfyrtel.pl\/2\/wp-json\/wp\/v2\/types\/post"}],"author":[{"embeddable":true,"href":"https:\/\/sportowyfyrtel.pl\/2\/wp-json\/wp\/v2\/users\/3"}],"replies":[{"embeddable":true,"href":"https:\/\/sportowyfyrtel.pl\/2\/wp-json\/wp\/v2\/comments?post=1246"}],"version-history":[{"count":1,"href":"https:\/\/sportowyfyrtel.pl\/2\/wp-json\/wp\/v2\/posts\/1246\/revisions"}],"predecessor-version":[{"id":1247,"href":"https:\/\/sportowyfyrtel.pl\/2\/wp-json\/wp\/v2\/posts\/1246\/revisions\/1247"}],"wp:attachment":[{"href":"https:\/\/sportowyfyrtel.pl\/2\/wp-json\/wp\/v2\/media?parent=1246"}],"wp:term":[{"taxonomy":"category","embeddable":true,"href":"https:\/\/sportowyfyrtel.pl\/2\/wp-json\/wp\/v2\/categories?post=1246"},{"taxonomy":"post_tag","embeddable":true,"href":"https:\/\/sportowyfyrtel.pl\/2\/wp-json\/wp\/v2\/tags?post=1246"}],"curies":[{"name":"wp","href":"https:\/\/api.w.org\/{rel}","templated":true}]}}