{"id":1232,"date":"2024-06-23T09:53:38","date_gmt":"2024-06-23T07:53:38","guid":{"rendered":"https:\/\/sportowyfyrtel.pl\/2\/?p=1232"},"modified":"2024-06-23T17:37:16","modified_gmt":"2024-06-23T15:37:16","slug":"tancz-razem-z-nami-zapraszamy-do-udzialu-w-wakacyjnym-maratonie-tanecznym-na-terenie-szkoly-podstawowej-nr-1-przy-ul-hezjoda-15","status":"publish","type":"post","link":"https:\/\/sportowyfyrtel.pl\/2\/2024\/06\/23\/tancz-razem-z-nami-zapraszamy-do-udzialu-w-wakacyjnym-maratonie-tanecznym-na-terenie-szkoly-podstawowej-nr-1-przy-ul-hezjoda-15\/","title":{"rendered":"Ta\u0144cz razem z nami! Zapraszamy do udzia\u0142u w Wakacyjnym Maratonie Tanecznym na terenie Szko\u0142y Podstawowej nr 1 przy ul. Hezjoda 15!"},"content":{"rendered":"<p>Czo\u0142em Fyrtel nr 2! Nie zwalniamy tempa i zapraszamy dzieci, m\u0142odzie\u017c, doros\u0142ych i senior\u00f3w zamieszkuj\u0105cych rejon Kiekrz, Krzy\u017cowniki \u2013 Smochowice, Podolany oraz Strzeszyn do udzia\u0142u w kolejnych darmowych zaj\u0119ciach sportowych, kt\u00f3re w wyniku wsp\u00f3\u0142pracy z Radami Osiedla po raz kolejny ale mamy nadziej\u0119 nie ostatni go\u015bci\u0107 b\u0119d\u0105 na terenie Waszej dzielnicy!<\/p>\n<p>Pami\u0119tajcie, \u017ce udzia\u0142 w naszych zaj\u0119ciach mo\u017cliwy jest tylko i wy\u0142\u0105cznie po wype\u0142nieniu o\u015bwiadczenia, kt\u00f3re nale\u017cy przekaza\u0107 trenerom czy instruktorom przed pierwszymi zaj\u0119ciami. Deklaracj\u0119 uczestnika zaj\u0119\u0107 w ramach programu Nasz Sportowy Fyrtel znajdziecie\u00a0<a href=\"https:\/\/sportowyfyrtel.pl\/wp-content\/uploads\/2024\/02\/WZOR-3_Oswiadczenie-uczestnika-zajec-2024_NSF_F2.pdf\">TUTAJ<\/a>, wype\u0142nijcie j\u0105 w domu, zabierzcie ze sob\u0105, a potem dajcie z siebie wszystko!<\/p>\n<hr \/>\n<p>&nbsp;<\/p>\n<h3><strong>MARATON TANECZNY<\/strong><\/h3>\n<p>Maraton Taneczny to dynamiczne i energetyczne zaj\u0119cia, kt\u00f3re \u0142\u0105cz\u0105 r\u00f3\u017cnorodne style taneczne w intensywnym treningu trwaj\u0105cym kilka godzin. Uczestnicy maj\u0105 okazj\u0119 spr\u00f3bowa\u0107 swoich si\u0142 w r\u00f3\u017cnych formach ta\u0144ca, takich jak salsa, zumba, hip-hop, dancehall i wiele innych. Maraton Taneczny to nie tylko \u015bwietny spos\u00f3b na sp\u0119dzenie czasu, ale tak\u017ce doskona\u0142a forma treningu kardio, kt\u00f3ra pozwala spali\u0107 du\u017c\u0105 ilo\u015b\u0107 kalorii i poprawi\u0107 kondycj\u0119 fizyczn\u0105. Korzy\u015bci z udzia\u0142u w Maratonie Tanecznym s\u0105 liczne. Intensywna aktywno\u015b\u0107 fizyczna przez d\u0142u\u017cszy czas przyczynia si\u0119 do poprawy wytrzyma\u0142o\u015bci i og\u00f3lnej kondycji organizmu. R\u00f3\u017cnorodno\u015b\u0107 styl\u00f3w tanecznych sprawia, \u017ce zaj\u0119cia s\u0105 interesuj\u0105ce i anga\u017cuj\u0105ce, co pomaga w utrzymaniu motywacji do \u0107wicze\u0144. Ponadto, taniec wp\u0142ywa pozytywnie na koordynacj\u0119 ruchow\u0105, elastyczno\u015b\u0107 oraz rytmik\u0119, a tak\u017ce pozwala na wyra\u017cenie siebie i redukcj\u0119 stresu poprzez zabaw\u0119 i ruch. Maraton Taneczny w ramach programu Nasz Sportowy Fyrtel to wyj\u0105tkowa okazja do po\u0142\u0105czenia przyjemno\u015bci ta\u0144ca z korzy\u015bciami p\u0142yn\u0105cymi z intensywnego treningu. To \u015bwietny spos\u00f3b na aktywne sp\u0119dzenie czasu, poznanie nowych styl\u00f3w tanecznych i cieszenie si\u0119 energi\u0105 wsp\u00f3lnego ta\u0144ca w gronie innych pasjonat\u00f3w.<\/p>\n<p><strong>Lokalizacja:<\/strong> Szko\u0142a Podstawowa nr 1 przy ul. Hezjoda 15<br \/>\n<strong>Termin:<\/strong> 30 czerwca (niedziela) w godzinach 10:00 \u2013 13:00<br \/>\n<strong>Zapisy:<\/strong> w formie e-mail na adres eemcia98@gmail.com<\/p>\n<p>&nbsp;<\/p>\n<hr \/>\n<h4>PROGRAM NASZ SPORTOWY FYRTEL NA TERENIE REJONU NR 2 PRZEZNACZONY JEST DLA MIESZKA\u0143C\u00d3W KIEKRZA, KRZY\u017bOWNIK \u2013 SMOCHOWIC, PODOLAN ORAZ STRZESZYNA.<\/h4>\n<h4>UDZIA\u0141 W ZAJ\u0118CIACH CZY INNYCH AKTYWNO\u015aCIACH W RAMACH PROGRAMU NASZ SPORTOWY FYRTEL R\u00d3WNOZNACZNY JEST Z AKCEPTACJ\u0104 REGULAMINU PO UZUPE\u0141NIENIU O\u015aWIADCZENIA UCZESTNIKA ZAJ\u0118\u0106, KT\u00d3RE NALE\u017bY PRZED ROZPOCZ\u0118CIEM ZAJ\u0118\u0106 PRZEKAZA\u0106 INSTRUKTOROWI.<\/h4>\n<h4><a href=\"https:\/\/sportowyfyrtel.pl\/wp-content\/uploads\/2024\/02\/WZOR-3_Oswiadczenie-uczestnika-zajec-2024_NSF_F2.pdf\">O\u015aWIADCZENIE UCZESTNIKA ZAJ\u0118\u0106 DO POBRANIA<\/a><\/h4>\n<h4><a href=\"https:\/\/sportowyfyrtel.pl\/2\/godziny-zajec\/\">AKTUALNY HARMONOGRAM ZAJ\u0118\u0106<\/a><\/h4>\n<h4>PROBLEMY, PYTANIA I W\u0104TPLIWO\u015aCI: 2@sportowyfyrtel.pl<\/h4>\n","protected":false},"excerpt":{"rendered":"<p>Czo\u0142em Fyrtel nr 2! Nie zwalniamy tempa i zapraszamy dzieci, m\u0142odzie\u017c, doros\u0142ych i senior\u00f3w zamieszkuj\u0105cych rejon Kiekrz, Krzy\u017cowniki \u2013 Smochowice, Podolany oraz Strzeszyn do udzia\u0142u w kolejnych darmowych zaj\u0119ciach sportowych, kt\u00f3re w wyniku wsp\u00f3\u0142pracy z Radami Osiedla po raz kolejny ale mamy nadziej\u0119 nie ostatni go\u015bci\u0107 b\u0119d\u0105 na terenie Waszej dzielnicy! Pami\u0119tajcie, \u017ce udzia\u0142 w [&#8230;]<\/p>\n<p><a class=\"btn btn-secondary understrap-read-more-link\" href=\"https:\/\/sportowyfyrtel.pl\/2\/2024\/06\/23\/tancz-razem-z-nami-zapraszamy-do-udzialu-w-wakacyjnym-maratonie-tanecznym-na-terenie-szkoly-podstawowej-nr-1-przy-ul-hezjoda-15\/\">Czytaj dalej\u2026<\/a><\/p>\n","protected":false},"author":9,"featured_media":0,"comment_status":"closed","ping_status":"closed","sticky":false,"template":"","format":"standard","meta":{"footnotes":""},"categories":[1],"tags":[],"_links":{"self":[{"href":"https:\/\/sportowyfyrtel.pl\/2\/wp-json\/wp\/v2\/posts\/1232"}],"collection":[{"href":"https:\/\/sportowyfyrtel.pl\/2\/wp-json\/wp\/v2\/posts"}],"about":[{"href":"https:\/\/sportowyfyrtel.pl\/2\/wp-json\/wp\/v2\/types\/post"}],"author":[{"embeddable":true,"href":"https:\/\/sportowyfyrtel.pl\/2\/wp-json\/wp\/v2\/users\/9"}],"replies":[{"embeddable":true,"href":"https:\/\/sportowyfyrtel.pl\/2\/wp-json\/wp\/v2\/comments?post=1232"}],"version-history":[{"count":2,"href":"https:\/\/sportowyfyrtel.pl\/2\/wp-json\/wp\/v2\/posts\/1232\/revisions"}],"predecessor-version":[{"id":1234,"href":"https:\/\/sportowyfyrtel.pl\/2\/wp-json\/wp\/v2\/posts\/1232\/revisions\/1234"}],"wp:attachment":[{"href":"https:\/\/sportowyfyrtel.pl\/2\/wp-json\/wp\/v2\/media?parent=1232"}],"wp:term":[{"taxonomy":"category","embeddable":true,"href":"https:\/\/sportowyfyrtel.pl\/2\/wp-json\/wp\/v2\/categories?post=1232"},{"taxonomy":"post_tag","embeddable":true,"href":"https:\/\/sportowyfyrtel.pl\/2\/wp-json\/wp\/v2\/tags?post=1232"}],"curies":[{"name":"wp","href":"https:\/\/api.w.org\/{rel}","templated":true}]}}