{"id":1218,"date":"2024-05-30T09:43:13","date_gmt":"2024-05-30T07:43:13","guid":{"rendered":"https:\/\/sportowyfyrtel.pl\/2\/?p=1218"},"modified":"2024-06-01T10:28:13","modified_gmt":"2024-06-01T08:28:13","slug":"zajecia-typu-deska-sup-dla-najmlodszych-mieszkancow-rejonu-nr-2-startuja-na-terenie-jeziora-kierskiego","status":"publish","type":"post","link":"https:\/\/sportowyfyrtel.pl\/2\/2024\/05\/30\/zajecia-typu-deska-sup-dla-najmlodszych-mieszkancow-rejonu-nr-2-startuja-na-terenie-jeziora-kierskiego\/","title":{"rendered":"Z\u0105j\u0119cia typu Deska SUP dla najm\u0142odszych mieszka\u0144c\u00f3w rejonu nr 2 startuj\u0105 na terenie Jeziora Kierskiego!"},"content":{"rendered":"<p>Czo\u0142em Fyrtel nr 2! Nie zwalniamy tempa i zapraszamy dzieci, m\u0142odzie\u017c, doros\u0142ych i senior\u00f3w zamieszkuj\u0105cych rejon Kiekrz, Krzy\u017cowniki \u2013 Smochowice, Podolany oraz Strzeszyn do udzia\u0142u w kolejnych darmowych zaj\u0119ciach sportowych, kt\u00f3re w wyniku wsp\u00f3\u0142pracy z Radami Osiedla po raz kolejny ale mamy nadziej\u0119 nie ostatni go\u015bci\u0107 b\u0119d\u0105 na terenie Waszej dzielnicy!<\/p>\n<p>Pami\u0119tajcie, \u017ce udzia\u0142 w naszych zaj\u0119ciach mo\u017cliwy jest tylko i wy\u0142\u0105cznie po wype\u0142nieniu o\u015bwiadczenia, kt\u00f3re nale\u017cy przekaza\u0107 trenerom czy instruktorom przed pierwszymi zaj\u0119ciami. Deklaracj\u0119 uczestnika zaj\u0119\u0107 w ramach programu Nasz Sportowy Fyrtel znajdziecie\u00a0<a href=\"https:\/\/sportowyfyrtel.pl\/wp-content\/uploads\/2024\/02\/WZOR-3_Oswiadczenie-uczestnika-zajec-2024_NSF_F2.pdf\">TUTAJ<\/a>, wype\u0142nijcie j\u0105 w domu, zabierzcie ze sob\u0105, a potem dajcie z siebie wszystko!<\/p>\n<hr \/>\n<p>&nbsp;<\/p>\n<h3><strong>DESKA SUP DLA DZIECI I M\u0141ODZIE\u017bY<\/strong><\/h3>\n<p>Zapraszamy na zaj\u0119cia Deska SUP (Stand-Up Paddleboarding) dla dzieci i m\u0142odzie\u017cy organizowane w ramach programu Nasz Sportowy Fyrtel. To wspania\u0142a okazja, aby spr\u00f3bowa\u0107 swoich si\u0142 w tej popularnej wodnej dyscyplinie sportowej, kt\u00f3ra \u0142\u0105czy zabaw\u0119 z aktywno\u015bci\u0105 fizyczn\u0105. Zaj\u0119cia prowadzone s\u0105 przez do\u015bwiadczonych instruktor\u00f3w, kt\u00f3rzy zapewni\u0105 bezpiecze\u0144stwo i odpowiedni\u0105 opiek\u0119 nad uczestnikami. SUP to sport, kt\u00f3ry polega na p\u0142yni\u0119ciu na desce i wios\u0142owaniu na stoj\u0105co. Jest idealny dla dzieci i m\u0142odzie\u017cy, poniewa\u017c rozwija r\u00f3wnowag\u0119, koordynacj\u0119 oraz wzmacnia mi\u0119\u015bnie ca\u0142ego cia\u0142a. Nasze zaj\u0119cia s\u0105 dostosowane do r\u00f3\u017cnych poziom\u00f3w zaawansowania, wi\u0119c ka\u017cdy, niezale\u017cnie od do\u015bwiadczenia, mo\u017ce wzi\u0105\u0107 w nich udzia\u0142.<\/p>\n<p>Animacja czasu wolnego dla dzieci i m\u0142odzie\u017cy na deskach SUP w letniej bazie sport\u00f3w wodnych Fundacji Just4Fit w Kiekrzu. Zapraszamy wszystkich ma\u0142ych mi\u0142o\u015bnik\u00f3w sportowych zabaw na sp\u0119dzenie czasu z kadr\u0105 fundacji na deskach SUP. Zabawa po\u0142\u0105czona z nauk\u0105, a przy tym integracja na wodzie. Pierwsza cz\u0119\u015b\u0107 szkolenia to merytoryka. Zanim wejdziemy na wod\u0119 przeka\u017cemy Ci wszystkie niezb\u0119dne informacje na l\u0105dzie. Wprowadzimy Ci\u0119 w SUP \u015bwiat od opowiedzenia Ci jakie s\u0105 rodzaje desek oraz wiose\u0142, w jaki spos\u00f3b s\u0105 zbudowane oraz czym si\u0119 r\u00f3\u017cni\u0105. Otrzymasz od nas podstawowe informacje na temat tego w jaki spos\u00f3b obchodzi\u0107 si\u0119 z desk\u0105 oraz o ni\u0105 dba\u0107. W tym bloku zaj\u0119\u0107 otrzymasz r\u00f3wnie\u017c podstawowe informacje na temat zasad bezpiecze\u0144stwa oraz przepis\u00f3w zwi\u0105zanych z poruszaniem si\u0119 na desce SUP, kt\u00f3re b\u0119dziemy dalej rozwija\u0107 podczas cz\u0119\u015bci praktycznej. Kolejnym punktem b\u0119dzie nauka wstawania i wios\u0142owania na sucho, tak aby\u015b wiedzia\u0142 co czeka Cie na wodzie. Podczas cz\u0119\u015bci praktycznej na wodzie dowiesz si\u0119 w jaki spos\u00f3b wykorzystywa\u0107 wios\u0142o oraz przemieszcza\u0107 si\u0119 po rzece lub jeziorze. Kiedy opanujesz techniki wios\u0142owania, przejdziemy do nauki bezpiecznego wstawania oraz reagowania w sytuacjach awaryjnych. W tym momencie p\u0142ywasz ju\u017c samodzielnie i mo\u017cesz cieszy\u0107 si\u0119 wszystkimi urokami p\u0142ywania na desce SUP.<\/p>\n<p>Do\u0142\u0105cz do nas i odkryj, jak przyjemna i ekscytuj\u0105ca mo\u017ce by\u0107 jazda na desce SUP. Zabierz ze sob\u0105 str\u00f3j k\u0105pielowy, r\u0119cznik i ch\u0119\u0107 do nauki. Czekamy na Ciebie!<\/p>\n<p><strong>Lokalizacja:<\/strong> Baza Sport\u00f3w Wodnych przy ul. Ksi\u0119dza Edwarda Nawrota 14 w Kiekrzu<br \/>\n<strong>Termin:<\/strong> 8, 15 i 22 czerwca (sobota) w godzinach 10:00 &#8211; 12:00,<br \/>\n9, 16, 23 i 30 lipca (wtorek) w godzinach 15:00 &#8211; 17:00,<br \/>\n13, 20 i 27 sierpnia (wtorek) w godzinach 15:00 &#8211; 17:00<br \/>\n<strong>Zapisy:\u00a0<\/strong>w formie e-mail na adres biuro@fundacjajust4fit.com lub SMS pod nr tel. 505469979 <strong>(od 3 czerwca od godziny 10:00 dla os\u00f3b, kt\u00f3re do tej pory nie uczestniczy\u0142y w danych zaj\u0119ciach, od 5 czerwca od godziny 10:00 dla pozosta\u0142ych uczestnik\u00f3w, zapisy z\u0142o\u017cone przed terminem rozpocz\u0119cia rekrutacji nie b\u0119d\u0105 uwzgl\u0119dnione!)<\/strong><strong><br \/>\n<\/strong><strong>Start:<\/strong> 8 czerwca<\/p>\n<p><strong>UWAGA! KA\u017bDY MIESZKANIEC REJONU NR 2 MO\u017bE WZI\u0104\u0106 UDZIA\u0141 TYLKO W 1 ZAJ\u0118CIACH TYPU DESKA SUP DLA DZIECI I M\u0141ODZIE\u017bY!<\/strong><\/p>\n<p>&nbsp;<\/p>\n<hr \/>\n<h4>PROGRAM NASZ SPORTOWY FYRTEL NA TERENIE REJONU NR 2 PRZEZNACZONY JEST DLA MIESZKA\u0143C\u00d3W KIEKRZA, KRZY\u017bOWNIK \u2013 SMOCHOWIC, PODOLAN ORAZ STRZESZYNA.<\/h4>\n<h4>UDZIA\u0141 W ZAJ\u0118CIACH CZY INNYCH AKTYWNO\u015aCIACH W RAMACH PROGRAMU NASZ SPORTOWY FYRTEL R\u00d3WNOZNACZNY JEST Z AKCEPTACJ\u0104 REGULAMINU PO UZUPE\u0141NIENIU O\u015aWIADCZENIA UCZESTNIKA ZAJ\u0118\u0106, KT\u00d3RE NALE\u017bY PRZED ROZPOCZ\u0118CIEM ZAJ\u0118\u0106 PRZEKAZA\u0106 INSTRUKTOROWI.<\/h4>\n<h4><a href=\"https:\/\/sportowyfyrtel.pl\/wp-content\/uploads\/2024\/02\/WZOR-3_Oswiadczenie-uczestnika-zajec-2024_NSF_F2.pdf\">O\u015aWIADCZENIE UCZESTNIKA ZAJ\u0118\u0106 DO POBRANIA<\/a><\/h4>\n<h4><a href=\"https:\/\/sportowyfyrtel.pl\/2\/godziny-zajec\/\">AKTUALNY HARMONOGRAM ZAJ\u0118\u0106<\/a><\/h4>\n<h4>PROBLEMY, PYTANIA I W\u0104TPLIWO\u015aCI: 2@sportowyfyrtel.pl<\/h4>\n","protected":false},"excerpt":{"rendered":"<p>Czo\u0142em Fyrtel nr 2! Nie zwalniamy tempa i zapraszamy dzieci, m\u0142odzie\u017c, doros\u0142ych i senior\u00f3w zamieszkuj\u0105cych rejon Kiekrz, Krzy\u017cowniki \u2013 Smochowice, Podolany oraz Strzeszyn do udzia\u0142u w kolejnych darmowych zaj\u0119ciach sportowych, kt\u00f3re w wyniku wsp\u00f3\u0142pracy z Radami Osiedla po raz kolejny ale mamy nadziej\u0119 nie ostatni go\u015bci\u0107 b\u0119d\u0105 na terenie Waszej dzielnicy! Pami\u0119tajcie, \u017ce udzia\u0142 w [&#8230;]<\/p>\n<p><a class=\"btn btn-secondary understrap-read-more-link\" href=\"https:\/\/sportowyfyrtel.pl\/2\/2024\/05\/30\/zajecia-typu-deska-sup-dla-najmlodszych-mieszkancow-rejonu-nr-2-startuja-na-terenie-jeziora-kierskiego\/\">Czytaj dalej\u2026<\/a><\/p>\n","protected":false},"author":9,"featured_media":0,"comment_status":"closed","ping_status":"closed","sticky":false,"template":"","format":"standard","meta":{"footnotes":""},"categories":[1],"tags":[],"_links":{"self":[{"href":"https:\/\/sportowyfyrtel.pl\/2\/wp-json\/wp\/v2\/posts\/1218"}],"collection":[{"href":"https:\/\/sportowyfyrtel.pl\/2\/wp-json\/wp\/v2\/posts"}],"about":[{"href":"https:\/\/sportowyfyrtel.pl\/2\/wp-json\/wp\/v2\/types\/post"}],"author":[{"embeddable":true,"href":"https:\/\/sportowyfyrtel.pl\/2\/wp-json\/wp\/v2\/users\/9"}],"replies":[{"embeddable":true,"href":"https:\/\/sportowyfyrtel.pl\/2\/wp-json\/wp\/v2\/comments?post=1218"}],"version-history":[{"count":2,"href":"https:\/\/sportowyfyrtel.pl\/2\/wp-json\/wp\/v2\/posts\/1218\/revisions"}],"predecessor-version":[{"id":1222,"href":"https:\/\/sportowyfyrtel.pl\/2\/wp-json\/wp\/v2\/posts\/1218\/revisions\/1222"}],"wp:attachment":[{"href":"https:\/\/sportowyfyrtel.pl\/2\/wp-json\/wp\/v2\/media?parent=1218"}],"wp:term":[{"taxonomy":"category","embeddable":true,"href":"https:\/\/sportowyfyrtel.pl\/2\/wp-json\/wp\/v2\/categories?post=1218"},{"taxonomy":"post_tag","embeddable":true,"href":"https:\/\/sportowyfyrtel.pl\/2\/wp-json\/wp\/v2\/tags?post=1218"}],"curies":[{"name":"wp","href":"https:\/\/api.w.org\/{rel}","templated":true}]}}