{"id":1216,"date":"2024-05-29T11:04:07","date_gmt":"2024-05-29T09:04:07","guid":{"rendered":"https:\/\/sportowyfyrtel.pl\/2\/?p=1216"},"modified":"2024-05-29T10:07:56","modified_gmt":"2024-05-29T08:07:56","slug":"niedzielny-splyw-kajakowy-do-czerwonaka-zapraszamy","status":"publish","type":"post","link":"https:\/\/sportowyfyrtel.pl\/2\/2024\/05\/29\/niedzielny-splyw-kajakowy-do-czerwonaka-zapraszamy\/","title":{"rendered":"Niedzielny sp\u0142yw kajakowy do Czerwonaka &#8211; zapraszamy"},"content":{"rendered":"<p>W najbli\u017csz\u0105 niedziel\u0119 2 czerwca serdecznie zapraszamy na sp\u0142yw kajakowy do Czerwonaka. Sp\u0142yw b\u0119dzie tradycyjnie zako\u0144czony ogniskiem.<\/p>\n<p><a href=\"https:\/\/forms.gle\/Ga6xHm3Ah5rNafUg9\">link do zg\u0142osze\u0144: https:\/\/forms.gle\/Ga6xHm3Ah5rNafUg9<\/a><\/p>\n<p>Do zobaczenia!<\/p>\n<p>Projekt finansowany ze \u015brodk\u00f3w Wydzia\u0142u Sportu Urz\u0119du Miasta Poznania w ramach Pozna\u0144skiego Bud\u017cetu Obywatelskiego 2024 dzi\u0119ki g\u0142osom mieszka\u0144c\u00f3w miasta Poznania.<\/p>\n<p>#POZNANWSPIERA<\/p>\n","protected":false},"excerpt":{"rendered":"<p>W najbli\u017csz\u0105 niedziel\u0119 2 czerwca serdecznie zapraszamy na sp\u0142yw kajakowy do Czerwonaka. Sp\u0142yw b\u0119dzie tradycyjnie zako\u0144czony ogniskiem. link do zg\u0142osze\u0144: https:\/\/forms.gle\/Ga6xHm3Ah5rNafUg9 Do zobaczenia! Projekt finansowany ze \u015brodk\u00f3w Wydzia\u0142u Sportu Urz\u0119du Miasta Poznania w ramach Pozna\u0144skiego Bud\u017cetu Obywatelskiego 2024 dzi\u0119ki g\u0142osom mieszka\u0144c\u00f3w miasta Poznania. #POZNANWSPIERA [&#8230;]<\/p>\n<p><a class=\"btn btn-secondary understrap-read-more-link\" href=\"https:\/\/sportowyfyrtel.pl\/2\/2024\/05\/29\/niedzielny-splyw-kajakowy-do-czerwonaka-zapraszamy\/\">Czytaj dalej\u2026<\/a><\/p>\n","protected":false},"author":3,"featured_media":0,"comment_status":"closed","ping_status":"closed","sticky":false,"template":"","format":"standard","meta":{"footnotes":""},"categories":[1],"tags":[],"_links":{"self":[{"href":"https:\/\/sportowyfyrtel.pl\/2\/wp-json\/wp\/v2\/posts\/1216"}],"collection":[{"href":"https:\/\/sportowyfyrtel.pl\/2\/wp-json\/wp\/v2\/posts"}],"about":[{"href":"https:\/\/sportowyfyrtel.pl\/2\/wp-json\/wp\/v2\/types\/post"}],"author":[{"embeddable":true,"href":"https:\/\/sportowyfyrtel.pl\/2\/wp-json\/wp\/v2\/users\/3"}],"replies":[{"embeddable":true,"href":"https:\/\/sportowyfyrtel.pl\/2\/wp-json\/wp\/v2\/comments?post=1216"}],"version-history":[{"count":1,"href":"https:\/\/sportowyfyrtel.pl\/2\/wp-json\/wp\/v2\/posts\/1216\/revisions"}],"predecessor-version":[{"id":1217,"href":"https:\/\/sportowyfyrtel.pl\/2\/wp-json\/wp\/v2\/posts\/1216\/revisions\/1217"}],"wp:attachment":[{"href":"https:\/\/sportowyfyrtel.pl\/2\/wp-json\/wp\/v2\/media?parent=1216"}],"wp:term":[{"taxonomy":"category","embeddable":true,"href":"https:\/\/sportowyfyrtel.pl\/2\/wp-json\/wp\/v2\/categories?post=1216"},{"taxonomy":"post_tag","embeddable":true,"href":"https:\/\/sportowyfyrtel.pl\/2\/wp-json\/wp\/v2\/tags?post=1216"}],"curies":[{"name":"wp","href":"https:\/\/api.w.org\/{rel}","templated":true}]}}