{"id":1212,"date":"2024-05-27T19:51:11","date_gmt":"2024-05-27T17:51:11","guid":{"rendered":"https:\/\/sportowyfyrtel.pl\/2\/?p=1212"},"modified":"2024-05-27T19:51:27","modified_gmt":"2024-05-27T17:51:27","slug":"startujemy-siatkowka-plazowa-dla-kazdego-na-plazy-malibu-nad-jeziorem-strzeszynskim","status":"publish","type":"post","link":"https:\/\/sportowyfyrtel.pl\/2\/2024\/05\/27\/startujemy-siatkowka-plazowa-dla-kazdego-na-plazy-malibu-nad-jeziorem-strzeszynskim\/","title":{"rendered":"Startujemy! Siatk\u00f3wka pla\u017cowa dla ka\u017cdego na pla\u017cy Malibu nad Jeziorem Strzeszy\u0144skim!"},"content":{"rendered":"<p>Czo\u0142em Fyrtel nr 2! Nie zwalniamy tempa i zapraszamy dzieci, m\u0142odzie\u017c, doros\u0142ych i senior\u00f3w zamieszkuj\u0105cych rejon Kiekrz, Krzy\u017cowniki \u2013 Smochowice, Podolany oraz Strzeszyn do udzia\u0142u w kolejnych darmowych zaj\u0119ciach sportowych, kt\u00f3re w wyniku wsp\u00f3\u0142pracy z Radami Osiedla po raz kolejny ale mamy nadziej\u0119 nie ostatni go\u015bci\u0107 b\u0119d\u0105 na terenie Waszej dzielnicy!<\/p>\n<p>Pami\u0119tajcie, \u017ce udzia\u0142 w naszych zaj\u0119ciach mo\u017cliwy jest tylko i wy\u0142\u0105cznie po wype\u0142nieniu o\u015bwiadczenia, kt\u00f3re nale\u017cy przekaza\u0107 trenerom czy instruktorom przed pierwszymi zaj\u0119ciami. Deklaracj\u0119 uczestnika zaj\u0119\u0107 w ramach programu Nasz Sportowy Fyrtel znajdziecie\u00a0<a href=\"https:\/\/sportowyfyrtel.pl\/wp-content\/uploads\/2024\/02\/WZOR-3_Oswiadczenie-uczestnika-zajec-2024_NSF_F2.pdf\">TUTAJ<\/a>, wype\u0142nijcie j\u0105 w domu, zabierzcie ze sob\u0105, a potem dajcie z siebie wszystko!<\/p>\n<hr \/>\n<p>&nbsp;<\/p>\n<h3><strong>SIATK\u00d3WKA PLA\u017bOWA<\/strong><\/h3>\n<p>Zapraszamy na zaj\u0119cia siatk\u00f3wki pla\u017cowej na \u015bwie\u017cym powietrzu organizowane w ramach programu Nasz Sportowy Fyrtel. To doskona\u0142a okazja, aby cieszy\u0107 si\u0119 sportem, gr\u0105, rywalizacj\u0105 i zabaw\u0105 na \u015bwie\u017cym powietrzu. Siatk\u00f3wka pla\u017cowa to dynamiczna i anga\u017cuj\u0105ca dyscyplina sportowa, kt\u00f3ra doskonale wp\u0142ywa na kondycj\u0119 fizyczn\u0105, koordynacj\u0119 oraz umiej\u0119tno\u015b\u0107 pracy zespo\u0142owej. Nasze zaj\u0119cia s\u0105 otwarte dla wszystkich, zar\u00f3wno dla pocz\u0105tkuj\u0105cych, jak i zaawansowanych graczy. Spotkania odbywaj\u0105 si\u0119 na specjalnie przygotowanych boiskach w naszej dzielnicy, co pozwala na pe\u0142ne korzystanie z urok\u00f3w gry na piasku. Regularne uczestnictwo w zaj\u0119ciach towarzyskiej gry w siatk\u00f3wk\u0119 pla\u017cow\u0105 przynosi wiele korzy\u015bci zdrowotnych, takich jak poprawa wytrzyma\u0142o\u015bci, zwi\u0119kszenie si\u0142y mi\u0119\u015bniowej oraz poprawa refleksu. Do\u0142\u0105cz do nas i przekonaj si\u0119, jak ekscytuj\u0105ca i satysfakcjonuj\u0105ca mo\u017ce by\u0107 siatk\u00f3wka pla\u017cowa na \u015bwie\u017cym powietrzu. Zabierz ze sob\u0105 str\u00f3j sportowy, butelk\u0119 wody i du\u017co energii. Czekamy na Ciebie!<\/p>\n<p><strong>Lokalizacja:<\/strong> Pla\u017ca Malibu nad Jeziorem Strzeszy\u0144skim<br \/>\n<strong>Termin:<\/strong> czwartki w godzinach 19:00 \u2013 20:30<br \/>\n<strong>Zapisy: <\/strong>w formie e-mail na adres bluesportsevent@gmail.com\u00a0<strong>(od 31 maja od godziny 10:00, zapisy z\u0142o\u017cone przed terminem rozpocz\u0119cia rekrutacji nie b\u0119d\u0105 uwzgl\u0119dnione!)<br \/>\n<\/strong><strong>Start:<\/strong> 3 czerwca<\/p>\n<p>&nbsp;<\/p>\n<hr \/>\n<h4>PROGRAM NASZ SPORTOWY FYRTEL NA TERENIE REJONU NR 2 PRZEZNACZONY JEST DLA MIESZKA\u0143C\u00d3W KIEKRZA, KRZY\u017bOWNIK \u2013 SMOCHOWIC, PODOLAN ORAZ STRZESZYNA.<\/h4>\n<h4>UDZIA\u0141 W ZAJ\u0118CIACH CZY INNYCH AKTYWNO\u015aCIACH W RAMACH PROGRAMU NASZ SPORTOWY FYRTEL R\u00d3WNOZNACZNY JEST Z AKCEPTACJ\u0104 REGULAMINU PO UZUPE\u0141NIENIU O\u015aWIADCZENIA UCZESTNIKA ZAJ\u0118\u0106, KT\u00d3RE NALE\u017bY PRZED ROZPOCZ\u0118CIEM ZAJ\u0118\u0106 PRZEKAZA\u0106 INSTRUKTOROWI.<\/h4>\n<h4><a href=\"https:\/\/sportowyfyrtel.pl\/wp-content\/uploads\/2024\/02\/WZOR-3_Oswiadczenie-uczestnika-zajec-2024_NSF_F2.pdf\">O\u015aWIADCZENIE UCZESTNIKA ZAJ\u0118\u0106 DO POBRANIA<\/a><\/h4>\n<h4><a href=\"https:\/\/sportowyfyrtel.pl\/2\/godziny-zajec\/\">AKTUALNY HARMONOGRAM ZAJ\u0118\u0106<\/a><\/h4>\n<h4>PROBLEMY, PYTANIA I W\u0104TPLIWO\u015aCI: 2@sportowyfyrtel.pl<\/h4>\n","protected":false},"excerpt":{"rendered":"<p>Czo\u0142em Fyrtel nr 2! Nie zwalniamy tempa i zapraszamy dzieci, m\u0142odzie\u017c, doros\u0142ych i senior\u00f3w zamieszkuj\u0105cych rejon Kiekrz, Krzy\u017cowniki \u2013 Smochowice, Podolany oraz Strzeszyn do udzia\u0142u w kolejnych darmowych zaj\u0119ciach sportowych, kt\u00f3re w wyniku wsp\u00f3\u0142pracy z Radami Osiedla po raz kolejny ale mamy nadziej\u0119 nie ostatni go\u015bci\u0107 b\u0119d\u0105 na terenie Waszej dzielnicy! Pami\u0119tajcie, \u017ce udzia\u0142 w [&#8230;]<\/p>\n<p><a class=\"btn btn-secondary understrap-read-more-link\" href=\"https:\/\/sportowyfyrtel.pl\/2\/2024\/05\/27\/startujemy-siatkowka-plazowa-dla-kazdego-na-plazy-malibu-nad-jeziorem-strzeszynskim\/\">Czytaj dalej\u2026<\/a><\/p>\n","protected":false},"author":9,"featured_media":0,"comment_status":"closed","ping_status":"closed","sticky":false,"template":"","format":"standard","meta":{"footnotes":""},"categories":[1],"tags":[],"_links":{"self":[{"href":"https:\/\/sportowyfyrtel.pl\/2\/wp-json\/wp\/v2\/posts\/1212"}],"collection":[{"href":"https:\/\/sportowyfyrtel.pl\/2\/wp-json\/wp\/v2\/posts"}],"about":[{"href":"https:\/\/sportowyfyrtel.pl\/2\/wp-json\/wp\/v2\/types\/post"}],"author":[{"embeddable":true,"href":"https:\/\/sportowyfyrtel.pl\/2\/wp-json\/wp\/v2\/users\/9"}],"replies":[{"embeddable":true,"href":"https:\/\/sportowyfyrtel.pl\/2\/wp-json\/wp\/v2\/comments?post=1212"}],"version-history":[{"count":2,"href":"https:\/\/sportowyfyrtel.pl\/2\/wp-json\/wp\/v2\/posts\/1212\/revisions"}],"predecessor-version":[{"id":1214,"href":"https:\/\/sportowyfyrtel.pl\/2\/wp-json\/wp\/v2\/posts\/1212\/revisions\/1214"}],"wp:attachment":[{"href":"https:\/\/sportowyfyrtel.pl\/2\/wp-json\/wp\/v2\/media?parent=1212"}],"wp:term":[{"taxonomy":"category","embeddable":true,"href":"https:\/\/sportowyfyrtel.pl\/2\/wp-json\/wp\/v2\/categories?post=1212"},{"taxonomy":"post_tag","embeddable":true,"href":"https:\/\/sportowyfyrtel.pl\/2\/wp-json\/wp\/v2\/tags?post=1212"}],"curies":[{"name":"wp","href":"https:\/\/api.w.org\/{rel}","templated":true}]}}