{"id":1209,"date":"2024-05-21T15:01:38","date_gmt":"2024-05-21T13:01:38","guid":{"rendered":"https:\/\/sportowyfyrtel.pl\/2\/?p=1209"},"modified":"2024-05-21T14:02:10","modified_gmt":"2024-05-21T12:02:10","slug":"niedzielny-splyw-na-kladke-do-owinsk","status":"publish","type":"post","link":"https:\/\/sportowyfyrtel.pl\/2\/2024\/05\/21\/niedzielny-splyw-na-kladke-do-owinsk\/","title":{"rendered":"Niedzielny sp\u0142yw na k\u0142adk\u0119 do Owi\u0144sk."},"content":{"rendered":"<p>Serdecznie zapraszamy na drug\u0105 w tym roku, kajakow\u0105 wycieczk\u0119 do Owi\u0144sk. Startujemy w niedziel\u0119 o godzinie 11:00!<\/p>\n<p><a href=\"https:\/\/forms.gle\/ixYUJaeygiZcLne7A\">Zapisy tradycyjnie poprzez formularz dost\u0119pny TU<\/a><\/p>\n<p>Do zobaczenia!<\/p>\n<p>Projekt finansowany ze \u015brodk\u00f3w Wydzia\u0142u Sportu Urz\u0119du Miasta Poznania w ramach Pozna\u0144skiego Bud\u017cetu Obywatelskiego 2024 dzi\u0119ki g\u0142osom mieszka\u0144c\u00f3w miasta Poznania.<\/p>\n<p>#POZNANWSPIERA<\/p>\n","protected":false},"excerpt":{"rendered":"<p>Serdecznie zapraszamy na drug\u0105 w tym roku, kajakow\u0105 wycieczk\u0119 do Owi\u0144sk. Startujemy w niedziel\u0119 o godzinie 11:00! Zapisy tradycyjnie poprzez formularz dost\u0119pny TU Do zobaczenia! Projekt finansowany ze \u015brodk\u00f3w Wydzia\u0142u Sportu Urz\u0119du Miasta Poznania w ramach Pozna\u0144skiego Bud\u017cetu Obywatelskiego 2024 dzi\u0119ki g\u0142osom mieszka\u0144c\u00f3w miasta Poznania. #POZNANWSPIERA [&#8230;]<\/p>\n<p><a class=\"btn btn-secondary understrap-read-more-link\" href=\"https:\/\/sportowyfyrtel.pl\/2\/2024\/05\/21\/niedzielny-splyw-na-kladke-do-owinsk\/\">Czytaj dalej\u2026<\/a><\/p>\n","protected":false},"author":3,"featured_media":0,"comment_status":"closed","ping_status":"closed","sticky":false,"template":"","format":"standard","meta":{"footnotes":""},"categories":[1],"tags":[],"_links":{"self":[{"href":"https:\/\/sportowyfyrtel.pl\/2\/wp-json\/wp\/v2\/posts\/1209"}],"collection":[{"href":"https:\/\/sportowyfyrtel.pl\/2\/wp-json\/wp\/v2\/posts"}],"about":[{"href":"https:\/\/sportowyfyrtel.pl\/2\/wp-json\/wp\/v2\/types\/post"}],"author":[{"embeddable":true,"href":"https:\/\/sportowyfyrtel.pl\/2\/wp-json\/wp\/v2\/users\/3"}],"replies":[{"embeddable":true,"href":"https:\/\/sportowyfyrtel.pl\/2\/wp-json\/wp\/v2\/comments?post=1209"}],"version-history":[{"count":1,"href":"https:\/\/sportowyfyrtel.pl\/2\/wp-json\/wp\/v2\/posts\/1209\/revisions"}],"predecessor-version":[{"id":1210,"href":"https:\/\/sportowyfyrtel.pl\/2\/wp-json\/wp\/v2\/posts\/1209\/revisions\/1210"}],"wp:attachment":[{"href":"https:\/\/sportowyfyrtel.pl\/2\/wp-json\/wp\/v2\/media?parent=1209"}],"wp:term":[{"taxonomy":"category","embeddable":true,"href":"https:\/\/sportowyfyrtel.pl\/2\/wp-json\/wp\/v2\/categories?post=1209"},{"taxonomy":"post_tag","embeddable":true,"href":"https:\/\/sportowyfyrtel.pl\/2\/wp-json\/wp\/v2\/tags?post=1209"}],"curies":[{"name":"wp","href":"https:\/\/api.w.org\/{rel}","templated":true}]}}