{"id":1202,"date":"2024-05-15T13:19:32","date_gmt":"2024-05-15T11:19:32","guid":{"rendered":"https:\/\/sportowyfyrtel.pl\/2\/?p=1202"},"modified":"2024-05-15T13:46:24","modified_gmt":"2024-05-15T11:46:24","slug":"uwaga-kobiety-zaczynamy-zajecia-typu-pilka-nozna-dla-kobiet-18-na-terenie-boisku-przy-ul-krajeneckiej","status":"publish","type":"post","link":"https:\/\/sportowyfyrtel.pl\/2\/2024\/05\/15\/uwaga-kobiety-zaczynamy-zajecia-typu-pilka-nozna-dla-kobiet-18-na-terenie-boisku-przy-ul-krajeneckiej\/","title":{"rendered":"Drogie Panie! Zaczynamy zaj\u0119cia typu Pi\u0142ka no\u017cna dla kobiet 18+ na terenie boisku przy ul. Krajeneckiej!"},"content":{"rendered":"<p>Czo\u0142em Fyrtel nr 2! Nie zwalniamy tempa i zapraszamy dzieci, m\u0142odzie\u017c, doros\u0142ych i senior\u00f3w zamieszkuj\u0105cych rejon Kiekrz, Krzy\u017cowniki \u2013 Smochowice, Podolany oraz Strzeszyn do udzia\u0142u w kolejnych darmowych zaj\u0119ciach sportowych, kt\u00f3re w wyniku wsp\u00f3\u0142pracy z Radami Osiedla po raz kolejny ale mamy nadziej\u0119 nie ostatni go\u015bci\u0107 b\u0119d\u0105 na terenie Waszej dzielnicy!<\/p>\n<p>Pami\u0119tajcie, \u017ce udzia\u0142 w naszych zaj\u0119ciach mo\u017cliwy jest tylko i wy\u0142\u0105cznie po wype\u0142nieniu o\u015bwiadczenia, kt\u00f3re nale\u017cy przekaza\u0107 trenerom czy instruktorom przed pierwszymi zaj\u0119ciami. Deklaracj\u0119 uczestnika zaj\u0119\u0107 w ramach programu Nasz Sportowy Fyrtel znajdziecie\u00a0<a href=\"https:\/\/sportowyfyrtel.pl\/wp-content\/uploads\/2024\/02\/WZOR-3_Oswiadczenie-uczestnika-zajec-2024_NSF_F2.pdf\">TUTAJ<\/a>, wype\u0142nijcie j\u0105 w domu, zabierzcie ze sob\u0105, a potem dajcie z siebie wszystko!<\/p>\n<hr \/>\n<p>&nbsp;<\/p>\n<h3><strong>PI\u0141KA NO\u017bNA DLA KOBIET 18+<\/strong><\/h3>\n<p>Zaj\u0119cia pi\u0142ki no\u017cnej dla kobiet 18+ to doskona\u0142a okazja dla wszystkich pa\u0144, kt\u00f3re chc\u0105 aktywnie sp\u0119dza\u0107 czas na boisku i rozwija\u0107 swoje umiej\u0119tno\u015bci pi\u0142karskie. Podczas tych zaj\u0119\u0107, uczestniczki maj\u0105 mo\u017cliwo\u015b\u0107 trenowania techniki, taktyki oraz wsp\u00f3\u0142pracy zespo\u0142owej pod okiem do\u015bwiadczonego trenera. Niezale\u017cnie od poziomu zaawansowania, zaj\u0119cia s\u0105 dostosowane do potrzeb i umiej\u0119tno\u015bci uczestniczek, zach\u0119caj\u0105c do aktywno\u015bci fizycznej oraz budowania relacji z innymi kobietami. Atmosfera na boisku jest pe\u0142na entuzjazmu i pozytywnej energii, co sprawia, \u017ce ka\u017cda uczestniczka mo\u017ce czerpa\u0107 rado\u015b\u0107 z gry w pi\u0142k\u0119 no\u017cn\u0105 i jednocze\u015bnie dba\u0107 o kondycj\u0119 fizyczn\u0105. Zaj\u0119cia pi\u0142ki no\u017cnej dla kobiet 18+ w ramach programu Nasz Sportowy Fyrtel to nie tylko sportowa rywalizacja, ale r\u00f3wnie\u017c okazja do integracji z innymi kobietami i wsp\u00f3lnego pasjonowania si\u0119 futbolem.<\/p>\n<p><strong>Lokalizacja:<\/strong> Boisko przy ul. Krajeneckiej<br \/>\n<strong>Termin:<\/strong> \u015brody w godzinach 19:30 &#8211; 21:00<br \/>\n<strong>Zapisy:<\/strong> w formie SMS pod nr tel. 669091910 <strong>(od 20 maja od godziny 10:00 dla pozosta\u0142ych uczestnik\u00f3w, zapisy z\u0142o\u017cone przed terminem rozpocz\u0119cia rekrutacji nie b\u0119d\u0105 uwzgl\u0119dnione!)<br \/>\n<\/strong><strong>Start:<\/strong> 27 maja<\/p>\n<p>&nbsp;<\/p>\n<hr \/>\n<h4>PROGRAM NASZ SPORTOWY FYRTEL NA TERENIE REJONU NR 2 PRZEZNACZONY JEST DLA MIESZKA\u0143C\u00d3W KIEKRZA, KRZY\u017bOWNIK \u2013 SMOCHOWIC, PODOLAN ORAZ STRZESZYNA.<\/h4>\n<h4>UDZIA\u0141 W ZAJ\u0118CIACH CZY INNYCH AKTYWNO\u015aCIACH W RAMACH PROGRAMU NASZ SPORTOWY FYRTEL R\u00d3WNOZNACZNY JEST Z AKCEPTACJ\u0104 REGULAMINU PO UZUPE\u0141NIENIU O\u015aWIADCZENIA UCZESTNIKA ZAJ\u0118\u0106, KT\u00d3RE NALE\u017bY PRZED ROZPOCZ\u0118CIEM ZAJ\u0118\u0106 PRZEKAZA\u0106 INSTRUKTOROWI.<\/h4>\n<h4><a href=\"https:\/\/sportowyfyrtel.pl\/wp-content\/uploads\/2024\/02\/WZOR-3_Oswiadczenie-uczestnika-zajec-2024_NSF_F2.pdf\">O\u015aWIADCZENIE UCZESTNIKA ZAJ\u0118\u0106 DO POBRANIA<\/a><\/h4>\n<h4><a href=\"https:\/\/sportowyfyrtel.pl\/2\/godziny-zajec\/\">AKTUALNY HARMONOGRAM ZAJ\u0118\u0106<\/a><\/h4>\n<h4>PROBLEMY, PYTANIA I W\u0104TPLIWO\u015aCI: 2@sportowyfyrtel.pl<\/h4>\n","protected":false},"excerpt":{"rendered":"<p>Czo\u0142em Fyrtel nr 2! Nie zwalniamy tempa i zapraszamy dzieci, m\u0142odzie\u017c, doros\u0142ych i senior\u00f3w zamieszkuj\u0105cych rejon Kiekrz, Krzy\u017cowniki \u2013 Smochowice, Podolany oraz Strzeszyn do udzia\u0142u w kolejnych darmowych zaj\u0119ciach sportowych, kt\u00f3re w wyniku wsp\u00f3\u0142pracy z Radami Osiedla po raz kolejny ale mamy nadziej\u0119 nie ostatni go\u015bci\u0107 b\u0119d\u0105 na terenie Waszej dzielnicy! Pami\u0119tajcie, \u017ce udzia\u0142 w [&#8230;]<\/p>\n<p><a class=\"btn btn-secondary understrap-read-more-link\" href=\"https:\/\/sportowyfyrtel.pl\/2\/2024\/05\/15\/uwaga-kobiety-zaczynamy-zajecia-typu-pilka-nozna-dla-kobiet-18-na-terenie-boisku-przy-ul-krajeneckiej\/\">Czytaj dalej\u2026<\/a><\/p>\n","protected":false},"author":9,"featured_media":0,"comment_status":"closed","ping_status":"closed","sticky":false,"template":"","format":"standard","meta":{"footnotes":""},"categories":[1],"tags":[],"_links":{"self":[{"href":"https:\/\/sportowyfyrtel.pl\/2\/wp-json\/wp\/v2\/posts\/1202"}],"collection":[{"href":"https:\/\/sportowyfyrtel.pl\/2\/wp-json\/wp\/v2\/posts"}],"about":[{"href":"https:\/\/sportowyfyrtel.pl\/2\/wp-json\/wp\/v2\/types\/post"}],"author":[{"embeddable":true,"href":"https:\/\/sportowyfyrtel.pl\/2\/wp-json\/wp\/v2\/users\/9"}],"replies":[{"embeddable":true,"href":"https:\/\/sportowyfyrtel.pl\/2\/wp-json\/wp\/v2\/comments?post=1202"}],"version-history":[{"count":3,"href":"https:\/\/sportowyfyrtel.pl\/2\/wp-json\/wp\/v2\/posts\/1202\/revisions"}],"predecessor-version":[{"id":1206,"href":"https:\/\/sportowyfyrtel.pl\/2\/wp-json\/wp\/v2\/posts\/1202\/revisions\/1206"}],"wp:attachment":[{"href":"https:\/\/sportowyfyrtel.pl\/2\/wp-json\/wp\/v2\/media?parent=1202"}],"wp:term":[{"taxonomy":"category","embeddable":true,"href":"https:\/\/sportowyfyrtel.pl\/2\/wp-json\/wp\/v2\/categories?post=1202"},{"taxonomy":"post_tag","embeddable":true,"href":"https:\/\/sportowyfyrtel.pl\/2\/wp-json\/wp\/v2\/tags?post=1202"}],"curies":[{"name":"wp","href":"https:\/\/api.w.org\/{rel}","templated":true}]}}