{"id":1199,"date":"2024-05-14T13:46:49","date_gmt":"2024-05-14T11:46:49","guid":{"rendered":"https:\/\/sportowyfyrtel.pl\/2\/?p=1199"},"modified":"2024-05-14T13:47:00","modified_gmt":"2024-05-14T11:47:00","slug":"dwie-rowerowe-propozycje-na-sobote","status":"publish","type":"post","link":"https:\/\/sportowyfyrtel.pl\/2\/2024\/05\/14\/dwie-rowerowe-propozycje-na-sobote\/","title":{"rendered":"Dwie rowerowe propozycje na sobot\u0119"},"content":{"rendered":"<p>Czo\u0142em Fyrtel nr 2! Nie zwalniamy tempa i zapraszamy dzieci, m\u0142odzie\u017c, doros\u0142ych i senior\u00f3w zamieszkuj\u0105cych rejon Kiekrz, Krzy\u017cowniki \u2013 Smochowice, Podolany oraz Strzeszyn do udzia\u0142u w kolejnych darmowych aktywno\u015bciach sportowych, kt\u00f3re po raz kolejny ale mamy nadziej\u0119 nie ostatni go\u015bci\u0107 b\u0119d\u0105 na terenie Waszej dzielnicy!<\/p>\n<p>Pami\u0119tajcie, \u017ce udzia\u0142 w naszych zaj\u0119ciach mo\u017cliwy jest tylko i wy\u0142\u0105cznie po wype\u0142nieniu o\u015bwiadczenia, kt\u00f3re nale\u017cy przekaza\u0107 trenerom czy instruktorom przed pierwszymi zaj\u0119ciami. Deklaracj\u0119 uczestnika zaj\u0119\u0107 w ramach programu Nasz Sportowy Fyrtel znajdziecie\u00a0<a href=\"https:\/\/sportowyfyrtel.pl\/wp-content\/uploads\/2024\/02\/WZOR-3_Oswiadczenie-uczestnika-zajec-2024_NSF_F2.pdf\">TUTAJ<\/a>, wype\u0142nijcie j\u0105 w domu, zabierzcie ze sob\u0105, a potem dajcie z siebie wszystko!<\/p>\n<hr \/>\n<p>Tym razem mamy dla Was dwie rowerowe propozycje:<\/p>\n<div class=\"xdj266r x11i5rnm xat24cr x1mh8g0r x1vvkbs\">\n<div class=\"xdj266r x11i5rnm xat24cr x1mh8g0r x1vvkbs\">\n<div class=\"xdj266r x11i5rnm xat24cr x1mh8g0r x1vvkbs\">\n<div class=\"x11i5rnm xat24cr x1mh8g0r x1vvkbs xtlvy1s\">Dzieci\u0119cy Rajd Rowerowy oraz Rodzinny Rajd Rowerowy<\/div>\n<div class=\"x11i5rnm xat24cr x1mh8g0r x1vvkbs xtlvy1s\">Pierwsza propozycja to ma\u0142a rowerowa wycieczka, dystans 10-15km, utwardzone drogi i tempo dostosowane do m\u0142odszych rowerzyst\u00f3w. Ca\u0142o\u015b\u0107 ko\u0144czy si\u0119 na festynie projektu Nasz Sportowy Fyrtel, gdzie czeka\u0107 b\u0119d\u0105 groch\u00f3wka oraz atrakcje dla m\u0142odszych jak i starszych.<\/div>\n<div class=\"x11i5rnm xat24cr x1mh8g0r x1vvkbs xtlvy1s\">Druga propozycja to nasz standardowy Rodzinny Rajd Rowerowy \u2013 dystans zak\u0142adamy 25-30km, ca\u0142o\u015b\u0107 zako\u0144czona posi\u0142kiem oraz atrakcj\u0105.<\/div>\n<div><\/div>\n<div class=\"x11i5rnm xat24cr x1mh8g0r x1vvkbs xtlvy1s\">PLAN<br class=\"html-br\" \/>Spotykamy si\u0119 18 maja \u2013 sobota:<br class=\"html-br\" \/>\u2013 o 9:30 przy Rondzie Rataje DZIECI\u0118CY RAJ ROWEROWY<br class=\"html-br\" \/>\u2013 o 11:30 przy Mo\u015bcie Kolejowym na Staro\u0142\u0119ce RODZINNY RAJD ROWEROWY<\/div>\n<div class=\"x11i5rnm xat24cr x1mh8g0r x1vvkbs xtlvy1s\">i wsp\u00f3lnie wyruszamy na rowerow\u0105 wycieczk\u0119<\/div>\n<div><\/div>\n<div class=\"x11i5rnm xat24cr x1mh8g0r x1vvkbs xtlvy1s\">DLA KOGO<br class=\"html-br\" \/>DZIECI\u0118CY RAJD ROWEROWY:<br class=\"html-br\" \/>Dzieci, rodzice, tak\u017ce doro\u015bli uczestnicy bez dzieci \u2013 ale uprzedzamy \u2013 tempo b\u0119dzie spokojne. Dolna granica wieku zale\u017cy od oceny rodzic\u00f3w \u2013 wa\u017cne, aby dziecko je\u017adzi\u0142o ju\u017c samodzielnie na rowerze (i by\u0142o w stanie przejecha\u0107 d\u0142u\u017cszy dystans bez postoj\u00f3w co 100m). Rowerki biegowe rzecz jasna odpadaj\u0105!<\/div>\n<div class=\"x11i5rnm xat24cr x1mh8g0r x1vvkbs xtlvy1s\">RODZIENNY RAJD ROWEROWY:<br class=\"html-br\" \/>Do uczestnictwa w wydarzeniu uprawnieni s\u0105 mieszka\u0144cy rejon\u00f3w, w kt\u00f3rych realizowany jest projekt Nasz Sportowy Fyrtel (list\u0119 za\u0142\u0105czamy na ko\u0144cu opisu), najm\u0142odsi uczestnicy musz\u0105 jecha\u0107 w przyczepkach lub w fotelikach. Do pokonania mamy tras\u0119 ok 30-35 km.<\/div>\n<div><\/div>\n<div class=\"x11i5rnm xat24cr x1mh8g0r x1vvkbs xtlvy1s\">CZY JA\/MOJE DZIECKO DAMY RAD\u0118?<br class=\"html-br\" \/>DZIECI\u0118CY RAJD ROWEROWY<br class=\"html-br\" \/>Wydarzenie dedykowane m\u0142odszych rowerzystom, wi\u0119c wierzymy \u017ce rad\u0119 dadz\u0105 wszyscy!<\/div>\n<div class=\"x11i5rnm xat24cr x1mh8g0r x1vvkbs xtlvy1s\">RODZINNY RAJD ROWEROWY:<br class=\"html-br\" \/>\u015arednie tempo przejazdu to 11-12 km\/h. Doradzamy, aby m\u0142odsze dzieci mia\u0142y ju\u017c za sob\u0105 jakie\u015b d\u0142u\u017csze wycieczki rowerowe (i dobrze dobrany sprz\u0119t \u2013 na dzieci\u0119cym rowerku bez przerzutek mo\u017ce by\u0107 ci\u0119\u017cko pokona\u0107 le\u015bny odcinek). Odradzamy rowery szosowe \u2013 trasa zawsze przebiega nieutwardzonymi drogami.<\/div>\n<div><\/div>\n<div class=\"x11i5rnm xat24cr x1mh8g0r x1vvkbs xtlvy1s\">CO ZABRA\u0106<br class=\"html-br\" \/>Zapasowa d\u0119tka, woda, dobry humor, co\u015b na komary, DZIECI i M\u0141ODZIE\u017b OBOWIAZKOWO KASKI<\/div>\n<div><\/div>\n<div class=\"x11i5rnm xat24cr x1mh8g0r x1vvkbs xtlvy1s\">WARUNKI UCZESTNICTWA<br class=\"html-br\" \/>\u2013 status mieszka\u0144ca osiedla, na kt\u00f3rym realizowany jest projekt Nasz Sportowy Fyrtel<br class=\"html-br\" \/>\u2013 wymagane wcze\u015bniejsza rejestracja (nie zabieramy os\u00f3b NIEZAREJESTROWANYCH)<br class=\"html-br\" \/>\u2013 udzia\u0142 i atrakcje s\u0105 BEZP\u0141ATNE<br class=\"html-br\" \/>\u2013 ilo\u015b\u0107 miejsc ograniczona<\/div>\n<div><\/div>\n<div class=\"x11i5rnm xat24cr x1mh8g0r x1vvkbs xtlvy1s\">ZAPISY<br class=\"html-br\" \/>REJESTRUJ\u0104C SI\u0118 B\u0104D\u0179 ZDECYDOWANY NA UDZIA\u0141 W 100%! NIE ZAJMUJ KOMU\u015a MIEJSCA, JE\u015aLI SI\u0118 WAHASZ LUB SPODZIEWASZ ZMIANY PLAN\u00d3W!<br class=\"html-br\" \/>\u2013 poprzez formularz \u2013 kliknij i zapisz siebie lub swoj\u0105 ekip\u0119:\u00a0<a class=\"x1i10hfl xjbqb8w x1ejq31n xd10rxx x1sy0etr x17r0tee x972fbf xcfux6l x1qhh985 xm0m39n x9f619 x1ypdohk xt0psk2 xe8uvvx xdj266r x11i5rnm xat24cr x1mh8g0r xexx8yu x4uap5 x18d9i69 xkhd6sd x16tdsg8 x1hl2dhg xggy1nq x1a2a7pz x1sur9pj xkrqix3 x1fey0fg\" tabindex=\"0\" role=\"link\" href=\"https:\/\/l.facebook.com\/l.php?u=https%3A%2F%2Fforms.gle%2FucUaQcdpVRiJ5DsTA%3Ffbclid%3DIwZXh0bgNhZW0CMTAAAR0uu1ZFWWAcMEAHSz7wqlXAY3UMQ5GmEwET9W0CPt-mlK1c0Fa1x2x-1yw_aem_AZ6v0lZzhyB3s-yBs3KPjpjbcZ7S7jMYfHHrwXVKyFldP5ORInlH9umqgcvxdUf7GuqoTMhXVGZ2iADQAAVbxmz5&amp;h=AT2KStij-rwtPIXHDqrPuuVKa_rcTQTyHvkd6QZ1ntohinoleqsj5gpIfcJ4Gb2b3VAmgLue98iMlxXc4wrbVvaZP_Xj4Dn2R_7sS04S64umJs_21BAjQo_Yev-yUeEOwd3D&amp;__tn__=q&amp;c[0]=AT2ktu3QYLlriXjdJVP5OkD_lVolATnOoNKwCd0X4ntdSld8LQ8El2ip3dYXeP7mQ50ac6BsmIeGh0lKCUdAS7XXlBsBBrvRJlk5nc6c-2yxn449PC6ormP3nFo4dre1QiQgqFG0h1VoIV7l5OGHDqn8n7KUVZpnxkThjS8vT_vh3PdpI5XS\" target=\"_blank\" rel=\"nofollow noopener noreferrer\">https:\/\/forms.gle\/ucUaQcdpVRiJ5DsTA<\/a><\/div>\n<div class=\"x11i5rnm xat24cr x1mh8g0r x1vvkbs xtlvy1s\"><\/div>\n<div class=\"x11i5rnm xat24cr x1mh8g0r x1vvkbs xtlvy1s\">Rajd organizowany jest w ramach projektu Nasz Sportowy Fyrtel. W przypadku niepogody termin mo\u017ce ulec zmianie. Osoby niepe\u0142noletnie mog\u0105 bra\u0107 udzia\u0142 tylko w obecno\u015bci rodzica\/opiekuna.<\/div>\n<div class=\"x11i5rnm xat24cr x1mh8g0r x1vvkbs xtlvy1s\"><\/div>\n<div class=\"x11i5rnm xat24cr x1mh8g0r x1vvkbs xtlvy1s\">Lista rejon\u00f3w Poznania, w kt\u00f3rych dzia\u0142a nasz projekt (i jednocze\u015bnie mieszka\u0144cy tych obszar\u00f3w s\u0105 zaproszeni do udzia\u0142u w wydarzeniu):<\/div>\n<div class=\"x11i5rnm xat24cr x1mh8g0r x1vvkbs xtlvy1s\">Fyrtel 1: Nowe Winogrady P\u00f3\u0142noc, Nowe Winogrady Po\u0142udnie, Nowe Winogrady Wsch\u00f3d, Stare Winogrady<br class=\"html-br\" \/>Fyrtel 2: Kiekrz, Krzy\u017cowniki, Smochowice, Podolany, Strzeszyn<br class=\"html-br\" \/>Fyrtel 4: G\u0142uszyna, Krzesiny-Pokrzywno-Garaszewo, Staro\u0142\u0119ka- Minikowo-Marlewo, Szczepankowo-Sp\u0142awie-Krzesinki<br class=\"html-br\" \/>Fyrtel 5: Grunwald P\u00f3\u0142noc, Grunwald Po\u0142udnie, Stary Grunwald<br class=\"html-br\" \/>Fyrtel 8: Chartowo, Rataje oraz \u017begrze<br class=\"html-br\" \/>Fyrtel 10: \u015awierczewo, Wilda oraz Zielony D\u0119biec<br class=\"html-br\" \/>Fyrtel 11: Fabianowo-Kotowo, G\u00f3rczyn, Junikowo, Kwiatowe, \u0141awica.<br class=\"html-br\" \/>Fyrtel 12: Antoninek-Zieliniec-Kobylepole, G\u0142\u00f3wna, Ostr\u00f3w Tumski-\u015ar\u00f3dka-Zawady-Komandoria, Warszawskie-Pomet-Malta\u0144skie<\/div>\n<div><\/div>\n<\/div>\n<\/div>\n<\/div>\n<hr \/>\n<h4>PROGRAM NASZ SPORTOWY FYRTEL NA TERENIE REJONU NR 2 PRZEZNACZONY JEST DLA MIESZKA\u0143C\u00d3W KIEKRZA, KRZY\u017bOWNIK \u2013 SMOCHOWIC, PODOLAN ORAZ STRZESZYNA.<\/h4>\n<h4>UDZIA\u0141 W ZAJ\u0118CIACH CZY INNYCH AKTYWNO\u015aCIACH W RAMACH PROGRAMU NASZ SPORTOWY FYRTEL R\u00d3WNOZNACZNY JEST Z AKCEPTACJ\u0104 REGULAMINU PO UZUPE\u0141NIENIU O\u015aWIADCZENIA UCZESTNIKA ZAJ\u0118\u0106, KT\u00d3RE NALE\u017bY PRZED ROZPOCZ\u0118CIEM ZAJ\u0118\u0106 PRZEKAZA\u0106 INSTRUKTOROWI.<\/h4>\n<h4><a href=\"https:\/\/sportowyfyrtel.pl\/wp-content\/uploads\/2024\/02\/WZOR-3_Oswiadczenie-uczestnika-zajec-2024_NSF_F2.pdf\">O\u015aWIADCZENIE UCZESTNIKA ZAJ\u0118\u0106 DO POBRANIA<\/a><\/h4>\n<h4><a href=\"https:\/\/sportowyfyrtel.pl\/2\/godziny-zajec\/\">AKTUALNY HARMONOGRAM ZAJ\u0118\u0106<\/a><\/h4>\n<h4>PROBLEMY, PYTANIA I W\u0104TPLIWO\u015aCI: 2@sportowyfyrtel.pl<\/h4>\n","protected":false},"excerpt":{"rendered":"<p>Czo\u0142em Fyrtel nr 2! Nie zwalniamy tempa i zapraszamy dzieci, m\u0142odzie\u017c, doros\u0142ych i senior\u00f3w zamieszkuj\u0105cych rejon Kiekrz, Krzy\u017cowniki \u2013 Smochowice, Podolany oraz Strzeszyn do udzia\u0142u w kolejnych darmowych aktywno\u015bciach sportowych, kt\u00f3re po raz kolejny ale mamy nadziej\u0119 nie ostatni go\u015bci\u0107 b\u0119d\u0105 na terenie Waszej dzielnicy! Pami\u0119tajcie, \u017ce udzia\u0142 w naszych zaj\u0119ciach mo\u017cliwy jest tylko i [&#8230;]<\/p>\n<p><a class=\"btn btn-secondary understrap-read-more-link\" href=\"https:\/\/sportowyfyrtel.pl\/2\/2024\/05\/14\/dwie-rowerowe-propozycje-na-sobote\/\">Czytaj dalej\u2026<\/a><\/p>\n","protected":false},"author":9,"featured_media":0,"comment_status":"closed","ping_status":"closed","sticky":false,"template":"","format":"standard","meta":{"footnotes":""},"categories":[1],"tags":[],"_links":{"self":[{"href":"https:\/\/sportowyfyrtel.pl\/2\/wp-json\/wp\/v2\/posts\/1199"}],"collection":[{"href":"https:\/\/sportowyfyrtel.pl\/2\/wp-json\/wp\/v2\/posts"}],"about":[{"href":"https:\/\/sportowyfyrtel.pl\/2\/wp-json\/wp\/v2\/types\/post"}],"author":[{"embeddable":true,"href":"https:\/\/sportowyfyrtel.pl\/2\/wp-json\/wp\/v2\/users\/9"}],"replies":[{"embeddable":true,"href":"https:\/\/sportowyfyrtel.pl\/2\/wp-json\/wp\/v2\/comments?post=1199"}],"version-history":[{"count":2,"href":"https:\/\/sportowyfyrtel.pl\/2\/wp-json\/wp\/v2\/posts\/1199\/revisions"}],"predecessor-version":[{"id":1201,"href":"https:\/\/sportowyfyrtel.pl\/2\/wp-json\/wp\/v2\/posts\/1199\/revisions\/1201"}],"wp:attachment":[{"href":"https:\/\/sportowyfyrtel.pl\/2\/wp-json\/wp\/v2\/media?parent=1199"}],"wp:term":[{"taxonomy":"category","embeddable":true,"href":"https:\/\/sportowyfyrtel.pl\/2\/wp-json\/wp\/v2\/categories?post=1199"},{"taxonomy":"post_tag","embeddable":true,"href":"https:\/\/sportowyfyrtel.pl\/2\/wp-json\/wp\/v2\/tags?post=1199"}],"curies":[{"name":"wp","href":"https:\/\/api.w.org\/{rel}","templated":true}]}}