{"id":1170,"date":"2024-04-26T16:10:02","date_gmt":"2024-04-26T14:10:02","guid":{"rendered":"https:\/\/sportowyfyrtel.pl\/2\/?p=1170"},"modified":"2024-04-26T16:10:49","modified_gmt":"2024-04-26T14:10:49","slug":"zapraszamy-mlodziez-do-udzialu-w-zajeciach-typu-cross-na-terenie-iron-arena-przy-ul-szarych-szeregow-44","status":"publish","type":"post","link":"https:\/\/sportowyfyrtel.pl\/2\/2024\/04\/26\/zapraszamy-mlodziez-do-udzialu-w-zajeciach-typu-cross-na-terenie-iron-arena-przy-ul-szarych-szeregow-44\/","title":{"rendered":"Zapraszamy m\u0142odzie\u017c do udzia\u0142u w zaj\u0119ciach typu Cross na terenie Iron Arena przy ul. Szarych Szereg\u00f3w 44!"},"content":{"rendered":"<p>Czo\u0142em Fyrtel nr 2! Nie zwalniamy tempa i zapraszamy dzieci, m\u0142odzie\u017c, doros\u0142ych i senior\u00f3w zamieszkuj\u0105cych rejon Kiekrz, Krzy\u017cowniki \u2013 Smochowice, Podolany oraz Strzeszyn do udzia\u0142u w kolejnych darmowych zaj\u0119ciach sportowych, kt\u00f3re w wyniku wsp\u00f3\u0142pracy z Radami Osiedla po raz kolejny ale mamy nadziej\u0119 nie ostatni go\u015bci\u0107 b\u0119d\u0105 na terenie Waszej dzielnicy!<\/p>\n<p>Pami\u0119tajcie, \u017ce udzia\u0142 w naszych zaj\u0119ciach mo\u017cliwy jest tylko i wy\u0142\u0105cznie po wype\u0142nieniu o\u015bwiadczenia, kt\u00f3re nale\u017cy przekaza\u0107 trenerom czy instruktorom przed pierwszymi zaj\u0119ciami. Deklaracj\u0119 uczestnika zaj\u0119\u0107 w ramach programu Nasz Sportowy Fyrtel znajdziecie\u00a0<a href=\"https:\/\/sportowyfyrtel.pl\/wp-content\/uploads\/2024\/02\/WZOR-3_Oswiadczenie-uczestnika-zajec-2024_NSF_F2.pdf\">TUTAJ<\/a>, wype\u0142nijcie j\u0105 w domu, zabierzcie ze sob\u0105, a potem dajcie z siebie wszystko!<\/p>\n<hr \/>\n<p>&nbsp;<\/p>\n<h3><strong>ZAJ\u0118CIA OG\u00d3LNOROZWOJOWE TYPU CROSS DLA M\u0141ODZIE\u017bY<\/strong><\/h3>\n<p>Zaj\u0119cia typu &#8222;Trening og\u00f3lnorozwojowy Cross dla m\u0142odzie\u017cy&#8221; w ramach programu Nasz Sportowy Fyrtel to dynamiczne i wszechstronne treningi, kt\u00f3re integruj\u0105 r\u00f3\u017cnorodne elementy si\u0142owe, wytrzyma\u0142o\u015bciowe i funkcjonalne, dostosowane do potrzeb i mo\u017cliwo\u015bci m\u0142odzie\u017cy. Podczas tych zaj\u0119\u0107 uczestnicy wykonuj\u0105 zr\u00f3\u017cnicowane \u0107wiczenia, takie jak przysiady, pompki, skoki czy wios\u0142owanie, wykorzystuj\u0105c r\u00f3\u017cnorodne przyrz\u0105dy dost\u0119pne na si\u0142owni zewn\u0119trznej lub terenie treningowym. Instruktorzy prowadz\u0105cy zaj\u0119cia zapewniaj\u0105 profesjonalne wsparcie oraz motywacj\u0119, zach\u0119caj\u0105c m\u0142odzie\u017c do aktywno\u015bci fizycznej i rozwijania swoich umiej\u0119tno\u015bci. Trening og\u00f3lnorozwojowy Cross dla m\u0142odzie\u017cy w ramach Naszego Sportowego Fyrtla to nie tylko skuteczny spos\u00f3b na popraw\u0119 si\u0142y, wytrzyma\u0142o\u015bci i kondycji fizycznej, ale tak\u017ce okazja do budowania zdrowych nawyk\u00f3w, rozwijania umiej\u0119tno\u015bci spo\u0142ecznych oraz pozytywnego sp\u0119dzania czasu w\u015br\u00f3d r\u00f3wie\u015bnik\u00f3w.<\/p>\n<p><strong>Lokalizacja:<\/strong> Iron Arena przy ul. Szarych Szereg\u00f3w 44<br \/>\n<strong>Termin:<\/strong> czwartki w godzinach 16:00 &#8211; 17:00<br \/>\n<strong>Zapisy:<\/strong> w formie SMS pod nr tel. 664017640 lub osobi\u015bcie w recepcji klubu <strong>(29 kwietnia od godziny 10:00 dla os\u00f3b, kt\u00f3re do tej pory nie uczestniczy\u0142y w danych zaj\u0119ciach, od 30 kwietnia od godziny 10:00 dla pozosta\u0142ych uczestnik\u00f3w, zapisy z\u0142o\u017cone przed terminem rozpocz\u0119cia rekrutacji nie b\u0119d\u0105 uwzgl\u0119dnione!)<br \/>\n<\/strong><strong>Start:<\/strong> 6 maja<\/p>\n<p>&nbsp;<\/p>\n<hr \/>\n<h4>PROGRAM NASZ SPORTOWY FYRTEL NA TERENIE REJONU NR 2 PRZEZNACZONY JEST DLA MIESZKA\u0143C\u00d3W KIEKRZA, KRZY\u017bOWNIK \u2013 SMOCHOWIC, PODOLAN ORAZ STRZESZYNA.<\/h4>\n<h4>UDZIA\u0141 W ZAJ\u0118CIACH CZY INNYCH AKTYWNO\u015aCIACH W RAMACH PROGRAMU NASZ SPORTOWY FYRTEL R\u00d3WNOZNACZNY JEST Z AKCEPTACJ\u0104 REGULAMINU PO UZUPE\u0141NIENIU O\u015aWIADCZENIA UCZESTNIKA ZAJ\u0118\u0106, KT\u00d3RE NALE\u017bY PRZED ROZPOCZ\u0118CIEM ZAJ\u0118\u0106 PRZEKAZA\u0106 INSTRUKTOROWI.<\/h4>\n<h4><a href=\"https:\/\/sportowyfyrtel.pl\/wp-content\/uploads\/2024\/02\/WZOR-3_Oswiadczenie-uczestnika-zajec-2024_NSF_F2.pdf\">O\u015aWIADCZENIE UCZESTNIKA ZAJ\u0118\u0106 DO POBRANIA<\/a><\/h4>\n<h4><a href=\"https:\/\/sportowyfyrtel.pl\/2\/godziny-zajec\/\">AKTUALNY HARMONOGRAM ZAJ\u0118\u0106<\/a><\/h4>\n<h4>PROBLEMY, PYTANIA I W\u0104TPLIWO\u015aCI: 2@sportowyfyrtel.pl<\/h4>\n","protected":false},"excerpt":{"rendered":"<p>Czo\u0142em Fyrtel nr 2! Nie zwalniamy tempa i zapraszamy dzieci, m\u0142odzie\u017c, doros\u0142ych i senior\u00f3w zamieszkuj\u0105cych rejon Kiekrz, Krzy\u017cowniki \u2013 Smochowice, Podolany oraz Strzeszyn do udzia\u0142u w kolejnych darmowych zaj\u0119ciach sportowych, kt\u00f3re w wyniku wsp\u00f3\u0142pracy z Radami Osiedla po raz kolejny ale mamy nadziej\u0119 nie ostatni go\u015bci\u0107 b\u0119d\u0105 na terenie Waszej dzielnicy! Pami\u0119tajcie, \u017ce udzia\u0142 w [&#8230;]<\/p>\n<p><a class=\"btn btn-secondary understrap-read-more-link\" href=\"https:\/\/sportowyfyrtel.pl\/2\/2024\/04\/26\/zapraszamy-mlodziez-do-udzialu-w-zajeciach-typu-cross-na-terenie-iron-arena-przy-ul-szarych-szeregow-44\/\">Czytaj dalej\u2026<\/a><\/p>\n","protected":false},"author":9,"featured_media":0,"comment_status":"closed","ping_status":"closed","sticky":false,"template":"","format":"standard","meta":{"footnotes":""},"categories":[1],"tags":[],"_links":{"self":[{"href":"https:\/\/sportowyfyrtel.pl\/2\/wp-json\/wp\/v2\/posts\/1170"}],"collection":[{"href":"https:\/\/sportowyfyrtel.pl\/2\/wp-json\/wp\/v2\/posts"}],"about":[{"href":"https:\/\/sportowyfyrtel.pl\/2\/wp-json\/wp\/v2\/types\/post"}],"author":[{"embeddable":true,"href":"https:\/\/sportowyfyrtel.pl\/2\/wp-json\/wp\/v2\/users\/9"}],"replies":[{"embeddable":true,"href":"https:\/\/sportowyfyrtel.pl\/2\/wp-json\/wp\/v2\/comments?post=1170"}],"version-history":[{"count":2,"href":"https:\/\/sportowyfyrtel.pl\/2\/wp-json\/wp\/v2\/posts\/1170\/revisions"}],"predecessor-version":[{"id":1172,"href":"https:\/\/sportowyfyrtel.pl\/2\/wp-json\/wp\/v2\/posts\/1170\/revisions\/1172"}],"wp:attachment":[{"href":"https:\/\/sportowyfyrtel.pl\/2\/wp-json\/wp\/v2\/media?parent=1170"}],"wp:term":[{"taxonomy":"category","embeddable":true,"href":"https:\/\/sportowyfyrtel.pl\/2\/wp-json\/wp\/v2\/categories?post=1170"},{"taxonomy":"post_tag","embeddable":true,"href":"https:\/\/sportowyfyrtel.pl\/2\/wp-json\/wp\/v2\/tags?post=1170"}],"curies":[{"name":"wp","href":"https:\/\/api.w.org\/{rel}","templated":true}]}}