{"id":1062,"date":"2024-02-22T23:56:48","date_gmt":"2024-02-22T22:56:48","guid":{"rendered":"https:\/\/sportowyfyrtel.pl\/2\/?p=1062"},"modified":"2024-03-21T12:04:26","modified_gmt":"2024-03-21T11:04:26","slug":"aktualna-oferta-zajec-sportowo-rekreacyjnych-w-ramach-programu-nasz-sportowy-fyrtel-dla-mieszkancow-rejonu-kiekrz-krzyzowniki-smochowice-podolany-oraz-strzeszyn","status":"publish","type":"post","link":"https:\/\/sportowyfyrtel.pl\/2\/2024\/02\/22\/aktualna-oferta-zajec-sportowo-rekreacyjnych-w-ramach-programu-nasz-sportowy-fyrtel-dla-mieszkancow-rejonu-kiekrz-krzyzowniki-smochowice-podolany-oraz-strzeszyn\/","title":{"rendered":"Aktualna oferta zaj\u0119\u0107 sportowo \u2013 rekreacyjnych w ramach programu Nasz Sportowy Fyrtel dla mieszka\u0144c\u00f3w rejonu Kiekrz, Krzy\u017cowniki \u2013 Smochowice, Podolany oraz Strzeszyn!"},"content":{"rendered":"<p>Halo Fyrtel nr 2! Pora podsumowa\u0107 ostatnie dni pe\u0142ne wra\u017ce\u0144 dlatego zebrali\u015bmy dla Was dotychczasowe komunikaty dotycz\u0105ce rozpocz\u0119cia organizacji poszczeg\u00f3lnych zaj\u0119\u0107 sportowo \u2013 rekreacyjnych w ramach tegorocznej edycji programu Nasz Sportowy Fyrtel na terenie rejonu Kiekrz, Krzy\u017cowniki \u2013 Smochowice, Podolany oraz Strzeszyn! Pami\u0119tajcie, \u017ce zgodnie z wcze\u015bniejszymi informacjami to dopiero cz\u0119\u015b\u0107 oferty r\u00f3\u017cnorodnych aktywno\u015bci, kt\u00f3re po raz kolejny ale mamy nadziej\u0119 nie ostatni zagoszcz\u0105 na terenie Waszego rejonu.<\/p>\n<p><span class=\"x193iq5w xeuugli x13faqbe x1vvkbs xlh3980 xvmahel x1n0sxbx x6prxxf xvq8zen xo1l8bm xzsf02u\">Cieszymy si\u0119, \u017ce z nami jeste\u015bcie dlatego zanim rozpoczniemy wsp\u00f3ln\u0105 tegoroczn\u0105 aktywno\u015b\u0107 prosimy o uwa\u017cne zapoznanie si\u0119 z regulaminem programu Nasz Sportowy Fyrtel dost\u0119pnym na stronie internetowej projektu dedykowanej rejonowi nr 2 pod adresem: sportowyfyrtel.pl\/2\/regulamin\/, poniewa\u017c udzia\u0142 w naszych zaj\u0119ciach jest r\u00f3wnoznaczny z pe\u0142n\u0105 akceptacj\u0105 zasad!<\/span><\/p>\n<div class=\"x1e56ztr\"><span class=\"x193iq5w xeuugli x13faqbe x1vvkbs xlh3980 xvmahel x1n0sxbx x6prxxf xvq8zen xo1l8bm xzsf02u\">Z kolei pod adresem: sportowyfyrtel.pl\/2\/godziny-zajec\/ dost\u0119pny b\u0119dzie aktualny grafik wszystkich aktywno\u015bci, kt\u00f3re w danym tygodniu b\u0119d\u0105 dla Was dost\u0119pne razem z opisem, lokalizacj\u0105 zaj\u0119\u0107 czy informacj\u0105 dotycz\u0105c\u0105 zapis\u00f3w.<\/span><\/div>\n<div><\/div>\n<div class=\"x1e56ztr\">\n<p><span class=\"x193iq5w xeuugli x13faqbe x1vvkbs xlh3980 xvmahel x1n0sxbx x6prxxf xvq8zen xo1l8bm xzsf02u\">Pami\u0119tajcie, \u017ce udzia\u0142 w naszych zaj\u0119ciach mo\u017cliwy jest tylko i wy\u0142\u0105cznie po wype\u0142nieniu o\u015bwiadczenia, kt\u00f3re nale\u017cy przekaza\u0107 trenerom czy instruktorom przed pierwszymi zaj\u0119ciami. Deklaracj\u0119 uczestnika zaj\u0119\u0107 w ramach programu NSF znajdziecie pod adresem: sportowyfyrtel.pl\/2\/do-pobrania\/, wype\u0142nijcie j\u0105 w domu, zabierzcie ze sob\u0105, a potem dajcie z siebie wszystko!<\/span><\/p>\n<\/div>\n<hr \/>\n<h3><\/h3>\n<p>&nbsp;<\/p>\n<h3><strong>DANCE FITNESS DLA DOROS\u0141YCH I M\u0141ODZIE\u017bY OD 12 LAT<\/strong><\/h3>\n<p>Zaj\u0119cia Dance Fitness to dynamiczne treningi, kt\u00f3re \u0142\u0105cz\u0105 elementy taneczne z intensywnym treningiem cardio, zapewniaj\u0105c nie tylko \u015bwietn\u0105 zabaw\u0119, ale tak\u017ce skuteczne spalanie kalorii i popraw\u0119 kondycji fizycznej. Specjalnie dostosowane dla doros\u0142ych i m\u0142odzie\u017cy od 12 lat, te zaj\u0119cia oferuj\u0105 r\u00f3\u017cnorodne style taneczne, takie jak hip-hop, dancehall, czy zumba, kt\u00f3re sprawiaj\u0105, \u017ce ka\u017cdy mo\u017ce znale\u017a\u0107 co\u015b dla siebie. Pod okiem do\u015bwiadczonych instruktor\u00f3w, uczestnicy przechodz\u0105 przez seri\u0119 energicznych choreografii, kt\u00f3re s\u0105 \u0142atwe do nauczenia si\u0119, nawet dla tych bez wcze\u015bniejszego do\u015bwiadczenia tanecznego. Atmosfera na zaj\u0119ciach jest pe\u0142na pozytywnej energii i motywacji, co sprawia, \u017ce trening staje si\u0119 nie tylko efektywnym sposobem na utrzymanie formy fizycznej, ale tak\u017ce \u015bwietn\u0105 okazj\u0105 do relaksu i wyra\u017cania siebie poprzez taniec. Zaj\u0119cia Dance Fitness dla doros\u0142ych i m\u0142odzie\u017cy od 12 lat w ramach programu Nasz Sportowy Fyrtel to idealna propozycja dla wszystkich, kt\u00f3rzy szukaj\u0105 rado\u015bci w ruchu i zdrowego stylu \u017cycia.<\/p>\n<p><strong>Lokalizacja:<\/strong>\u00a0Szko\u0142a Podstawowa nr 62 przy ul. Druskienickiej 32<br \/>\n<strong>Termin:<\/strong>\u00a0wtorki w godzinach 18:30 \u2013 19:30<br \/>\n<strong>Zapisy:<\/strong>\u00a0w formie SMS pod nr tel. 730016142\u00a0<strong>(6 marca od godziny 8:00 dla os\u00f3b, kt\u00f3re do tej pory nie uczestniczy\u0142y w danych zaj\u0119ciach, od 8 marca od godziny 8:00 dla pozosta\u0142ych uczestnik\u00f3w, zapisy z\u0142o\u017cone przed terminem rozpocz\u0119cia rekrutacji nie b\u0119d\u0105 uwzgl\u0119dnione!)<br \/>\n<\/strong><strong>Start:\u00a0<\/strong>11 marca<\/p>\n<p>&nbsp;<\/p>\n<h3><strong>ZDROWY KR\u0118GOS\u0141UP<\/strong><\/h3>\n<p>Zaj\u0119cia Zdrowy Kr\u0119gos\u0142up to dedykowany program, kt\u00f3ry skupia si\u0119 na piel\u0119gnowaniu zdrowia kr\u0119gos\u0142upa poprzez seri\u0119 \u0107wicze\u0144 i technik maj\u0105cych na celu wzmacnianie mi\u0119\u015bni grzbietu, popraw\u0119 postawy oraz zwi\u0119kszenie elastyczno\u015bci kr\u0119gos\u0142upa. Pod okiem do\u015bwiadczonych instruktor\u00f3w, uczestnicy ucz\u0105 si\u0119 prawid\u0142owych technik wykonywania \u0107wicze\u0144, kt\u00f3re mog\u0105 pom\u00f3c w zapobieganiu b\u00f3lom plec\u00f3w i utrzymaniu kr\u0119gos\u0142upa w dobrej kondycji. Zaj\u0119cia s\u0105 dostosowane do r\u00f3\u017cnych grup wiekowych i poziom\u00f3w zaawansowania, co pozwala ka\u017cdemu znale\u017a\u0107 odpowiedni program dla siebie. Dzi\u0119ki regularnym zaj\u0119ciom Zdrowego Kr\u0119gos\u0142upa w ramach programu Nasz Sportowy Fyrtel, uczestnicy mog\u0105 cieszy\u0107 si\u0119 lepszym samopoczuciem, wi\u0119ksz\u0105 sprawno\u015bci\u0105 fizyczn\u0105 i bardziej aktywnym trybem \u017cycia.<\/p>\n<p><strong>Lokalizacja:<\/strong>\u00a0Szko\u0142a Podstawowa nr 62 przy ul. Druskienickiej 32<br \/>\n<strong>Termin:<\/strong>\u00a0wtorki w godzinach 19:30 \u2013 20:30<br \/>\n<strong>Zapisy:<\/strong>\u00a0w formie SMS pod nr tel. 730016142\u00a0<strong>(6 marca od godziny 8:00 dla os\u00f3b, kt\u00f3re do tej pory nie uczestniczy\u0142y w danych zaj\u0119ciach, od 8 marca od godziny 8:00 dla pozosta\u0142ych uczestnik\u00f3w, zapisy z\u0142o\u017cone przed terminem rozpocz\u0119cia rekrutacji nie b\u0119d\u0105 uwzgl\u0119dnione!)<br \/>\n<\/strong><strong>Start:\u00a0<\/strong>11 marca<\/p>\n<p>&nbsp;<\/p>\n<h3><strong>SALSATION DLA M\u0141ODZIE\u017bY OD 12 LAT<\/strong><\/h3>\n<p>Zaj\u0119cia Salsation dla m\u0142odzie\u017cy od 12 lat to dynamiczne i energiczne treningi taneczne, kt\u00f3re \u0142\u0105cz\u0105 rytmy latynoameryka\u0144skiej muzyki z r\u00f3\u017cnorodnymi krokami tanecznymi. Specjalnie zaprojektowane dla m\u0142odszych uczestnik\u00f3w, te zaj\u0119cia oferuj\u0105 doskona\u0142\u0105 okazj\u0119 do radosnego ruchu i wyra\u017cania siebie poprzez taniec. Pod okiem wykwalifikowanych instruktor\u00f3w, m\u0142odzie\u017c uczy si\u0119 r\u00f3\u017cnorodnych styl\u00f3w tanecznych, rozwijaj\u0105c zar\u00f3wno umiej\u0119tno\u015bci taneczne, jak i poprawiaj\u0105c kondycj\u0119 fizyczn\u0105. Atmosfera na zaj\u0119ciach jest przyjazna i motywuj\u0105ca, co sprawia, \u017ce ka\u017cdy mo\u017ce poczu\u0107 si\u0119 swobodnie na parkiecie tanecznym. Zaj\u0119cia Salsation dla m\u0142odzie\u017cy od 12 lat w ramach programu Nasz Sportowy Fyrtel to nie tylko trening fitness, ale tak\u017ce okazja do pozytywnej interakcji spo\u0142ecznej i poznania rado\u015bci ta\u0144ca w przyjaznym \u015brodowisku.<\/p>\n<p><strong>Lokalizacja:<\/strong>\u00a0Szko\u0142a Podstawowa nr 62 przy ul. Druskienickiej 32<br \/>\n<strong>Termin:<\/strong>\u00a0\u015brody w godzinach 18:00 \u2013 19:00<br \/>\n<strong>Zapisy:<\/strong>\u00a0w formie e-mail na adres eemcia98@gmail.com\u00a0<strong>(6 marca od godziny 8:00 dla os\u00f3b, kt\u00f3re do tej pory nie uczestniczy\u0142y w danych zaj\u0119ciach, od 8 marca od godziny 8:00 dla pozosta\u0142ych uczestnik\u00f3w, zapisy z\u0142o\u017cone przed terminem rozpocz\u0119cia rekrutacji nie b\u0119d\u0105 uwzgl\u0119dnione!)<br \/>\n<\/strong><strong>Start:\u00a0<\/strong>11 marca<\/p>\n<p>&nbsp;<\/p>\n<h3><strong>SALSATION<\/strong><\/h3>\n<p>Salsation to program taneczno-fitnessowy, kt\u00f3ry \u0142\u0105czy w sobie r\u00f3\u017cne energetyczne style taneczne typu salsa\/bachata\/reggaeton z elementami treningu funkcjonalnego oraz liryczn\u0105 ekspresj\u0105. Salsation skupia si\u0119 przede wszystkim na s\u0142uchaniu i czuciu muzyki oraz opowiadania historii ruchem. Poprzez taniec uczestnicy rozwijaj\u0105 wra\u017cliwo\u015b\u0107, muzykalno\u015b\u0107, poczucie rytmu, zwi\u0119kszaj\u0105 zakres ruchu, wzmacniaj\u0105 si\u0142\u0119 i kondycj\u0119 fizyczn\u0105. To \u015bwietny spos\u00f3b na popraw\u0119 nastroju, roz\u0142adowanie energii i przy okazji spalanie kalorii. Program jest przeznaczony dla wszystkich, niezale\u017cnie od poziomu sprawno\u015bci fizycznej. Do zaj\u0119\u0107 mo\u017cna do\u0142\u0105czy\u0107 w dowolnym momencie. Zatem do zata\u0144czenia!<\/p>\n<p><strong>Lokalizacja:<\/strong>\u00a0Szko\u0142a Podstawowa nr 62 przy ul. Druskienickiej 32<br \/>\n<strong>Termin:<\/strong>\u00a0\u015brody w godzinach 19:00 \u2013 20:00<br \/>\n<strong>Zapisy:<\/strong>\u00a0w formie e-mail na adres eemcia98@gmail.com\u00a0<strong>(6 marca od godziny 8:00 dla os\u00f3b, kt\u00f3re do tej pory nie uczestniczy\u0142y w danych zaj\u0119ciach, od 8 marca od godziny 8:00 dla pozosta\u0142ych uczestnik\u00f3w, zapisy z\u0142o\u017cone przed terminem rozpocz\u0119cia rekrutacji nie b\u0119d\u0105 uwzgl\u0119dnione!)<br \/>\n<\/strong><strong>Start:<\/strong>\u00a011 marca<\/p>\n<p>&nbsp;<\/p>\n<h3><strong>FAT BURNER<\/strong><\/h3>\n<p>Zaj\u0119cia Fat Burner to intensywne treningi, zaprojektowane specjalnie w celu spalania nadmiaru tkanki t\u0142uszczowej i poprawy og\u00f3lnej kondycji fizycznej. Podczas tych zaj\u0119\u0107, uczestnicy wykonuj\u0105 dynamiczne \u0107wiczenia cardio oraz interwa\u0142owe, kt\u00f3re anga\u017cuj\u0105 wiele grup mi\u0119\u015bniowych jednocze\u015bnie i stymuluj\u0105 organizm do efektywnego spalania kalorii. Instruktorzy prowadz\u0105 zaj\u0119cia w spos\u00f3b motywuj\u0105cy, zach\u0119caj\u0105c uczestnik\u00f3w do maksymalnego wysi\u0142ku i wytrwa\u0142o\u015bci podczas ka\u017cdej sesji. Zaj\u0119cia Fat Burner w ramach programu Nasz Sportowy Fyrtel s\u0105 dostosowane do r\u00f3\u017cnych poziom\u00f3w zaawansowania, co sprawia, \u017ce s\u0105 odpowiednie zar\u00f3wno dla pocz\u0105tkuj\u0105cych, jak i zaawansowanych os\u00f3b. To doskona\u0142a okazja dla wszystkich, kt\u00f3rzy chc\u0105 zmaksymalizowa\u0107 spalanie kalorii, zwi\u0119kszy\u0107 wytrzyma\u0142o\u015b\u0107 i osi\u0105gn\u0105\u0107 lepsz\u0105 sylwetk\u0119 w przyjemny spos\u00f3b.<\/p>\n<p><strong>Lokalizacja:<\/strong>\u00a0Szko\u0142a Podstawowa nr 62 przy ul. Druskienickiej 32<br \/>\n<strong>Termin:<\/strong>\u00a0czwartki w godzinach 19:30 \u2013 20:30<br \/>\n<strong>Zapisy:<\/strong>\u00a0w formie SMS pod nr tel. 730016142\u00a0<strong>(6 marca od godziny 8:00 dla os\u00f3b, kt\u00f3re do tej pory nie uczestniczy\u0142y w danych zaj\u0119ciach, od 8 marca od godziny 8:00 dla pozosta\u0142ych uczestnik\u00f3w, zapisy z\u0142o\u017cone przed terminem rozpocz\u0119cia rekrutacji nie b\u0119d\u0105 uwzgl\u0119dnione!)<br \/>\n<\/strong><strong>Start:\u00a0<\/strong>11 marca<\/p>\n<p>&nbsp;<\/p>\n<h3><strong>JOGA<\/strong><\/h3>\n<p>Zaj\u0119cia typu \u201eJoga\u201d w ramach programu Nasz Sportowy Fyrtel to czas po\u015bwi\u0119cony na harmoni\u0119 cia\u0142a, umys\u0142u i ducha poprzez praktyk\u0119 r\u00f3\u017cnorodnych pozycji (asanas), technik oddechowych i medytacji. Podczas tych zaj\u0119\u0107 uczestnicy maj\u0105 okazj\u0119 do wzmocnienia cia\u0142a, poprawy elastyczno\u015bci oraz redukcji stresu i napi\u0119cia. Instruktorzy prowadz\u0105cy zaj\u0119cia dbaj\u0105 o zapewnienie bezpiecznej i przyjemnej atmosfery, dostosowuj\u0105c praktyk\u0119 do r\u00f3\u017cnych poziom\u00f3w zaawansowania uczestnik\u00f3w. Joga w ramach Naszego Sportowego Fyrtla to nie tylko forma aktywno\u015bci fizycznej, ale tak\u017ce droga do wewn\u0119trznego spokoju, r\u00f3wnowagi oraz lepszego samopoczucia, kt\u00f3ra mo\u017ce by\u0107 praktykowana przez wszystkich, niezale\u017cnie od wieku czy kondycji fizycznej.<\/p>\n<p><strong>Lokalizacja:<\/strong>\u00a0Sala przy ul. Mrze\u017cy\u0144skiej 10<br \/>\n<strong>Termin:<\/strong>\u00a0wtorki w godzinach 17:30 \u2013 18:30 oraz 18:30 \u2013 19:30<br \/>\n<strong>Zapisy:<\/strong>\u00a0w formie e-mailowej na adres pislewska.alicja@gmail.com lub SMS pod nr tel. 509720291\u00a0<strong>(21 lutego od godziny 8:00 dla os\u00f3b, kt\u00f3re do tej pory nie uczestniczy\u0142y w danych zaj\u0119ciach, od 23 lutego od godziny 8:00 dla pozosta\u0142ych uczestnik\u00f3w, zapisy z\u0142o\u017cone przed terminem rozpocz\u0119cia rekrutacji nie b\u0119d\u0105 uwzgl\u0119dnione!)<\/strong><br \/>\n<strong>Start:<\/strong>\u00a026 lutego<\/p>\n<p><strong>Lokalizacja:<\/strong>\u00a0Iron Arena przy ul. Szarych Szereg\u00f3w 44<br \/>\n<strong>Termin:<\/strong>\u00a0pi\u0105tki w godzinach 12:00 \u2013 13:00 oraz soboty w godzinach 11:00 \u2013 12:00<br \/>\n<strong>Zapisy:<\/strong>\u00a0w formie e-mailowej na adres pislewska.alicja@gmail.com lub SMS pod nr tel. 509720291\u00a0<strong>(21 lutego od godziny 8:00 dla os\u00f3b, kt\u00f3re do tej pory nie uczestniczy\u0142y w danych zaj\u0119ciach, od 23 lutego od godziny 8:00 dla pozosta\u0142ych uczestnik\u00f3w, zapisy z\u0142o\u017cone przed terminem rozpocz\u0119cia rekrutacji nie b\u0119d\u0105 uwzgl\u0119dnione!)<\/strong><br \/>\n<strong>Start:<\/strong>\u00a026 lutego<\/p>\n<p>&nbsp;<\/p>\n<h3><strong>TRENING ODCHUDZAJ\u0104CY<\/strong><\/h3>\n<p>Zaj\u0119cia typu \u201eTrening odchudzaj\u0105cy\u201d w ramach programu Nasz Sportowy Fyrtel to intensywne sesje treningowe zaprojektowane specjalnie dla os\u00f3b d\u0105\u017c\u0105cych do zrzucenia zb\u0119dnych kilogram\u00f3w i poprawy swojej sylwetki. Podczas tych zaj\u0119\u0107 uczestnicy anga\u017cuj\u0105 si\u0119 w r\u00f3\u017cnorodne \u0107wiczenia aerobowe, trening si\u0142owy oraz interwa\u0142owe, kt\u00f3re wspomagaj\u0105 spalanie kalorii i wzmacniaj\u0105 mi\u0119\u015bnie. Instruktorzy prowadz\u0105cy zaj\u0119cia motywuj\u0105 i dostosowuj\u0105 intensywno\u015b\u0107 treningu do indywidualnych mo\u017cliwo\u015bci ka\u017cdej osoby, zapewniaj\u0105c wsparcie i profesjonalne wskaz\u00f3wki dotycz\u0105ce zdrowego odchudzania. Trening odchudzaj\u0105cy w ramach Naszego Sportowego Fyrtla to nie tylko skuteczny spos\u00f3b na redukcj\u0119 tkanki t\u0142uszczowej, ale tak\u017ce okazja do poprawy kondycji fizycznej, zwi\u0119kszenia energii i polepszenia samopoczucia og\u00f3lnego.<\/p>\n<p><strong>Lokalizacja:<\/strong>\u00a0Iron Arena przy ul. Szarych Szereg\u00f3w 44<br \/>\n<strong>Termin:<\/strong>\u00a0pi\u0105tki w godzinach 11:00 \u2013 12:00<br \/>\n<strong>Zapisy:<\/strong>\u00a0w formie e-mailowej na adres pislewska.alicja@gmail.com lub SMS pod nr tel. 509720291\u00a0<strong>(21 lutego od godziny 8:00 dla os\u00f3b, kt\u00f3re do tej pory nie uczestniczy\u0142y w danych zaj\u0119ciach, od 23 lutego od godziny 8:00 dla pozosta\u0142ych uczestnik\u00f3w, zapisy z\u0142o\u017cone przed terminem rozpocz\u0119cia rekrutacji nie b\u0119d\u0105 uwzgl\u0119dnione!)<\/strong><br \/>\n<strong>Start:<\/strong>\u00a026 lutego<\/p>\n<p>&nbsp;<\/p>\n<h3><strong>ZDROWY KR\u0118GOS\u0141UP<\/strong><\/h3>\n<p>Zaj\u0119cia typu \u201eZdrowy Kr\u0119gos\u0142up\u201d w ramach programu Nasz Sportowy Fyrtel to dedykowane treningi, kt\u00f3re skupiaj\u0105 si\u0119 na piel\u0119gnowaniu i wzmacnianiu zdrowia kr\u0119gos\u0142upa. Podczas tych zaj\u0119\u0107 uczestnicy wykonuj\u0105 r\u00f3\u017cnorodne \u0107wiczenia, kt\u00f3re maj\u0105 na celu popraw\u0119 postawy cia\u0142a, elastyczno\u015bci oraz si\u0142y mi\u0119\u015bniowych odpowiedzialnych za stabilizacj\u0119 kr\u0119gos\u0142upa. Instruktorzy prowadz\u0105cy zaj\u0119cia oferuj\u0105 wsparcie i kieruj\u0105 \u0107wiczenia w spos\u00f3b, kt\u00f3ry minimalizuje ryzyko kontuzji i przyspiesza rehabilitacj\u0119. Zaj\u0119cia Zdrowy Kr\u0119gos\u0142up w ramach Naszego Sportowego Fyrtla to nie tylko skuteczna prewencja przed dolegliwo\u015bciami kr\u0119gos\u0142upa, ale tak\u017ce spos\u00f3b na popraw\u0119 og\u00f3lnej sprawno\u015bci fizycznej oraz polepszenie jako\u015bci \u017cycia.<\/p>\n<p><strong>Lokalizacja:<\/strong>\u00a0Iron Arena przy ul. Szarych Szereg\u00f3w 44<br \/>\n<strong>Termin:<\/strong>\u00a0czwartki w godzinach 10:00 \u2013 11:00<br \/>\n<strong>Zapisy:<\/strong>\u00a0w formie e-mailowej na adres pislewska.alicja@gmail.com lub SMS pod nr tel. 509720291\u00a0<strong>(21 lutego od godziny 8:00 dla os\u00f3b, kt\u00f3re do tej pory nie uczestniczy\u0142y w danych zaj\u0119ciach, od 23 lutego od godziny 8:00 dla pozosta\u0142ych uczestnik\u00f3w, zapisy z\u0142o\u017cone przed terminem rozpocz\u0119cia rekrutacji nie b\u0119d\u0105 uwzgl\u0119dnione!)<\/strong><br \/>\n<strong>Start:<\/strong>\u00a026 lutego<\/p>\n<p>&nbsp;<\/p>\n<h3><strong>ZAJ\u0118CIA OG\u00d3LNOROZWOJOWE TYPU CROSS DLA DZIECI<\/strong><\/h3>\n<p>Zaj\u0119cia typu \u201eTrening og\u00f3lnorozwojowy Cross dla dzieci\u201d w ramach programu Nasz Sportowy Fyrtel to dynamiczne i zabawne treningi, kt\u00f3re integruj\u0105 r\u00f3\u017cnorodne elementy si\u0142owe, wytrzyma\u0142o\u015bciowe i koordynacyjne, dostosowane do potrzeb i mo\u017cliwo\u015bci dzieci. Podczas tych zaj\u0119\u0107 uczestnicy wykonuj\u0105 r\u00f3\u017cnorodne \u0107wiczenia, takie jak skoki, przysiady, wios\u0142owanie czy bieganie, przy u\u017cyciu specjalnych, dostosowanych urz\u0105dze\u0144 lub element\u00f3w terenu. Instruktorzy prowadz\u0105cy zaj\u0119cia dbaj\u0105 o bezpiecze\u0144stwo i zapewniaj\u0105 odpowiednie wsparcie, zach\u0119caj\u0105c dzieci do aktywno\u015bci fizycznej i rozwoju swoich umiej\u0119tno\u015bci. Trening og\u00f3lnorozwojowy Cross dla dzieci w ramach Naszego Sportowego Fyrtla to nie tylko doskona\u0142y spos\u00f3b na rozw\u00f3j si\u0142y, wytrzyma\u0142o\u015bci i koordynacji, ale tak\u017ce okazja do zabawy i integracji spo\u0142ecznej w przyjaznej atmosferze.<\/p>\n<p><strong>Lokalizacja:<\/strong>\u00a0Iron Arena przy ul. Szarych Szereg\u00f3w 44<br \/>\n<strong>Termin:<\/strong>\u00a0czwartki w godzinach 17:00 \u2013 18:00<br \/>\n<strong>Zapisy:<\/strong>\u00a0w formie SMS pod nr tel. 664017640 lub osobi\u015bcie w recepcji klubu\u00a0<strong>(20 lutego od godziny 10:00 dla os\u00f3b, kt\u00f3re do tej pory nie uczestniczy\u0142y w danych zaj\u0119ciach, od 22 lutego od godziny 10:00 dla pozosta\u0142ych uczestnik\u00f3w, zapisy z\u0142o\u017cone przed terminem rozpocz\u0119cia rekrutacji nie b\u0119d\u0105 uwzgl\u0119dnione!)<br \/>\n<\/strong><strong>Start:<\/strong>\u00a026 lutego<\/p>\n<p>&nbsp;<\/p>\n<h3><strong>ZAJ\u0118CIA OG\u00d3LNOROZWOJOWE TYPU CROSS DLA M\u0141ODZIE\u017bY<\/strong><\/h3>\n<p>Zaj\u0119cia typu \u201eTrening og\u00f3lnorozwojowy Cross dla m\u0142odzie\u017cy\u201d w ramach programu Nasz Sportowy Fyrtel to dynamiczne i wszechstronne treningi, kt\u00f3re integruj\u0105 r\u00f3\u017cnorodne elementy si\u0142owe, wytrzyma\u0142o\u015bciowe i funkcjonalne, dostosowane do potrzeb i mo\u017cliwo\u015bci m\u0142odzie\u017cy. Podczas tych zaj\u0119\u0107 uczestnicy wykonuj\u0105 zr\u00f3\u017cnicowane \u0107wiczenia, takie jak przysiady, pompki, skoki czy wios\u0142owanie, wykorzystuj\u0105c r\u00f3\u017cnorodne przyrz\u0105dy dost\u0119pne na si\u0142owni zewn\u0119trznej lub terenie treningowym. Instruktorzy prowadz\u0105cy zaj\u0119cia zapewniaj\u0105 profesjonalne wsparcie oraz motywacj\u0119, zach\u0119caj\u0105c m\u0142odzie\u017c do aktywno\u015bci fizycznej i rozwijania swoich umiej\u0119tno\u015bci. Trening og\u00f3lnorozwojowy Cross dla m\u0142odzie\u017cy w ramach Naszego Sportowego Fyrtla to nie tylko skuteczny spos\u00f3b na popraw\u0119 si\u0142y, wytrzyma\u0142o\u015bci i kondycji fizycznej, ale tak\u017ce okazja do budowania zdrowych nawyk\u00f3w, rozwijania umiej\u0119tno\u015bci spo\u0142ecznych oraz pozytywnego sp\u0119dzania czasu w\u015br\u00f3d r\u00f3wie\u015bnik\u00f3w.<\/p>\n<p><strong>Lokalizacja:<\/strong>\u00a0Iron Arena przy ul. Szarych Szereg\u00f3w 44<br \/>\n<strong>Termin:<\/strong>\u00a0poniedzia\u0142ki w godzinach 18:30 \u2013 19:30<br \/>\n<strong>Zapisy:<\/strong>\u00a0w formie SMS pod nr tel. 664017640 lub osobi\u015bcie w recepcji klubu\u00a0<strong>(20 lutego od godziny 10:00 dla os\u00f3b, kt\u00f3re do tej pory nie uczestniczy\u0142y w danych zaj\u0119ciach, od 22 lutego od godziny 10:00 dla pozosta\u0142ych uczestnik\u00f3w, zapisy z\u0142o\u017cone przed terminem rozpocz\u0119cia rekrutacji nie b\u0119d\u0105 uwzgl\u0119dnione!)<br \/>\n<\/strong><strong>Start:<\/strong>\u00a026 lutego<\/p>\n<p>&nbsp;<\/p>\n<h3><strong>ZAJ\u0118CIA OG\u00d3LNOROZWOJOWE TYPU CROSS DLA DOROS\u0141YCH<\/strong><\/h3>\n<p>Zaj\u0119cia typu \u201eTrening og\u00f3lnorozwojowy Cross dla doros\u0142ych\u201d w ramach programu Nasz Sportowy Fyrtel to intensywne i zr\u00f3\u017cnicowane treningi, kt\u00f3re \u0142\u0105cz\u0105 r\u00f3\u017cnorodne elementy si\u0142owe, wytrzyma\u0142o\u015bciowe i funkcjonalne, dostosowane do potrzeb i mo\u017cliwo\u015bci os\u00f3b doros\u0142ych. Podczas tych zaj\u0119\u0107 uczestnicy wykonuj\u0105 seri\u0119 dynamicznych \u0107wicze\u0144, takich jak przysiady, pompki, skoki czy wios\u0142owanie, wykorzystuj\u0105c r\u00f3\u017cnorodne przyrz\u0105dy dost\u0119pne na si\u0142owni zewn\u0119trznej lub terenie treningowym. Instruktorzy prowadz\u0105cy zaj\u0119cia zapewniaj\u0105 profesjonalne wsparcie oraz motywacj\u0119, dostosowuj\u0105c intensywno\u015b\u0107 i trudno\u015b\u0107 treningu do indywidualnych umiej\u0119tno\u015bci i kondycji fizycznej ka\u017cdej osoby. Trening og\u00f3lnorozwojowy Cross dla doros\u0142ych w ramach Naszego Sportowego Fyrtla to nie tylko skuteczny spos\u00f3b na popraw\u0119 si\u0142y, wytrzyma\u0142o\u015bci i kondycji fizycznej, ale tak\u017ce okazja do relaksu, odstresowania si\u0119 oraz integracji spo\u0142ecznej w przyjaznej i motywuj\u0105cej atmosferze.<\/p>\n<p><strong>Lokalizacja:<\/strong>\u00a0Iron Arena przy ul. Szarych Szereg\u00f3w 44<br \/>\n<strong>Termin:<\/strong>\u00a0czwartki w godzinach 19:00 \u2013 20:00<br \/>\n<strong>Zapisy:<\/strong>\u00a0w formie SMS pod nr tel. 664017640 lub osobi\u015bcie w recepcji klubu\u00a0<strong>(20 lutego od godziny 10:00 dla os\u00f3b, kt\u00f3re do tej pory nie uczestniczy\u0142y w danych zaj\u0119ciach, od 22 lutego od godziny 10:00 dla pozosta\u0142ych uczestnik\u00f3w, zapisy z\u0142o\u017cone przed terminem rozpocz\u0119cia rekrutacji nie b\u0119d\u0105 uwzgl\u0119dnione!)<br \/>\n<\/strong><strong>Start:<\/strong>\u00a026 lutego<\/p>\n<p>&nbsp;<\/p>\n<h3><strong>ZAJ\u0118CIA OG\u00d3LNOROZWOJOWE TYPU CROSS DLA SENIOR\u00d3W<\/strong><\/h3>\n<p>Zaj\u0119cia typu \u201eTrening og\u00f3lnorozwojowy Cross dla senior\u00f3w\u201d w ramach programu Nasz Sportowy Fyrtel to specjalnie zaprojektowane treningi, kt\u00f3re dostosowane s\u0105 do potrzeb i mo\u017cliwo\u015bci os\u00f3b starszych. Podczas tych zaj\u0119\u0107 seniorzy wykonuj\u0105 r\u00f3\u017cnorodne \u0107wiczenia si\u0142owe, wytrzyma\u0142o\u015bciowe i funkcjonalne, maj\u0105ce na celu popraw\u0119 kondycji fizycznej, koordynacji oraz utrzymanie sprawno\u015bci na starszym wieku. Instruktorzy prowadz\u0105cy zaj\u0119cia dbaj\u0105 o bezpiecze\u0144stwo uczestnik\u00f3w, oferuj\u0105c modyfikacje i alternatywne warianty \u0107wicze\u0144, dostosowane do indywidualnych mo\u017cliwo\u015bci ka\u017cdej osoby. Trening og\u00f3lnorozwojowy Cross dla senior\u00f3w w ramach Naszego Sportowego Fyrtla to nie tylko forma aktywno\u015bci fizycznej, ale tak\u017ce okazja do integracji spo\u0142ecznej, poprawy samopoczucia oraz utrzymania zdrowego trybu \u017cycia w p\u00f3\u017aniejszym wieku.<\/p>\n<p><strong>Lokalizacja:<\/strong>\u00a0Iron Arena przy ul. Szarych Szereg\u00f3w 44<br \/>\n<strong>Termin:<\/strong>\u00a0pi\u0105tki w godzinach 8:15 \u2013 9:15<br \/>\n<strong>Zapisy:<\/strong>\u00a0w formie SMS pod nr tel. 664017640 lub osobi\u015bcie w recepcji klubu\u00a0<strong>(20 lutego od godziny 10:00 dla os\u00f3b, kt\u00f3re do tej pory nie uczestniczy\u0142y w danych zaj\u0119ciach, od 22 lutego od godziny 10:00 dla pozosta\u0142ych uczestnik\u00f3w, zapisy z\u0142o\u017cone przed terminem rozpocz\u0119cia rekrutacji nie b\u0119d\u0105 uwzgl\u0119dnione!)<br \/>\n<\/strong><strong>Start:<\/strong>\u00a026 lutego<\/p>\n<p>&nbsp;<\/p>\n<h3><strong>ZAJ\u0118CIA OG\u00d3LNOROZWOJOWE TYPU CROSS DLA OS\u00d3B Z NIEPE\u0141NOSPRAWNO\u015aCIAMI<\/strong><\/h3>\n<p>Zaj\u0119cia typu \u201eTrening og\u00f3lnorozwojowy Cross dla os\u00f3b z niepe\u0142nosprawno\u015bciami\u201d w ramach programu Nasz Sportowy Fyrtel to dedykowane treningi, kt\u00f3re zosta\u0142y specjalnie dostosowane do potrzeb i mo\u017cliwo\u015bci uczestnik\u00f3w z r\u00f3\u017cnymi rodzajami niepe\u0142nosprawno\u015bci. Podczas tych zaj\u0119\u0107 osoby z niepe\u0142nosprawno\u015bciami wykonuj\u0105 r\u00f3\u017cnorodne \u0107wiczenia si\u0142owe, wytrzyma\u0142o\u015bciowe i funkcjonalne, maj\u0105ce na celu popraw\u0119 kondycji fizycznej, koordynacji oraz samodzielno\u015bci w codziennych czynno\u015bciach. Instruktorzy prowadz\u0105cy zaj\u0119cia posiadaj\u0105 odpowiednie wykszta\u0142cenie i do\u015bwiadczenie, aby zapewni\u0107 wsparcie i bezpiecze\u0144stwo uczestnikom, oferuj\u0105c modyfikacje i alternatywne warianty \u0107wicze\u0144 dostosowane do indywidualnych mo\u017cliwo\u015bci ka\u017cdej osoby. Trening og\u00f3lnorozwojowy Cross dla os\u00f3b z niepe\u0142nosprawno\u015bciami w ramach Naszego Sportowego Fyrtla to nie tylko forma aktywno\u015bci fizycznej, ale tak\u017ce okazja do integracji spo\u0142ecznej, podnoszenia samooceny oraz promowania zdrowego stylu \u017cycia we wszystkich jego aspektach.<\/p>\n<p><strong>Lokalizacja:<\/strong>\u00a0Iron Arena przy ul. Szarych Szereg\u00f3w 44<br \/>\n<strong>Termin:<\/strong>\u00a0\u015brody w godzinach 11:00 \u2013 12:00<br \/>\n<strong>Zapisy:<\/strong>\u00a0w formie SMS pod nr tel. 664017640 lub osobi\u015bcie w recepcji klubu\u00a0<strong>(20 lutego od godziny 10:00 dla os\u00f3b, kt\u00f3re do tej pory nie uczestniczy\u0142y w danych zaj\u0119ciach, od 22 lutego od godziny 10:00 dla pozosta\u0142ych uczestnik\u00f3w, zapisy z\u0142o\u017cone przed terminem rozpocz\u0119cia rekrutacji nie b\u0119d\u0105 uwzgl\u0119dnione!)<br \/>\n<\/strong><strong>Start:<\/strong>\u00a026 lutego<\/p>\n<h3><\/h3>\n<p>&nbsp;<\/p>\n<h3><strong>SALSATION<\/strong><\/h3>\n<p>Salsation to program taneczno-fitnessowy, kt\u00f3ry \u0142\u0105czy w sobie r\u00f3\u017cne energetyczne style taneczne typu salsa\/bachata\/reggaeton z elementami treningu funkcjonalnego oraz liryczn\u0105 ekspresj\u0105. Salsation skupia si\u0119 przede wszystkim na s\u0142uchaniu i czuciu muzyki oraz opowiadania historii ruchem. Poprzez taniec uczestnicy rozwijaj\u0105 wra\u017cliwo\u015b\u0107, muzykalno\u015b\u0107, poczucie rytmu, zwi\u0119kszaj\u0105 zakres ruchu, wzmacniaj\u0105 si\u0142\u0119 i kondycj\u0119 fizyczn\u0105. To \u015bwietny spos\u00f3b na popraw\u0119 nastroju, roz\u0142adowanie energii i przy okazji spalanie kalorii. Program jest przeznaczony dla wszystkich, niezale\u017cnie od poziomu sprawno\u015bci fizycznej. Do zaj\u0119\u0107 mo\u017cna do\u0142\u0105czy\u0107 w dowolnym momencie. Zatem do zata\u0144czenia!<\/p>\n<p><strong>Lokalizacja:<\/strong>\u00a0Szko\u0142a Podstawowa nr 1 przy ul. Hezjoda 15<br \/>\n<strong>Termin:<\/strong>\u00a0pi\u0105tki w godzinach 19:30 \u2013 20:30 oraz 20:30 \u2013 21:30<br \/>\n<strong>Zapisy:<\/strong>\u00a0w formie e-mail na adres eemcia98@gmail.com (20 luty od godziny 8:00 dla os\u00f3b, kt\u00f3re do tej pory nie uczestniczy\u0142y w danych zaj\u0119ciach, od 22 lutego od godziny 8:00 dla pozosta\u0142ych uczestnik\u00f3w, zapisy z\u0142o\u017cone przed terminem rozpocz\u0119cia rekrutacji nie b\u0119d\u0105 uwzgl\u0119dnione!)<strong><br \/>\n<\/strong><strong>Start:<\/strong>\u00a026 lutego<\/p>\n<p>&nbsp;<\/p>\n<h3><strong>ZUMBA<\/strong><\/h3>\n<p>Zaj\u0119cia typu \u201eZumba\u201d w ramach programu Nasz Sportowy Fyrtel to dynamiczne i energiczne treningi fitness, kt\u00f3re po\u0142\u0105czono z radosnymi rytmami latynoameryka\u0144skimi i \u015bwiatow\u0105 muzyk\u0105. Podczas tych zaj\u0119\u0107 uczestnicy mog\u0105 cieszy\u0107 si\u0119 intensywnym treningiem aerobowym, jednocze\u015bnie ucz\u0105c si\u0119 podstawowych krok\u00f3w tanecznych. Instruktorzy prowadz\u0105cy zaj\u0119cia zapewniaj\u0105 weso\u0142\u0105 atmosfer\u0119, motywuj\u0105c uczestnik\u00f3w do aktywnego uczestnictwa i maksymalnego zaanga\u017cowania. Zumba w ramach Naszego Sportowego Fyrtla to nie tylko skuteczny spos\u00f3b na spalanie kalorii i popraw\u0119 kondycji fizycznej, ale tak\u017ce okazja do zabawy i integracji spo\u0142ecznej w przyjaznym i wspieraj\u0105cym \u015brodowisku.<\/p>\n<p><strong>Lokalizacja:<\/strong>\u00a0Szko\u0142a Podstawowa nr 1 przy ul. Hezjoda 15<br \/>\n<strong>Termin:<\/strong>\u00a0wtorki w godzinach 20:00 \u2013 21:00<br \/>\n<strong>Zapisy:<\/strong>\u00a0w formie SMS pod nr tel. 508963360\u00a0<strong>(20 lutego od godziny 8:00 dla os\u00f3b, kt\u00f3re do tej pory nie uczestniczy\u0142y w danych zaj\u0119ciach, od 22 lutego od godziny 8:00 dla pozosta\u0142ych uczestnik\u00f3w, zapisy z\u0142o\u017cone przed terminem rozpocz\u0119cia rekrutacji nie b\u0119d\u0105 uwzgl\u0119dnione!)<br \/>\n<\/strong><strong>Start:<\/strong>\u00a026 lutego<\/p>\n<p><strong>Lokalizacja:<\/strong>\u00a0Boisko przy ul. Krajeneckiej<br \/>\n<strong>Termin:<\/strong>\u00a0czwartki w godzinach 19:00 \u2013 20:00<br \/>\n<strong>Zapisy:<\/strong>\u00a0w formie SMS pod nr tel. 508963360\u00a0<strong>(20 lutego od godziny 8:00 dla os\u00f3b, kt\u00f3re do tej pory nie uczestniczy\u0142y w danych zaj\u0119ciach, od 22 lutego od godziny 8:00 dla pozosta\u0142ych uczestnik\u00f3w, zapisy z\u0142o\u017cone przed terminem rozpocz\u0119cia rekrutacji nie b\u0119d\u0105 uwzgl\u0119dnione!)<\/strong><br \/>\n<strong>Start:<\/strong>\u00a01 kwietnia<\/p>\n<p>&nbsp;<\/p>\n<h3><strong>TRENING BIEGOWY<\/strong><\/h3>\n<p>Zaj\u0119cia typu \u201eTrening biegowy\u201d w ramach programu Nasz Sportowy Fyrtel to dedykowany program, kt\u00f3ry wspiera uczestnik\u00f3w w rozwoju ich umiej\u0119tno\u015bci biegowych, niezale\u017cnie od poziomu do\u015bwiadczenia. Podczas tych zaj\u0119\u0107 uczestnicy otrzymuj\u0105 profesjonalne wskaz\u00f3wki dotycz\u0105ce techniki biegu, planowania trening\u00f3w oraz zdrowego stylu \u017cycia. Instruktorzy prowadz\u0105cy zaj\u0119cia dostosowuj\u0105 program treningowy do indywidualnych cel\u00f3w i mo\u017cliwo\u015bci ka\u017cdej osoby, umo\u017cliwiaj\u0105c zar\u00f3wno pocz\u0105tkuj\u0105cym, jak i zaawansowanym biegaczom skuteczne doskonalenie swoich umiej\u0119tno\u015bci. Trening biegowy w ramach Naszego Sportowego Fyrtla to nie tylko poprawa kondycji fizycznej i wydolno\u015bci, ale tak\u017ce okazja do aktywnego sp\u0119dzania czasu na \u015bwie\u017cym powietrzu oraz budowania spo\u0142eczno\u015bci biegowej w przyjaznej i motywuj\u0105cej atmosferze.<\/p>\n<p><strong>Lokalizacja:<\/strong>\u00a0Zbi\u00f3rka \u2013 si\u0142ownia zewn\u0119trzna w Parku Aktywno\u015bci Fizycznej przy ul. Druskienickiej<br \/>\n<strong>Termin:<\/strong>\u00a0czwartki w godzinach 17:30 \u2013 18:45<br \/>\n<strong>Zapisy:<\/strong>\u00a0w formie SMS pod nr tel. 512334012\u00a0<strong>(27 lutego od godziny 8:00 dla os\u00f3b, kt\u00f3re do tej pory nie uczestniczy\u0142y w danych zaj\u0119ciach, od 27 lutego od godziny 8:00 dla pozosta\u0142ych uczestnik\u00f3w, zapisy z\u0142o\u017cone przed terminem rozpocz\u0119cia rekrutacji nie b\u0119d\u0105 uwzgl\u0119dnione!)<\/strong><br \/>\n<strong>Start:<\/strong>\u00a04 marca<\/p>\n<p>&nbsp;<\/p>\n<h3><strong>CHC\u0118 BY\u0106 FIT<\/strong><\/h3>\n<p>Kompleksowy trening, kt\u00f3ry wp\u0142ynie pozytywnie na ca\u0142e cia\u0142o. Podczas tego treningu og\u00f3lnorozwojowego b\u0119dziesz pracowa\u0107 nad najwa\u017cniejszymi partiami mi\u0119\u015bniowymi. Po pierwsze s\u0105 to intensywne \u0107wiczenia cardio, a po drugie najlepsze \u0107wiczenia wzmacniaj\u0105ce ca\u0142e cia\u0142o. Te zaj\u0119cia zdoby\u0142y uznanie, poniewa\u017c dbaj\u0105 o ca\u0142e cia\u0142o i pomagaj\u0105 uzyska\u0107 idealn\u0105 sylwetk\u0119.<\/p>\n<p><strong>Lokalizacja:<\/strong>\u00a0Boisko przy ul. Krajeneckiej<br \/>\n<strong>Termin:<\/strong>\u00a0poniedzia\u0142ki w godzinach 18:00 \u2013 19:00<br \/>\n<strong>Zapisy:<\/strong>\u00a0w formie e-mail na adres maciej.zaborowski@interia.pl\u00a0<strong>(20 lutego od godziny 8:00 dla os\u00f3b, kt\u00f3re do tej pory nie uczestniczy\u0142y w danych zaj\u0119ciach, od 22 lutego od godziny 8:00 dla pozosta\u0142ych uczestnik\u00f3w, zapisy z\u0142o\u017cone przed terminem rozpocz\u0119cia rekrutacji nie b\u0119d\u0105 uwzgl\u0119dnione!)<\/strong><br \/>\n<strong>Start:<\/strong>\u00a026 lutego<\/p>\n<p>&nbsp;<\/p>\n<h3><strong>FULL BODY WORKOUT<\/strong><\/h3>\n<p>Kompleksowy trening, kt\u00f3ry wp\u0142ynie pozytywnie na ca\u0142e cia\u0142o. Podczas tego treningu og\u00f3lnorozwojowego b\u0119dziesz pracowa\u0107 nad najwa\u017cniejszymi partiami mi\u0119\u015bniowymi. Po pierwsze s\u0105 to intensywne \u0107wiczenia cardio, a po drugie najlepsze \u0107wiczenia wzmacniaj\u0105ce ca\u0142e cia\u0142o. W trakcie zaj\u0119\u0107 cz\u0119sto wykorzystywane s\u0105 dodatkowe akcesoria treningowe: hantle, gumy, sztangi, czy pi\u0142ki. Te zaj\u0119cia zdoby\u0142y uznanie, poniewa\u017c dbaj\u0105 o ca\u0142e cia\u0142o i pomagaj\u0105 uzyska\u0107 idealn\u0105 sylwetk\u0119.<\/p>\n<p><strong>Lokalizacja:<\/strong>\u00a0Szko\u0142a Podstawowa nr 1 przy ul. Hezjoda 15<br \/>\n<strong>Termin:<\/strong>\u00a0\u015brody w godzinach 17:30 \u2013 18:30<br \/>\n<strong>Zapisy:<\/strong>\u00a0w formie e-mail na adres maciej.zaborowski@interia.pl\u00a0<strong>(20 lutego od godziny 8:00 dla os\u00f3b, kt\u00f3re do tej pory nie uczestniczy\u0142y w danych zaj\u0119ciach, od 22 lutego od godziny 8:00 dla pozosta\u0142ych uczestnik\u00f3w, zapisy z\u0142o\u017cone przed terminem rozpocz\u0119cia rekrutacji nie b\u0119d\u0105 uwzgl\u0119dnione!)<\/strong><br \/>\n<strong>Start:<\/strong>\u00a026 lutego<\/p>\n<p>&nbsp;<\/p>\n<h3><strong>AUTOMASA\u017b Z ROLLEREM Z ELEMENTAMI ROZCI\u0104GANIA<\/strong><\/h3>\n<p>Zaj\u0119cia typu \u201eAutomasa\u017c z rollerem z elementami rozci\u0105gania\u201d w ramach programu Nasz Sportowy Fyrtel to unikatowy trening, kt\u00f3ry \u0142\u0105czy zalety automasa\u017cu z wykorzystaniem specjalnego rolera oraz technik rozci\u0105gania. Podczas tych zaj\u0119\u0107 uczestnicy poznaj\u0105 r\u00f3\u017cnorodne techniki masa\u017cu i rozci\u0105gania, kt\u00f3re pomagaj\u0105 w redukcji napi\u0119cia mi\u0119\u015bniowego, poprawiaj\u0105 elastyczno\u015b\u0107 i przywracaj\u0105 prawid\u0142ow\u0105 funkcj\u0119 mi\u0119\u015bni. Instruktorzy prowadz\u0105cy zaj\u0119cia oferuj\u0105 profesjonalne wskaz\u00f3wki dotycz\u0105ce prawid\u0142owej techniki wykonywania \u0107wicze\u0144 oraz zapewniaj\u0105 wsparcie w dostosowaniu treningu do indywidualnych potrzeb i umiej\u0119tno\u015bci ka\u017cdej osoby. Automasa\u017c z rollerem z elementami rozci\u0105gania w ramach Naszego Sportowego Fyrtla to nie tylko dba\u0142o\u015b\u0107 o zdrowie mi\u0119\u015bni i staw\u00f3w, ale tak\u017ce spos\u00f3b na redukcj\u0119 napi\u0119cia, regeneracj\u0119 cia\u0142a oraz popraw\u0119 og\u00f3lnego samopoczucia fizycznego i psychicznego.<\/p>\n<p>Konieczno\u015b\u0107 posiadania w\u0142asnego rollera.<\/p>\n<p><strong>Lokalizacja:<\/strong>\u00a0Szko\u0142a Podstawowa nr 1 przy ul. Hezjoda 15<br \/>\n<strong>Termin:<\/strong>\u00a0\u015brody w godzinach 18:30 \u2013 19:30<br \/>\n<strong>Zapisy:<\/strong>\u00a0w formie e-mail na adres maciej.zaborowski@interia.pl\u00a0<strong>(20 lutego od godziny 8:00 dla os\u00f3b, kt\u00f3re do tej pory nie uczestniczy\u0142y w danych zaj\u0119ciach, od 22 lutego od godziny 8:00 dla pozosta\u0142ych uczestnik\u00f3w, zapisy z\u0142o\u017cone przed terminem rozpocz\u0119cia rekrutacji nie b\u0119d\u0105 uwzgl\u0119dnione!)<\/strong><br \/>\n<strong>Start:<\/strong>\u00a026 lutego<\/p>\n<p>&nbsp;<\/p>\n<h3><strong>PILATES<\/strong><\/h3>\n<p>Zaj\u0119cia typu \u201ePilates\u201d w ramach programu Nasz Sportowy Fyrtel to trening oparty na metodzie pilatesu, kt\u00f3ry k\u0142adzie du\u017cy nacisk na wzmocnienie mi\u0119\u015bni g\u0142\u0119bokich, popraw\u0119 postawy oraz zwi\u0119kszenie elastyczno\u015bci cia\u0142a. Podczas tych zaj\u0119\u0107 uczestnicy wykonuj\u0105 kontrolowane i precyzyjne ruchy, koncentruj\u0105c si\u0119 na oddechu i \u015bwiadomo\u015bci swojego cia\u0142a. Instruktorzy prowadz\u0105cy zaj\u0119cia zapewniaj\u0105 profesjonalne wsparcie i dostosowuj\u0105 \u0107wiczenia do indywidualnych potrzeb ka\u017cdej osoby, co pozwala na osi\u0105gni\u0119cie optymalnych efekt\u00f3w treningowych. Pilates w ramach Naszego Sportowego Fyrtla to nie tylko forma aktywno\u015bci fizycznej, ale tak\u017ce droga do poprawy samopoczucia, zdrowia oraz harmonii mi\u0119dzy cia\u0142em a umys\u0142em.<\/p>\n<p><strong>Lokalizacja:<\/strong>\u00a0\u015awietlica przy skrzy\u017cowaniu ul. Kierskiej i ul. Turystycznej w Kiekrzu<br \/>\n<strong>Termin:<\/strong>\u00a0wtorki w godzinach 18:00 \u2013 19:00<br \/>\n<strong>Zapisy:<\/strong>\u00a0telefonicznie pod nr tel. 502706403\u00a0<strong>(20 lutego od godziny 12:00 dla os\u00f3b, kt\u00f3re do tej pory nie uczestniczy\u0142y w danych zaj\u0119ciach, 21 lutego od godziny 9:00 dla pozosta\u0142ych uczestnik\u00f3w, zapisy z\u0142o\u017cone przed terminem rozpocz\u0119cia rekrutacji nie b\u0119d\u0105 uwzgl\u0119dnione!)<\/strong><br \/>\n<strong>Start:<\/strong>\u00a04 marca<\/p>\n<p>&nbsp;<\/p>\n<h3><strong>KSZTA\u0141TOWANIE SYLWETKI<\/strong><\/h3>\n<p>Zaj\u0119cia typu \u201eKszta\u0142towanie Sylwetki\u201d w ramach programu Nasz Sportowy Fyrtel to kompleksowy trening, kt\u00f3ry skupia si\u0119 na formowaniu i ulepszaniu sylwetki poprzez r\u00f3\u017cnorodne \u0107wiczenia si\u0142owe, aerobowe i funkcjonalne. Podczas tych zaj\u0119\u0107 uczestnicy maj\u0105 okazj\u0119 wzmacnia\u0107 mi\u0119\u015bnie, poprawia\u0107 elastyczno\u015b\u0107, zwi\u0119ksza\u0107 wytrzyma\u0142o\u015b\u0107 oraz redukowa\u0107 tkank\u0119 t\u0142uszczow\u0105. Instruktorzy prowadz\u0105cy zaj\u0119cia zapewniaj\u0105 profesjonalne wsparcie i motywacj\u0119, dostosowuj\u0105c intensywno\u015b\u0107 treningu do indywidualnych potrzeb ka\u017cdej osoby. Kszta\u0142towanie Sylwetki w ramach Naszego Sportowego Fyrtla to nie tylko praca nad wygl\u0105dem cia\u0142a, ale tak\u017ce dba\u0142o\u015b\u0107 o zdrowie, samopoczucie oraz osi\u0105gni\u0119cie lepszej formy fizycznej w przyjaznej i motywuj\u0105cej atmosferze.<\/p>\n<p><strong>Lokalizacja:<\/strong>\u00a0\u015awietlica przy skrzy\u017cowaniu ul. Kierskiej i ul. Turystycznej w Kiekrzu<br \/>\n<strong>Termin:<\/strong>\u00a0wtorki w godzinach 19:00 \u2013 20:00<br \/>\n<strong>Zapisy:<\/strong>\u00a0telefonicznie pod nr tel. 502706403\u00a0<strong>(20 lutego od godziny 12:00 dla os\u00f3b, kt\u00f3re do tej pory nie uczestniczy\u0142y w danych zaj\u0119ciach, 21 lutego od godziny 9:00 dla pozosta\u0142ych uczestnik\u00f3w, zapisy z\u0142o\u017cone przed terminem rozpocz\u0119cia rekrutacji nie b\u0119d\u0105 uwzgl\u0119dnione!)<\/strong><br \/>\n<strong>Start:<\/strong>\u00a04 marca<\/p>\n<p>&nbsp;<\/p>\n<h3><strong>ZDROWY KR\u0118GOS\u0141UP<\/strong><\/h3>\n<p>Zaj\u0119cia typu \u201eZdrowy Kr\u0119gos\u0142up\u201d w ramach programu Nasz Sportowy Fyrtel to specjalnie zaprojektowany trening, kt\u00f3ry koncentruje si\u0119 na dba\u0142o\u015bci o kr\u0119gos\u0142up i jego zdrowie. Podczas tych zaj\u0119\u0107 uczestnicy wykonuj\u0105 r\u00f3\u017cnorodne \u0107wiczenia maj\u0105ce na celu wzmocnienie mi\u0119\u015bni grzbietu, brzucha oraz mi\u0119\u015bni g\u0142\u0119bokich, co przyczynia si\u0119 do poprawy postawy, elastyczno\u015bci i stabilno\u015bci kr\u0119gos\u0142upa. Instruktorzy prowadz\u0105cy zaj\u0119cia skupiaj\u0105 si\u0119 na technice wykonywania \u0107wicze\u0144 oraz zapewniaj\u0105 odpowiednie wsparcie i korekty postawy, aby unikn\u0105\u0107 kontuzji i zapewni\u0107 maksymalne korzy\u015bci dla zdrowia kr\u0119gos\u0142upa. Zaj\u0119cia Zdrowego Kr\u0119gos\u0142upa w ramach Naszego Sportowego Fyrtla to nie tylko forma aktywno\u015bci fizycznej, ale tak\u017ce inwestycja w d\u0142ugoterminowe zdrowie i dobre samopoczucie poprzez piel\u0119gnowanie kr\u0119gos\u0142upa i zapobieganie problemom zdrowotnym z nim zwi\u0105zanym.<\/p>\n<p><strong>Lokalizacja:<\/strong>\u00a0\u015awietlica przy skrzy\u017cowaniu ul. Kierskiej i ul. Turystycznej w Kiekrzu<br \/>\n<strong>Termin:<\/strong>\u00a0czwartki w godzinach 18:00 \u2013 19:00<br \/>\n<strong>Zapisy:<\/strong>\u00a0telefonicznie pod nr tel. 502706403\u00a0<strong>(20 lutego od godziny 12:00 dla os\u00f3b, kt\u00f3re do tej pory nie uczestniczy\u0142y w danych zaj\u0119ciach, 21 lutego od godziny 9:00 dla pozosta\u0142ych uczestnik\u00f3w, zapisy z\u0142o\u017cone przed terminem rozpocz\u0119cia rekrutacji nie b\u0119d\u0105 uwzgl\u0119dnione!)<\/strong><br \/>\n<strong>Start:<\/strong>\u00a04 marca<\/p>\n<p>&nbsp;<\/p>\n<h3><strong>WZMACNIANIE I STABILIZACJA<\/strong><\/h3>\n<p>Zaj\u0119cia typu \u201eWzmacnianie i Stabilizacja\u201d w ramach programu Nasz Sportowy Fyrtel to dedykowany trening, kt\u00f3ry koncentruje si\u0119 na wzmocnieniu mi\u0119\u015bni oraz poprawie stabilno\u015bci cia\u0142a. Podczas tych zaj\u0119\u0107 uczestnicy wykonuj\u0105 r\u00f3\u017cnorodne \u0107wiczenia si\u0142owe, stabilizacyjne i r\u00f3wnowa\u017cne, kt\u00f3re wspieraj\u0105 rozw\u00f3j si\u0142y, koordynacji oraz kontroli nad w\u0142asnym cia\u0142em. Instruktorzy prowadz\u0105cy zaj\u0119cia dbaj\u0105 o zapewnienie odpowiedniego wsparcia i korekty techniki, dostosowuj\u0105c trening do indywidualnych potrzeb i poziomu sprawno\u015bci ka\u017cdej osoby. Wzmacnianie i Stabilizacja w ramach Naszego Sportowego Fyrtla to nie tylko praca nad mi\u0119\u015bniami, ale tak\u017ce budowanie solidnych fundament\u00f3w dla zdrowia i lepszej sprawno\u015bci fizycznej, co przek\u0142ada si\u0119 na popraw\u0119 codziennych aktywno\u015bci i zapobieganie kontuzjom.<\/p>\n<p><strong>Lokalizacja:<\/strong>\u00a0\u015awietlica przy skrzy\u017cowaniu ul. Kierskiej i ul. Turystycznej w Kiekrzu<br \/>\n<strong>Termin:<\/strong>\u00a0czwartki w godzinach 19:00 \u2013 20:00<br \/>\n<strong>Zapisy:<\/strong>\u00a0telefonicznie pod nr tel. 502706403\u00a0<strong>(20 lutego od godziny 12:00 dla os\u00f3b, kt\u00f3re do tej pory nie uczestniczy\u0142y w danych zaj\u0119ciach, 21 lutego od godziny 9:00 dla pozosta\u0142ych uczestnik\u00f3w, zapisy z\u0142o\u017cone przed terminem rozpocz\u0119cia rekrutacji nie b\u0119d\u0105 uwzgl\u0119dnione!)<\/strong><br \/>\n<strong>Start:<\/strong>\u00a04 marca<\/p>\n<p>&nbsp;<\/p>\n<h3><strong>STRETCHING<\/strong><\/h3>\n<p>Zaj\u0119cia typu \u201eStretching\u201d w ramach programu Nasz Sportowy Fyrtel to czas po\u015bwi\u0119cony na rozci\u0105ganie mi\u0119\u015bni, popraw\u0119 elastyczno\u015bci cia\u0142a oraz relaksacj\u0119. Podczas tych zaj\u0119\u0107 uczestnicy wykonuj\u0105 r\u00f3\u017cnorodne \u0107wiczenia rozci\u0105gaj\u0105ce, kt\u00f3re pomagaj\u0105 w redukcji napi\u0119cia mi\u0119\u015bniowego, poprawiaj\u0105 zakres ruchu oraz przynosz\u0105 uczucie odpr\u0119\u017cenia. Instruktorzy prowadz\u0105cy zaj\u0119cia zapewniaj\u0105 odpowiednie wskaz\u00f3wki dotycz\u0105ce techniki rozci\u0105gania i daj\u0105 mo\u017cliwo\u015b\u0107 dostosowania \u0107wicze\u0144 do indywidualnych potrzeb i umiej\u0119tno\u015bci ka\u017cdej osoby. Stretching w ramach Naszego Sportowego Fyrtla to nie tylko dba\u0142o\u015b\u0107 o zdrowie mi\u0119\u015bni i staw\u00f3w, ale tak\u017ce chwila relaksu i regeneracji po intensywnym treningu, kt\u00f3ra przyczynia si\u0119 do og\u00f3lnego dobrego samopoczucia fizycznego i psychicznego.<\/p>\n<p><strong>Lokalizacja:<\/strong>\u00a0\u015awietlica przy skrzy\u017cowaniu ul. Kierskiej i ul. Turystycznej w Kiekrzu<br \/>\n<strong>Termin:<\/strong>\u00a0czwartki w godzinach 20:00 \u2013 21:00<br \/>\n<strong>Zapisy:<\/strong>\u00a0telefonicznie pod nr tel. 502706403\u00a0<strong>(20 lutego od godziny dla os\u00f3b, kt\u00f3re do tej pory nie uczestniczy\u0142y w danych zaj\u0119ciach, 21 lutego od godziny 9:00 dla pozosta\u0142ych uczestnik\u00f3w, zapisy z\u0142o\u017cone przed terminem rozpocz\u0119cia rekrutacji nie b\u0119d\u0105 uwzgl\u0119dnione!)<\/strong><br \/>\n<strong>Start:<\/strong>\u00a04 marca<\/p>\n<p>&nbsp;<\/p>\n<h3><strong>GRY I ZABAWY SPORTOWO \u2013 REKREACYJNE DLA DZIECI I M\u0141ODZIE\u017bY<\/strong><\/h3>\n<p>Zaj\u0119cia gier i zabaw sportowo-rekreacyjnych dla dzieci i m\u0142odzie\u017cy w ramach programu \u201eNasz Sportowy Fyrtel\u201d to doskona\u0142a okazja do po\u0142\u0105czenia aktywno\u015bci fizycznej z rado\u015bci\u0105 i zabaw\u0105. Na zaj\u0119ciach gier i zabaw sportowo-rekreacyjnych uczestnicy maj\u0105 mo\u017cliwo\u015b\u0107 wypr\u00f3bowania r\u00f3\u017cnych dyscyplin sportowych i aktywno\u015bci rekreacyjnych w formie gier i zabaw. To czas, w kt\u00f3rym dzieci i m\u0142odzie\u017c mog\u0105 rozwija\u0107 swoje umiej\u0119tno\u015bci motoryczne, poprawia\u0107 kondycj\u0119 fizyczn\u0105 i sp\u0119dza\u0107 czas aktywnie, jednocze\u015bnie czerpi\u0105c rado\u015b\u0107 z zabawy. Podczas tych zaj\u0119\u0107 organizowane s\u0105 r\u00f3\u017cnego rodzaju gry zespo\u0142owe, takie jak pi\u0142ka no\u017cna, siatk\u00f3wka, czy koszyk\u00f3wka, kt\u00f3re pomagaj\u0105 uczestnikom rozwija\u0107 wsp\u00f3\u0142prac\u0119 zespo\u0142ow\u0105 i umiej\u0119tno\u015bci interpersonalne. Ponadto, dzieci i m\u0142odzie\u017c ucz\u0105 si\u0119 zasad fair play i szacunku dla innych uczestnik\u00f3w. W programie \u201eNasz Sportowy Fyrtel\u201d nie brakuje r\u00f3wnie\u017c zabaw i \u0107wicze\u0144 rekreacyjnych, takich jak zabawy z pi\u0142k\u0105, skakanie na skakance czy r\u00f3\u017cnego rodzaju wy\u015bcigi. To doskona\u0142y spos\u00f3b na popraw\u0119 koordynacji ruchowej i wydolno\u015bci fizycznej. Najwa\u017cniejsze jest to, \u017ce te zaj\u0119cia promuj\u0105 aktywny styl \u017cycia i zdrow\u0105 zabaw\u0119. Poprzez gry i zabawy sportowo-rekreacyjne dzieci i m\u0142odzie\u017c maj\u0105 okazj\u0119 do sp\u0119dzania czasu na \u015bwie\u017cym powietrzu, rozwijania zdrowych nawyk\u00f3w oraz czerpania rado\u015bci z aktywno\u015bci fizycznej w przyjaznej i wspieraj\u0105cej atmosferze.<\/p>\n<p><strong>Lokalizacja:<\/strong>\u00a0Szko\u0142a Podstawowa nr 1 przy ul. Hezjoda 15<br \/>\n<strong>Termin:<\/strong>\u00a0poniedzia\u0142ki w godzinach 14:40 \u2013 15:40 oraz 15:40 \u2013 16:40<br \/>\n<strong>Zapisy:<\/strong>\u00a0w formie e-mail pod adresem monika.martyniuk@sp1.poznan.pl\u00a0<strong>(20 lutego od godziny 10:00 dla os\u00f3b, kt\u00f3re do tej pory nie uczestniczy\u0142y w danych zaj\u0119ciach, od 22 lutego od godziny 10:00 dla pozosta\u0142ych uczestnik\u00f3w, zapisy z\u0142o\u017cone przed terminem rozpocz\u0119cia rekrutacji nie b\u0119d\u0105 uwzgl\u0119dnione!)<br \/>\n<\/strong><strong>Start:<\/strong>\u00a026 lutego<\/p>\n<p>&nbsp;<\/p>\n<h3><strong>KOSZYK\u00d3WKA DLA DZIECI I M\u0141ODZIE\u017bY<\/strong><\/h3>\n<p>Zaj\u0119cia koszyk\u00f3wki dla dzieci i m\u0142odzie\u017cy w ramach programu \u201eNasz Sportowy Fyrtel\u201d to \u015bwietna okazja do nauki tej fascynuj\u0105cej dyscypliny sportowej. Podczas tych zaj\u0119\u0107 uczestnicy ucz\u0105 si\u0119 podstaw koszyk\u00f3wki, takich jak dribbling, rzuty i obrona. Organizowane s\u0105 r\u00f3wnie\u017c gry i turnieje, aby umo\u017cliwi\u0107 praktyczne zastosowanie nabytych umiej\u0119tno\u015bci w rywalizacji. Program k\u0142adzie du\u017cy nacisk na zasady fair play, szacunek dla przeciwnik\u00f3w i rozwijanie sprawno\u015bci fizycznej. Wszystko to odbywa si\u0119 w przyjaznej atmosferze, zach\u0119caj\u0105cej do aktywno\u015bci fizycznej i zdrowego trybu \u017cycia.<\/p>\n<p><strong>Lokalizacja:<\/strong>\u00a0Szko\u0142a Podstawowa nr 1 przy ul. Hezjoda 15<br \/>\n<strong>Termin:<\/strong>\u00a0\u015brody w godzinach 14:35 \u2013 16:05<br \/>\n<strong>Zapisy:<\/strong>\u00a0w formie e-mail pod adresem monika.martyniuk@sp1.poznan.pl\u00a0<strong>(20 lutego od godziny 10:00 dla os\u00f3b, kt\u00f3re do tej pory nie uczestniczy\u0142y w danych zaj\u0119ciach, od 22 lutego od godziny 10:00 dla pozosta\u0142ych uczestnik\u00f3w, zapisy z\u0142o\u017cone przed terminem rozpocz\u0119cia rekrutacji nie b\u0119d\u0105 uwzgl\u0119dnione!)<br \/>\n<\/strong><strong>Start:<\/strong>\u00a026 lutego<\/p>\n<p>&nbsp;<\/p>\n<h3><strong>KSZTA\u0141TOWANIE SYLWETKI<\/strong><\/h3>\n<p>Trening wzmacniaj\u0105co \u2013 kondycyjny. Idealny dla os\u00f3b chc\u0105cych uj\u0119drni\u0107 swoje cia\u0142o i zgubi\u0107 zb\u0119dne kilogramy. G\u0142\u00f3wny nacisk b\u0119dzie na partie cia\u0142a najbardziej \u201eproblematyczne\u201d tj. brzuch, uda, po\u015bladki oraz ramiona.<\/p>\n<p><strong>Lokalizacja:<\/strong>\u00a0Szko\u0142a Podstawowa nr 57 przy ul. Le\u015bnowolskiej 35<br \/>\n<strong>Termin:<\/strong>\u00a0pi\u0105tki w godzinach 18:00 \u2013 19:00<br \/>\n<strong>Zapisy:<\/strong>\u00a0w formie SMS pod nr tel. 791874022\u00a0<strong>(21 lutego od godziny 10:00 dla os\u00f3b, kt\u00f3re do tej pory nie uczestniczy\u0142y w danych zaj\u0119ciach, 22 lutego od godziny 10:00 dla pozosta\u0142ych uczestnik\u00f3w, zapisy z\u0142o\u017cone przed terminem rozpocz\u0119cia rekrutacji nie b\u0119d\u0105 uwzgl\u0119dnione!)<br \/>\n<\/strong><strong>Start:<\/strong>\u00a026 lutego<\/p>\n<p>&nbsp;<\/p>\n<h3><strong>PILATES<\/strong><\/h3>\n<p>Zaj\u0119cia, kt\u00f3rych celem jest poprawa og\u00f3lnej sprawno\u015bci fizycznej uczestnika zaj\u0119\u0107, a tak\u017ce delikatne wzmocnienie mi\u0119\u015bni, bez ich rozbudowy. Specjalnie dobrane \u0107wiczenia b\u0119d\u0105 wp\u0142ywa\u0142y pozytywnie na popraw\u0119 sprawno\u015bci, wzmocnienie mi\u0119\u015bni core, czyli plec\u00f3w, brzucha i po\u015bladk\u00f3w, a tak\u017ce pozwol\u0105 rozci\u0105gn\u0105\u0107 spi\u0119te mi\u0119\u015bnie, co od razu przyniesie ulg\u0119. Dodatkowym atutem jest relaksuj\u0105ca muzyka, kt\u00f3ra zdecydowanie poprawi Twoje samopoczucie.<\/p>\n<p><strong>Lokalizacja:<\/strong>\u00a0Szko\u0142a Podstawowa nr 57 przy ul. Le\u015bnowolskiej 35<br \/>\n<strong>Termin:<\/strong>\u00a0pi\u0105tki w godzinach 19:00 \u2013 20:00<br \/>\n<strong>Zapisy:<\/strong>\u00a0w formie SMS pod nr tel. 791874022\u00a0<strong>(21 lutego od godziny 10:00 dla os\u00f3b, kt\u00f3re do tej pory nie uczestniczy\u0142y w danych zaj\u0119ciach, 22 lutego od godziny 10:00 dla pozosta\u0142ych uczestnik\u00f3w, zapisy z\u0142o\u017cone przed terminem rozpocz\u0119cia rekrutacji nie b\u0119d\u0105 uwzgl\u0119dnione!)<br \/>\n<\/strong><strong>Start:<\/strong>\u00a026 lutego<\/p>\n<p>&nbsp;<\/p>\n<h3><strong>ZDROWY KR\u0118GOS\u0141UP<\/strong><\/h3>\n<p>Jest to trening medyczny, charakteryzuj\u0105cy si\u0119 ogromn\u0105 prozdrowotno\u015bci\u0105 i przeznaczony dla os\u00f3b, kt\u00f3re borykaj\u0105 si\u0119 z r\u00f3\u017cnego rodzaju problemami b\u00f3lowymi oraz przeci\u0105\u017ceniowymi spowodowanymi ma\u0142o aktywnym trybem \u017cycia jaki prowadz\u0105 lub prac\u0105 w niew\u0142a\u015bciwych wzorcach ruchowych. \u0141\u0105cz\u0105c zaj\u0119cia Zdrowy Kr\u0119gos\u0142up z elementami Pilates, optymalizacj\u0105 ruch\u00f3w w stawach, technikami rozlu\u017aniania mi\u0119\u015bniowo-powi\u0119ziowego (g\u0142\u00f3wnie automasa\u017c g\u0142\u0119boki), wzmacniania gorsetu mi\u0119\u015bni g\u0142\u0119bokich oraz posturalnych, r\u00f3wnowag\u0105, propriopepcj\u0105, stabilizacj\u0105 na r\u00f3\u017cnym pod\u0142o\u017cu oraz \u0107wiczeniami mi\u0119\u015bni dna miednicy, stworzyli\u015bmy program zaj\u0119\u0107 przynosz\u0105cy rewelacyjne efekty. Zaj\u0119cia dla os\u00f3b w ka\u017cdym wieku.<\/p>\n<p><strong>Lokalizacja:<\/strong>\u00a0Szko\u0142a Podstawowa nr 57 przy ul. Le\u015bnowolskiej 35<br \/>\n<strong>Termin:<\/strong>\u00a0pi\u0105tki w godzinach 20:00 \u2013 21:00<br \/>\n<strong>Zapisy:\u00a0<\/strong>w formie SMS pod nr tel. 791874022\u00a0<strong>(21 lutego od godziny 10:00 dla os\u00f3b, kt\u00f3re do tej pory nie uczestniczy\u0142y w danych zaj\u0119ciach, 22 lutego od godziny 10:00 dla pozosta\u0142ych uczestnik\u00f3w, zapisy z\u0142o\u017cone przed terminem rozpocz\u0119cia rekrutacji nie b\u0119d\u0105 uwzgl\u0119dnione!)<\/strong><br \/>\n<strong>Start:<\/strong>\u00a026 lutego<\/p>\n<p>&nbsp;<\/p>\n<h3><strong>NORDIC WALKING<\/strong><\/h3>\n<p>Intensywny marsz z kijami. Po\u0142\u0105czenie techniki biegu na nartach i szybkiego marszu z u\u017cyciem specjalnie zaprojektowanych kij\u00f3w. Forma aktywno\u015bci ruchowej na \u015bwie\u017cym powietrzu, polegaj\u0105ca na dynamicznym marszu i odpychaniu si\u0119 za pomoc\u0105 specjalnie zaprojektowanych kij\u00f3w, dzi\u0119ki kt\u00f3rym anga\u017cujemy do pracy wi\u0119kszo\u015b\u0107 naszych mi\u0119\u015bni. Prosta i dost\u0119pna dla ka\u017cdego forma ruchu na ca\u0142y rok, bez wzgl\u0119du na pogod\u0119 i wiek. W por\u00f3wnaniu do zwyczajnego marszu Nordic Walking anga\u017cuje: mi\u0119\u015bnie g\u00f3rnej po\u0142owy cia\u0142a, rozlu\u017ania mi\u0119\u015bnie grzbietu, uruchamia mi\u0119\u015bnie plec\u00f3w i brzucha, odci\u0105\u017ca kr\u0119gos\u0142up i stawy ko\u0144czyn dolnych. Zaanga\u017cowanie 90% mi\u0119\u015bni cia\u0142a, powoduje, \u017ce trening jest kompleksowy i nie wymaga uzupe\u0142niania innymi formami aktywno\u015bci fizycznej Rozwija si\u0119 si\u0142a i wytrzyma\u0142o\u015b\u0107 ramion, zmniejsza obci\u0105\u017cenie staw\u00f3w o 30%, u\u015bmierza b\u00f3le reumatyczne, zwalnia tempo chor\u00f3b takich jak: artretyzm czy cukrzyca, redukuje stres, spala si\u0119 wi\u0119cej kalorii ni\u017c przy normalnym chodzeniu. Nordic Walking jest form\u0105 rekreacji, kt\u00f3ra ma wiele korzy\u015bci dla zdrowia, takich jak poprawa wydolno\u015bci sercowo-naczyniowej, wzmacnianie mi\u0119\u015bni n\u00f3g, ramion i plec\u00f3w, a tak\u017ce redukcja stresu i poprawa nastroju. Dzi\u0119ki temu, \u017ce jest to forma niskiej intensywno\u015bci, mo\u017ce by\u0107 praktykowana przez osoby w r\u00f3\u017cnym wieku i o r\u00f3\u017cnym poziomie zaawansowania, a tak\u017ce stanowi alternatyw\u0119 dla biegania czy jazdy na rowerze.<\/p>\n<p><strong>Lokalizacja:<\/strong>\u00a0Zbi\u00f3rka \u2013 parking obok boiska przy ul. Braniewskiej 23<br \/>\n<strong>Termin:<\/strong>\u00a0poniedzia\u0142ki w godzinach 9:00 \u2013 10:00<br \/>\n<strong>Zapisy:<\/strong>\u00a0w formie SMS pod nr tel. 791874022\u00a0<strong>(21 lutego od godziny 10:00 dla os\u00f3b, kt\u00f3re do tej pory nie uczestniczy\u0142y w danych zaj\u0119ciach, 22 lutego od godziny 10:00 dla pozosta\u0142ych uczestnik\u00f3w, zapisy z\u0142o\u017cone przed terminem rozpocz\u0119cia rekrutacji nie b\u0119d\u0105 uwzgl\u0119dnione!)<br \/>\n<\/strong><strong>Start:<\/strong>\u00a026 lutego<\/p>\n<p><strong>Lokalizacja:<\/strong>\u00a0Zbi\u00f3rka \u2013 parking obok boiska przy ul. Braniewskiej 23<br \/>\n<strong>Termin:<\/strong>\u00a0poniedzia\u0142ki w godzinach 10:15 \u2013 11:15<br \/>\n<strong>Zapisy:<\/strong>\u00a0w formie SMS pod nr tel. 791874022\u00a0<strong>(21 lutego od godziny 10:00 dla os\u00f3b, kt\u00f3re do tej pory nie uczestniczy\u0142y w danych zaj\u0119ciach, 22 lutego od godziny 10:00 dla pozosta\u0142ych uczestnik\u00f3w, zapisy z\u0142o\u017cone przed terminem rozpocz\u0119cia rekrutacji nie b\u0119d\u0105 uwzgl\u0119dnione!)<\/strong><br \/>\n<strong>Start:<\/strong>\u00a026 lutego<\/p>\n<p><strong>Lokalizacja \u2013 grupa pocz\u0105tkuj\u0105ca:<\/strong>\u00a0Zbi\u00f3rka \u2013 skrzy\u017cowanie ul. Krajeneckiej i ul. Koszali\u0144skiej (wej\u015bcie na ROD Strzeszyn)<br \/>\n<strong>Termin:<\/strong>\u00a0soboty w godzinach 9:00 \u2013 10:30<br \/>\n<strong>Zapisy:<\/strong>\u00a0w formie SMS pod nr tel. 791276967\u00a0<strong>(21 lutego od godziny 10:00 dla os\u00f3b, kt\u00f3re do tej pory nie uczestniczy\u0142y w danych zaj\u0119ciach, 22 lutego od godziny 10:00 dla pozosta\u0142ych uczestnik\u00f3w, zapisy z\u0142o\u017cone przed terminem rozpocz\u0119cia rekrutacji nie b\u0119d\u0105 uwzgl\u0119dnione!)<\/strong><br \/>\n<strong>Start:<\/strong>\u00a026 lutego<\/p>\n<p>&nbsp;<\/p>\n<h3><strong>BOKS<\/strong><\/h3>\n<p>Zaj\u0119cia typu \u201eBoks\u201d w ramach programu Nasz Sportowy Fyrtel to intensywne treningi, kt\u00f3re bazuj\u0105 na technikach i zasadach boksu. Podczas tych zaj\u0119\u0107 uczestnicy ucz\u0105 si\u0119 podstawowych technik cios\u00f3w, kombinacji, oraz pracy z workiem bokserskim lub partnerem treningowym. Trening bokserski nie tylko poprawia kondycj\u0119 fizyczn\u0105, si\u0142\u0119 i wytrzyma\u0142o\u015b\u0107, ale r\u00f3wnie\u017c rozwija koordynacj\u0119 ruchow\u0105 oraz poprawia reakcj\u0119 i koncentracj\u0119. Instruktorzy prowadz\u0105cy zaj\u0119cia zapewniaj\u0105 bezpieczne warunki treningu oraz motywuj\u0105 i wspieraj\u0105 uczestnik\u00f3w, aby osi\u0105gn\u0119li jak najlepsze rezultaty. Zaj\u0119cia Boks w ramach Naszego Sportowego Fyrtla to nie tylko forma aktywno\u015bci fizycznej, ale tak\u017ce spos\u00f3b na wzmocnienie cia\u0142a, podniesienie pewno\u015bci siebie i opanowania w sytuacjach stresowych.<\/p>\n<p><strong>Lokalizacja:<\/strong>\u00a0Czerwony Smok \u2013 Galeria Podolany przy ul. Strzeszy\u0144skiej 63<br \/>\n<strong>Termin:<\/strong>\u00a0poniedzia\u0142ki w godzinach 20:00 \u2013 21:00 oraz soboty w godzinach 11:00 \u2013 12:00<br \/>\n<strong>Zapisy:<\/strong>\u00a0telefonicznie pod nr tel. 451140336\u00a0<strong>(21 lutego od godziny 10:00 dla os\u00f3b, kt\u00f3re do tej pory nie uczestniczy\u0142y w danych zaj\u0119ciach, od 22 lutego od godziny 10:00 dla pozosta\u0142ych uczestnik\u00f3w, zapisy z\u0142o\u017cone przed terminem rozpocz\u0119cia rekrutacji nie b\u0119d\u0105 uwzgl\u0119dnione!)<\/strong><br \/>\n<strong>Start:<\/strong>\u00a026 lutego<\/p>\n<p>&nbsp;<\/p>\n<h3><strong>SZTUKI WALKI DLA DZIECI W WIEKU 7 \u2013 11 LAT<\/strong><\/h3>\n<p>Zaj\u0119cia typu \u201eSztuki walki dla dzieci w wieku 7-11 lat\u201d w ramach programu Nasz Sportowy Fyrtel to specjalnie zaprojektowane treningi, kt\u00f3re integruj\u0105 nauk\u0119 technik sztuk walki z warto\u015bciami takimi jak dyscyplina, szacunek oraz samodyscyplina. Podczas tych zaj\u0119\u0107 dzieci ucz\u0105 si\u0119 podstawowych technik r\u00f3\u017cnych sztuk walki, takich jak karate, taekwondo czy judo, co nie tylko pomaga w budowaniu pewno\u015bci siebie i samoobrony, ale r\u00f3wnie\u017c rozwija umiej\u0119tno\u015bci motoryczne, koordynacj\u0119 ruchow\u0105 i zdolno\u015bci koncentracji. Instruktorzy prowadz\u0105cy zaj\u0119cia s\u0105 do\u015bwiadczonymi specjalistami, kt\u00f3rzy k\u0142ad\u0105 nacisk na bezpiecze\u0144stwo oraz rozw\u00f3j fizyczny i emocjonalny ka\u017cdego dziecka. Zaj\u0119cia Sztuki walki dla dzieci w wieku 7-11 lat w ramach Naszego Sportowego Fyrtla to nie tylko forma aktywno\u015bci fizycznej, ale tak\u017ce doskona\u0142a okazja do nauki warto\u015bciowych umiej\u0119tno\u015bci \u017cyciowych i kszta\u0142towania zdrowego stylu \u017cycia ju\u017c od najm\u0142odszych lat.<\/p>\n<p><strong>Lokalizacja:<\/strong>\u00a0Czerwony Smok \u2013 Galeria Podolany przy ul. Strzeszy\u0144skiej 63<br \/>\n<strong>Termin:<\/strong>\u00a0soboty w godzinach 9:00 \u2013 10:00<br \/>\n<strong>Zapisy:<\/strong>\u00a0telefonicznie pod nr tel. 451140336\u00a0<strong>(21 lutego od godziny 10:00 dla os\u00f3b, kt\u00f3re do tej pory nie uczestniczy\u0142y w danych zaj\u0119ciach, od 22 lutego od godziny 10:00 dla pozosta\u0142ych uczestnik\u00f3w, zapisy z\u0142o\u017cone przed terminem rozpocz\u0119cia rekrutacji nie b\u0119d\u0105 uwzgl\u0119dnione!)<\/strong><br \/>\n<strong>Start:<\/strong>\u00a026 lutego<\/p>\n<p>&nbsp;<\/p>\n<h3><strong>SZTUKI WALKI DLA DZIECI W WIEKU 12 \u2013 18 LAT<\/strong><\/h3>\n<p>Zaj\u0119cia typu \u201eSztuki walki dla dzieci w wieku 12-18 lat\u201d w ramach programu Nasz Sportowy Fyrtel to dynamiczne treningi, kt\u00f3re integruj\u0105 nauk\u0119 technik sztuk walki z warto\u015bciami takimi jak dyscyplina, szacunek oraz samodyscyplina. Podczas tych zaj\u0119\u0107 m\u0142odzie\u017c uczestniczy w intensywnych sesjach treningowych, pod okiem do\u015bwiadczonych instruktor\u00f3w, kt\u00f3rzy k\u0142ad\u0105 nacisk na rozw\u00f3j umiej\u0119tno\u015bci technicznych, kondycj\u0119 fizyczn\u0105 oraz aspekty emocjonalne i mentalne. Uczestnicy poznaj\u0105 r\u00f3\u017cnorodne techniki obronne i atakuj\u0105ce z r\u00f3\u017cnych styl\u00f3w sztuk walki, takich jak karate, taekwondo, czy kickboxing, co nie tylko wspomaga samoobron\u0119, ale r\u00f3wnie\u017c rozwija pewno\u015b\u0107 siebie, umiej\u0119tno\u015bci koncentracji oraz zarz\u0105dzanie stresem. Zaj\u0119cia Sztuki walki dla dzieci w wieku 12-18 lat w ramach Naszego Sportowego Fyrtla to nie tylko forma aktywno\u015bci fizycznej, ale tak\u017ce okazja do nauki warto\u015bciowych umiej\u0119tno\u015bci \u017cyciowych oraz budowania zdrowego stylu \u017cycia, opartego na regularnym wysi\u0142ku fizycznym i rozwijaniu charakteru.<\/p>\n<p><strong>Lokalizacja:<\/strong>\u00a0Czerwony Smok \u2013 Galeria Podolany przy ul. Strzeszy\u0144skiej 63<br \/>\n<strong>Termin:<\/strong>\u00a0soboty w godzinach 10:00 \u2013 11:00<br \/>\n<strong>Zapisy:<\/strong>\u00a0telefonicznie pod nr tel. 451140336\u00a0<strong>(21 lutego od godziny 10:00 dla os\u00f3b, kt\u00f3re do tej pory nie uczestniczy\u0142y w danych zaj\u0119ciach, od 22 lutego od godziny 10:00 dla pozosta\u0142ych uczestnik\u00f3w, zapisy z\u0142o\u017cone przed terminem rozpocz\u0119cia rekrutacji nie b\u0119d\u0105 uwzgl\u0119dnione!)<\/strong><br \/>\n<strong>Start:<\/strong>\u00a026 lutego<\/p>\n<p>&nbsp;<\/p>\n<h3><strong>KSZTA\u0141TOWANIE SYLWETKI<\/strong><\/h3>\n<p>Zaj\u0119cia typu \u201eKszta\u0142towanie Sylwetki\u201d w ramach programu Nasz Sportowy Fyrtel to kompleksowy program treningowy, skoncentrowany na formowaniu i poprawie sylwetki poprzez zr\u00f3wnowa\u017cone podej\u015bcie do aktywno\u015bci fizycznej i zdrowego stylu \u017cycia. Podczas tych zaj\u0119\u0107, uczestnicy maj\u0105 okazj\u0119 skorzysta\u0107 z r\u00f3\u017cnorodnych form treningu, obejmuj\u0105cych zar\u00f3wno \u0107wiczenia si\u0142owe, jak i kardio, a tak\u017ce elementy treningu interwa\u0142owego oraz funkcjonalnego.<\/p>\n<p>Zaawansowane techniki treningowe oraz zr\u00f3\u017cnicowane zestawy \u0107wicze\u0144 pozwalaj\u0105 na skuteczne wzmacnianie mi\u0119\u015bni, redukcj\u0119 tkanki t\u0142uszczowej oraz popraw\u0119 wytrzyma\u0142o\u015bci i elastyczno\u015bci cia\u0142a. Instruktorzy prowadz\u0105cy zaj\u0119cia, posiadaj\u0105cy odpowiednie kwalifikacje i do\u015bwiadczenie, zapewniaj\u0105 indywidualne podej\u015bcie do ka\u017cdej osoby, dostosowuj\u0105c intensywno\u015b\u0107 treningu oraz rodzaj \u0107wicze\u0144 do aktualnych cel\u00f3w i kondycji fizycznej uczestnik\u00f3w.<\/p>\n<p>Kszta\u0142towanie Sylwetki w ramach Naszego Sportowego Fyrtla to nie tylko skuteczna droga do osi\u0105gni\u0119cia wymarzonej formy fizycznej, ale tak\u017ce mo\u017cliwo\u015b\u0107 poznania zasad zdrowego od\u017cywiania i stylu \u017cycia, kt\u00f3re wspieraj\u0105 utrzymanie trwa\u0142ych efekt\u00f3w. To tak\u017ce okazja do integracji spo\u0142ecznej, wymiany do\u015bwiadcze\u0144 oraz wsp\u00f3lnego d\u0105\u017cenia do lepszej kondycji i samopoczucia.<\/p>\n<p><strong>Lokalizacja:<\/strong>\u00a0Szko\u0142a Podstawowa nr 28 przy ul. Chojnickiej 54<br \/>\n<strong>Termin:<\/strong>\u00a0poniedzia\u0142ki w godzinach 18:00 \u2013 19:00<br \/>\n<strong>Zapisy:<\/strong>\u00a0w formie SMS pod nr tel. 692007014\u00a0<strong>(21 lutego od godziny 10:00 dla os\u00f3b, kt\u00f3re do tej pory nie uczestniczy\u0142y w danych zaj\u0119ciach, od 22 lutego od godziny 10:00 dla pozosta\u0142ych uczestnik\u00f3w, zapisy z\u0142o\u017cone przed terminem rozpocz\u0119cia rekrutacji nie b\u0119d\u0105 uwzgl\u0119dnione!)<\/strong><br \/>\n<strong>Start:<\/strong>\u00a026 lutego<\/p>\n<p>&nbsp;<\/p>\n<h3><strong>FIT SENIOR \u2013 JOGA NA KRZE\u015aLE<\/strong><\/h3>\n<p>Joga na krze\u015ble to \u0142agodna forma jogi, zaplanowana specjalnie dla senior\u00f3w lub os\u00f3b o ograniczonej sprawno\u015bci ruchowej. To bezpieczny, wygodny i skuteczny spos\u00f3b na praktyk\u0119 jogi w pozycji siedz\u0105cej na krze\u015ble. Ten rodzaj jogi obejmuje proste \u0107wiczenia oddechowe, rozci\u0105ganie i pozy, kt\u00f3re s\u0105 dostosowane do indywidualnych potrzeb i mo\u017cliwo\u015bci fizycznych. Mo\u017ce pom\u00f3c poprawi\u0107 r\u00f3wnowag\u0119, elastyczno\u015b\u0107 i si\u0142\u0119, a tak\u017ce zmniejszy\u0107 stres i niepok\u00f3j.\u00a0Instruktorzy zapewniaj\u0105 profesjonalne wsparcie i dostosowuj\u0105 \u0107wiczenia do indywidualnych potrzeb ka\u017cdego uczestnika. Do\u0142\u0105cz do nas i ciesz si\u0119 korzy\u015bciami regularnej praktyki jogi na krze\u015ble!<\/p>\n<p><strong>Lokalizacja:<\/strong>\u00a0Sala przy ul. Mrze\u017cy\u0144skiej 10<br \/>\n<strong>Termin:<\/strong>\u00a0\u015brody w godzinach 9:30 \u2013 10:30<br \/>\n<strong>Zapisy:<\/strong>\u00a0w formie SMS pod nr tel. 518611703 lub w formie e-mail pod adresem joanna@herjoy.pl\u00a0<strong>(21 lutego od godziny 10:00 dla os\u00f3b, kt\u00f3re do tej pory nie uczestniczy\u0142y w danych zaj\u0119ciach, od 22 lutego od godziny 10:00 dla pozosta\u0142ych uczestnik\u00f3w, zapisy z\u0142o\u017cone przed terminem rozpocz\u0119cia rekrutacji nie b\u0119d\u0105 uwzgl\u0119dnione!)<\/strong><br \/>\n<strong>Start:<\/strong>\u00a04 marca<\/p>\n<p><strong>Lokalizacja:<\/strong>\u00a0<span data-sheets-root=\"1\" data-sheets-value=\"{&quot;1&quot;:2,&quot;2&quot;:&quot;Iron Arena przy ul. Szarych Szereg\u00f3w 44&quot;}\" data-sheets-userformat=\"{&quot;2&quot;:13309,&quot;3&quot;:{&quot;1&quot;:0},&quot;5&quot;:{&quot;1&quot;:[{&quot;1&quot;:2,&quot;2&quot;:0,&quot;5&quot;:{&quot;1&quot;:2,&quot;2&quot;:0}},{&quot;1&quot;:0,&quot;2&quot;:0,&quot;3&quot;:3},{&quot;1&quot;:1,&quot;2&quot;:0,&quot;4&quot;:1}]},&quot;6&quot;:{&quot;1&quot;:[{&quot;1&quot;:2,&quot;2&quot;:0,&quot;5&quot;:{&quot;1&quot;:2,&quot;2&quot;:0}},{&quot;1&quot;:0,&quot;2&quot;:0,&quot;3&quot;:3},{&quot;1&quot;:1,&quot;2&quot;:0,&quot;4&quot;:1}]},&quot;7&quot;:{&quot;1&quot;:[{&quot;1&quot;:2,&quot;2&quot;:0,&quot;5&quot;:{&quot;1&quot;:2,&quot;2&quot;:0}},{&quot;1&quot;:0,&quot;2&quot;:0,&quot;3&quot;:3},{&quot;1&quot;:1,&quot;2&quot;:0,&quot;4&quot;:1}]},&quot;8&quot;:{&quot;1&quot;:[{&quot;1&quot;:2,&quot;2&quot;:0,&quot;5&quot;:{&quot;1&quot;:2,&quot;2&quot;:0}},{&quot;1&quot;:0,&quot;2&quot;:0,&quot;3&quot;:3},{&quot;1&quot;:1,&quot;2&quot;:0,&quot;4&quot;:1}]},&quot;9&quot;:1,&quot;10&quot;:1,&quot;11&quot;:3,&quot;12&quot;:0,&quot;15&quot;:&quot;Arial&quot;,&quot;16&quot;:11}\">Iron Arena przy ul. Szarych Szereg\u00f3w 44<\/span><br \/>\n<strong>Termin:<\/strong>\u00a0czwartki w godzinach 11:30 \u2013 12:30<br \/>\n<strong>Zapisy:<\/strong>\u00a0w formie SMS pod nr tel. 518611703 lub w formie e-mail pod adresem joanna@herjoy.pl\u00a0<strong>(21 lutego od godziny 10:00 dla os\u00f3b, kt\u00f3re do tej pory nie uczestniczy\u0142y w danych zaj\u0119ciach, od 22 lutego od godziny 10:00 dla pozosta\u0142ych uczestnik\u00f3w, zapisy z\u0142o\u017cone przed terminem rozpocz\u0119cia rekrutacji nie b\u0119d\u0105 uwzgl\u0119dnione!)<\/strong><br \/>\n<strong>Start:<\/strong>\u00a04 marca<\/p>\n<p><strong>Lokalizacja:<\/strong>\u00a0Twoja Przestrze\u0144 przy ul. Fieldorfa 6\/1<br \/>\n<strong>Termin:<\/strong>\u00a0czwartki w godzinach 9:00 \u2013 10:00<br \/>\n<strong>Zapisy:<\/strong>\u00a0w formie SMS pod nr tel. 518611703 lub w formie e-mail pod adresem joanna@herjoy.pl\u00a0<strong>(21 lutego od godziny 10:00 dla os\u00f3b, kt\u00f3re do tej pory nie uczestniczy\u0142y w danych zaj\u0119ciach, od 22 lutego od godziny 10:00 dla pozosta\u0142ych uczestnik\u00f3w, zapisy z\u0142o\u017cone przed terminem rozpocz\u0119cia rekrutacji nie b\u0119d\u0105 uwzgl\u0119dnione!)<\/strong><br \/>\n<strong>Start:<\/strong>\u00a04 marca<\/p>\n<p>&nbsp;<\/p>\n<h3><strong>FIT MAMA + KID<\/strong><\/h3>\n<p>\u0106wiczenia dla mam po porodzie z dzie\u0107mi s\u0105 specjalnie zaplanowane, aby pom\u00f3c mamom odzyska\u0107 si\u0142\u0119 fizyczn\u0105, elastyczno\u015b\u0107 i sprawno\u015b\u0107 uk\u0142adu sercowo-naczyniowego. \u0106wiczenia te mog\u0105 obejmowa\u0107 lekkie \u0107wiczenia, takie jak \u0107wiczenia funkcjonalne, rozci\u0105ganie, trening si\u0142owy i joga. \u0106wiczenia te pomagaj\u0105 odbudowa\u0107 mi\u0119\u015bnie g\u0142\u0119bokie, zmniejszy\u0107 b\u00f3l plec\u00f3w i poprawi\u0107 postaw\u0119, a tak\u017ce pom\u00f3c w przywr\u00f3ceniu energii i si\u0142 witalnych. Daj\u0105 r\u00f3wnie\u017c matkom mo\u017cliwo\u015b\u0107 nawi\u0105zania wi\u0119zi z dzie\u0107mi, jednocze\u015bnie pomagaj\u0105c w tworzeniu zdrowego stylu \u017cycia. Zaj\u0119cia \u201eFIT Mama + Dziecko\u201d to doskona\u0142a okazja dla mam do aktywnego sp\u0119dzania czasu razem z dzieckiem, jednocze\u015bnie dbaj\u0105c o swoje zdrowie i kondycj\u0119 fizyczn\u0105. Podczas tych zaj\u0119\u0107 uczestniczki wykonuj\u0105 specjalnie zaprojektowane \u0107wiczenia, kt\u00f3re integruj\u0105 elementy fitnessu, si\u0142owni oraz stretchingu, a wszystko to w towarzystwie swoich maluszk\u00f3w. \u201eFIT Mama + Dziecko\u201d to nie tylko forma aktywno\u015bci fizycznej, ale tak\u017ce okazja do budowania silnych wi\u0119zi rodzinnych i wsp\u00f3lnego sp\u0119dzania czasu w zdrowy i radosny spos\u00f3b.<\/p>\n<p><strong>Lokalizacja:<\/strong>\u00a0Twoja Przestrze\u0144 przy ul. Fieldorfa 6\/1<br \/>\n<strong>Termin:<\/strong>\u00a0czwartki w godzinach 13:00 \u2013 14:00<br \/>\n<strong>Zapisy:<\/strong>\u00a0w formie SMS pod nr tel. 518611703 lub w formie e-mail pod adresem joanna@herjoy.pl\u00a0<strong>(21 lutego od godziny 10:00 dla os\u00f3b, kt\u00f3re do tej pory nie uczestniczy\u0142y w danych zaj\u0119ciach, od 22 lutego od godziny 10:00 dla pozosta\u0142ych uczestnik\u00f3w, zapisy z\u0142o\u017cone przed terminem rozpocz\u0119cia rekrutacji nie b\u0119d\u0105 uwzgl\u0119dnione!)<\/strong><br \/>\n<strong>Start:<\/strong>\u00a04 marca<\/p>\n<p><strong>Lokalizacja:<\/strong>\u00a0Sala przy ul. Mrze\u017cy\u0144skiej 10<br \/>\n<strong>Termin:<\/strong>\u00a0\u015brody w godzinach 10:30 \u2013 11:30<br \/>\n<strong>Zapisy:<\/strong>\u00a0w formie SMS pod nr tel. 518611703 lub w formie e-mail pod adresem joanna@herjoy.pl\u00a0<strong>(21 lutego od godziny 10:00 dla os\u00f3b, kt\u00f3re do tej pory nie uczestniczy\u0142y w danych zaj\u0119ciach, od 22 lutego od godziny 10:00 dla pozosta\u0142ych uczestnik\u00f3w, zapisy z\u0142o\u017cone przed terminem rozpocz\u0119cia rekrutacji nie b\u0119d\u0105 uwzgl\u0119dnione!)<\/strong><br \/>\n<strong>Start:<\/strong>\u00a04 marca<\/p>\n<p>&nbsp;<\/p>\n<h3><strong>JOGA HORMONALNA DLA KOBIET<\/strong><\/h3>\n<p>Zaj\u0119cia \u201eJoga Hormonalna dla Kobiet\u201d to wyj\u0105tkowy program dedykowany kobietom, kt\u00f3ry koncentruje si\u0119 na harmonizacji uk\u0142adu hormonalnego poprzez praktyk\u0119 jogi. Podczas tych zaj\u0119\u0107 uczestniczki ucz\u0105 si\u0119 specjalnie dobranych pozycji (asanas), technik oddechowych i medytacyjnych, kt\u00f3re wspieraj\u0105 r\u00f3wnowag\u0119 hormonaln\u0105, redukuj\u0105 stres i poprawiaj\u0105 samopoczucie. Instruktorzy prowadz\u0105cy zaj\u0119cia dbaj\u0105 o komfort i bezpiecze\u0144stwo uczestniczek, dostosowuj\u0105c praktyk\u0119 do indywidualnych potrzeb i mo\u017cliwo\u015bci ka\u017cdej kobiety. \u201eJoga Hormonalna dla Kobiet\u201d to nie tylko trening fizyczny, ale tak\u017ce wsparcie dla zdrowia psychicznego i emocjonalnego, kt\u00f3ry pomaga kobietom odnale\u017a\u0107 wewn\u0119trzn\u0105 r\u00f3wnowag\u0119 i harmoni\u0119. Do\u0142\u0105cz do naszej grupy kobiet i odkryj si\u0142\u0119 i pi\u0119kno jogi hormonalnej, kt\u00f3ra wspiera Twoje zdrowie i dobre samopoczucie na ka\u017cdym etapie \u017cycia!<\/p>\n<p>Joga hormonalna jest terapi\u0105 lecznicz\u0105, profilaktyczn\u0105, maj\u0105c\u0105 za zadanie wznowienie i regulacj\u0119 produkcji hormon\u00f3w.<br \/>\nDedykowana jest kobietom w ka\u017cdym wieku, szczeg\u00f3lnie m\u0142odym dziewcz\u0119tom przy nieregularnych i bol\u0105cych miesi\u0105czkach, kobietom, kt\u00f3re chc\u0105\u0328 zaj\u015b\u0107\u0301 w ci\u0105\u017c\u0119\u0328, kobietom z przed wczesn\u0105 menopauz\u0105, kobietom w menopauzie i kobietom dojrza\u0142ym, tak aby utrzyma\u0107 bardzo dobry stan zdrowia i samopoczucia.Szczegolnie polecane dla kobiet z problemami tarczycowymi, czy chorob\u0105 Hashimoto.<\/p>\n<p>Joga hormonalna jest zabroniona dla kobiet w ci\u0105\u017cy.<\/p>\n<p><strong>Lokalizacja:<\/strong>\u00a0Twoja Przestrze\u0144 przy ul. Fieldorfa 6\/1<br \/>\n<strong>Termin:<\/strong>\u00a0wtorki w godzinach 11:30 \u2013 12:30<br \/>\n<strong>Zapisy:<\/strong>\u00a0w formie SMS pod nr tel. 518611703 lub w formie e-mail pod adresem joanna@herjoy.pl\u00a0<strong>(21 lutego od godziny 10:00 dla os\u00f3b, kt\u00f3re do tej pory nie uczestniczy\u0142y w danych zaj\u0119ciach, od 22 lutego od godziny 10:00 dla pozosta\u0142ych uczestnik\u00f3w, zapisy z\u0142o\u017cone przed terminem rozpocz\u0119cia rekrutacji nie b\u0119d\u0105 uwzgl\u0119dnione!)<\/strong><br \/>\n<strong>Start:<\/strong>\u00a04 marca<\/p>\n<p>&nbsp;<\/p>\n<h3><strong>KSZTA\u0141TOWANIE SYLWETKI<\/strong><\/h3>\n<p>Zaj\u0119cia typu \u201eKszta\u0142towanie Sylwetki\u201d w ramach programu Nasz Sportowy Fyrtel to kompleksowy program treningowy, skoncentrowany na formowaniu i poprawie sylwetki poprzez zr\u00f3wnowa\u017cone podej\u015bcie do aktywno\u015bci fizycznej i zdrowego stylu \u017cycia. Podczas tych zaj\u0119\u0107, uczestnicy maj\u0105 okazj\u0119 skorzysta\u0107 z r\u00f3\u017cnorodnych form treningu, obejmuj\u0105cych zar\u00f3wno \u0107wiczenia si\u0142owe, jak i kardio, a tak\u017ce elementy treningu interwa\u0142owego oraz funkcjonalnego.<\/p>\n<p>Zaawansowane techniki treningowe oraz zr\u00f3\u017cnicowane zestawy \u0107wicze\u0144 pozwalaj\u0105 na skuteczne wzmacnianie mi\u0119\u015bni, redukcj\u0119 tkanki t\u0142uszczowej oraz popraw\u0119 wytrzyma\u0142o\u015bci i elastyczno\u015bci cia\u0142a. Instruktorzy prowadz\u0105cy zaj\u0119cia, posiadaj\u0105cy odpowiednie kwalifikacje i do\u015bwiadczenie, zapewniaj\u0105 indywidualne podej\u015bcie do ka\u017cdej osoby, dostosowuj\u0105c intensywno\u015b\u0107 treningu oraz rodzaj \u0107wicze\u0144 do aktualnych cel\u00f3w i kondycji fizycznej uczestnik\u00f3w.<\/p>\n<p>Kszta\u0142towanie Sylwetki w ramach Naszego Sportowego Fyrtla to nie tylko skuteczna droga do osi\u0105gni\u0119cia wymarzonej formy fizycznej, ale tak\u017ce mo\u017cliwo\u015b\u0107 poznania zasad zdrowego od\u017cywiania i stylu \u017cycia, kt\u00f3re wspieraj\u0105 utrzymanie trwa\u0142ych efekt\u00f3w. To tak\u017ce okazja do integracji spo\u0142ecznej, wymiany do\u015bwiadcze\u0144 oraz wsp\u00f3lnego d\u0105\u017cenia do lepszej kondycji i samopoczucia.<\/p>\n<p><strong>Lokalizacja:<\/strong>\u00a0Sala przy ul. Mrze\u017cy\u0144skiej 10<br \/>\n<strong>Termin:<\/strong>\u00a0czwartki w godzinach 10:00 \u2013 11:00<br \/>\n<strong>Zapisy:<\/strong>\u00a0w formie SMS pod nr tel. 692007014\u00a0<strong>(21 lutego od godziny 10:00 dla os\u00f3b, kt\u00f3re do tej pory nie uczestniczy\u0142y w danych zaj\u0119ciach, od 22 lutego od godziny 10:00 dla pozosta\u0142ych uczestnik\u00f3w, zapisy z\u0142o\u017cone przed terminem rozpocz\u0119cia rekrutacji nie b\u0119d\u0105 uwzgl\u0119dnione!)<\/strong><br \/>\n<strong>Start:<\/strong>\u00a026 lutego<\/p>\n<p>&nbsp;<\/p>\n<h3><strong>STRETCHING<\/strong><\/h3>\n<p>Zaj\u0119cia typu Stretching w ramach programu Nasz Sportowy Fyrtel to doskona\u0142a okazja do poprawy elastyczno\u015bci, relaksu oraz og\u00f3lnej kondycji fizycznej. Podczas tych zaj\u0119\u0107 uczestnicy wykonuj\u0105 r\u00f3\u017cnorodne techniki rozci\u0105gania, kt\u00f3re \u0142agodz\u0105 napi\u0119cia mi\u0119\u015bniowe, poprawiaj\u0105 zakres ruchu w stawach oraz przynosz\u0105 uczucie odpr\u0119\u017cenia i lekko\u015bci. Instruktorzy prowadz\u0105cy zaj\u0119cia skupiaj\u0105 si\u0119 na odpowiednim wyd\u0142u\u017caniu mi\u0119\u015bni, zach\u0119caj\u0105c do g\u0142\u0119bokiego oddechu i skupienia uwagi na ciele. Stretching w ramach Naszego Sportowego Fyrtla to nie tylko spos\u00f3b na regeneracj\u0119 po intensywnym treningu, ale tak\u017ce wa\u017cny element dba\u0142o\u015bci o zdrowie i elastyczno\u015b\u0107 cia\u0142a na co dzie\u0144. Do\u0142\u0105cz do nas i poczuj korzy\u015bci p\u0142yn\u0105ce z regularnej praktyki rozci\u0105gania \u2013 daj swojemu cia\u0142u mo\u017cliwo\u015b\u0107 rozlu\u017anienia si\u0119 i odzyskania spr\u0119\u017cysto\u015bci!<\/p>\n<p><strong>Lokalizacja:<\/strong>\u00a0Sala przy ul. Mrze\u017cy\u0144skiej 10<br \/>\n<strong>Termin:<\/strong>\u00a0czwartki w godzinach 11:00 \u2013 12:00<br \/>\n<strong>Zapisy:<\/strong>\u00a0w formie SMS pod nr tel. 692007014\u00a0<strong>(21 lutego od godziny 10:00 dla os\u00f3b, kt\u00f3re do tej pory nie uczestniczy\u0142y w danych zaj\u0119ciach, od 22 lutego od godziny 10:00 dla pozosta\u0142ych uczestnik\u00f3w, zapisy z\u0142o\u017cone przed terminem rozpocz\u0119cia rekrutacji nie b\u0119d\u0105 uwzgl\u0119dnione!)<\/strong><br \/>\n<strong>Start:<\/strong>\u00a026 lutego<\/p>\n<p>&nbsp;<\/p>\n<h3><strong>ZDROWY KR\u0118GOS\u0141UP<\/strong><\/h3>\n<p>Zaj\u0119cia \u201eZdrowy Kr\u0119gos\u0142up\u201d w ramach programu Nasz Sportowy Fyrtel to dedykowany program, kt\u00f3ry koncentruje si\u0119 na utrzymaniu i poprawie zdrowia oraz elastyczno\u015bci kr\u0119gos\u0142upa. Podczas tych zaj\u0119\u0107 uczestnicy ucz\u0105 si\u0119 odpowiedniej techniki wykonywania \u0107wicze\u0144, kt\u00f3re wzmacniaj\u0105 mi\u0119\u015bnie stabilizuj\u0105ce kr\u0119gos\u0142up, poprawiaj\u0105 elastyczno\u015b\u0107 i mobilno\u015b\u0107, oraz redukuj\u0105 napi\u0119cia mi\u0119\u015bniowe. Instruktorzy prowadz\u0105cy zaj\u0119cia korzystaj\u0105 z r\u00f3\u017cnorodnych metod, takich jak pilates, joga, stretching i \u0107wiczenia si\u0142owe, aby zapewni\u0107 kompleksowy trening kr\u0119gos\u0142upa i okolicznych mi\u0119\u015bni. Zaj\u0119cia \u201eZdrowy Kr\u0119gos\u0142up\u201d to doskona\u0142a opcja zar\u00f3wno dla os\u00f3b z problemami kr\u0119gos\u0142upa, jak i dla tych, kt\u00f3rzy pragn\u0105 zadba\u0107 o profilaktyk\u0119 i utrzymanie jego zdrowia. Do\u0142\u0105cz do nas, aby zadba\u0107 o zdrowie swojego kr\u0119gos\u0142upa i cieszy\u0107 si\u0119 lepsz\u0105 jako\u015bci\u0105 \u017cycia!<\/p>\n<p><strong>Lokalizacja:<\/strong>\u00a0Twoja Przestrze\u0144 przy ul. Fieldorfa 6\/1<br \/>\n<strong>Termin:<\/strong>\u00a0soboty w godzinach 9:30 \u2013 10:30<br \/>\n<strong>Zapisy:<\/strong>\u00a0w formie e-mailowej na adres pislewska.alicja@gmail.com lub SMS pod nr tel. 509720291\u00a0<strong>(21 lutego od godziny 8:00 dla os\u00f3b, kt\u00f3re do tej pory nie uczestniczy\u0142y w danych zaj\u0119ciach, od 23 lutego od godziny 8:00 dla pozosta\u0142ych uczestnik\u00f3w, zapisy z\u0142o\u017cone przed terminem rozpocz\u0119cia rekrutacji nie b\u0119d\u0105 uwzgl\u0119dnione!)<\/strong><br \/>\n<strong>Start:<\/strong>\u00a026 lutego<\/p>\n<p>&nbsp;<\/p>\n<h3><strong>PILATES<\/strong><\/h3>\n<p>Zaj\u0119cia Pilates w ramach programu Nasz Sportowy Fyrtel oferuj\u0105 holistyczne podej\u015bcie do wzmacniania cia\u0142a, poprawy elastyczno\u015bci i r\u00f3wnowagi oraz zwi\u0119kszenia \u015bwiadomo\u015bci cia\u0142a. \u0106wiczenia opieraj\u0105 si\u0119 g\u0142\u00f3wnie na kontrolowanym oddechu i precyzyjnych ruchach, kt\u00f3re anga\u017cuj\u0105 zar\u00f3wno mi\u0119\u015bnie g\u0142\u0119bokie, jak i powierzchniowe. Dzi\u0119ki temu uczestnicy mog\u0105 poprawi\u0107 swoj\u0105 postaw\u0119, redukowa\u0107 napi\u0119cie mi\u0119\u015bniowe oraz zwi\u0119kszy\u0107 si\u0142\u0119 i stabilno\u015b\u0107 rdzenia. Zaj\u0119cia s\u0105 prowadzone przez do\u015bwiadczonych instruktor\u00f3w, kt\u00f3rzy dostosowuj\u0105 intensywno\u015b\u0107 i skomplikowanie \u0107wicze\u0144 do poziomu ka\u017cdego uczestnika, zapewniaj\u0105c efektywny i bezpieczny trening dla wszystkich.<\/p>\n<p><strong>Lokalizacja:<\/strong>\u00a0Sala przy ul. Mrze\u017cy\u0144skiej 10<br \/>\n<strong>Termin:<\/strong>\u00a0soboty w godzinach 13:00 \u2013 14:00<br \/>\n<strong>Zapisy:<\/strong>\u00a0w formie SMS pod nr tel. 506052417\u00a0<strong>(26 lutego od godziny 10:00 dla os\u00f3b, kt\u00f3re do tej pory nie uczestniczy\u0142y w danych zaj\u0119ciach, od 27 lutego od godziny 10:00 dla pozosta\u0142ych uczestnik\u00f3w, zapisy z\u0142o\u017cone przed terminem rozpocz\u0119cia rekrutacji nie b\u0119d\u0105 uwzgl\u0119dnione!)<\/strong><br \/>\n<strong>Start:<\/strong>\u00a026 lutego<\/p>\n<p>&nbsp;<\/p>\n<h3><strong>KSZTA\u0141TOWANIE SYLWETKI<\/strong><\/h3>\n<p>Zaj\u0119cia Kszta\u0142towanie Sylwetki w ramach programu Nasz Sportowy Fyrtel to intensywny trening, kt\u00f3ry skupia si\u0119 na formowaniu i ulepszaniu sylwetki poprzez zr\u00f3wnowa\u017cone po\u0142\u0105czenie cardio, treningu si\u0142owego i pracy nad elastyczno\u015bci\u0105. Podczas tych zaj\u0119\u0107 uczestnicy wykonuj\u0105 r\u00f3\u017cnorodne \u0107wiczenia, kt\u00f3re maj\u0105 na celu spalanie kalorii, wzmacnianie mi\u0119\u015bni, popraw\u0119 wytrzyma\u0142o\u015bci oraz kszta\u0142towanie ka\u017cdej cz\u0119\u015bci cia\u0142a. Instruktorzy dostosowuj\u0105 intensywno\u015b\u0107 treningu do indywidualnych mo\u017cliwo\u015bci i cel\u00f3w ka\u017cdej osoby, zapewniaj\u0105c motywacj\u0119 i wsparcie przez ca\u0142y czas. Zaj\u0119cia s\u0105 dynamiczne, energiczne i pe\u0142ne pozytywnej atmosfery, co sprawia, \u017ce \u200b\u200bka\u017cdy uczestnik mo\u017ce osi\u0105gn\u0105\u0107 swoje cele fitnessowe i cieszy\u0107 si\u0119 zdrowszym, bardziej zr\u00f3wnowa\u017conym stylem \u017cycia.<\/p>\n<p><strong>Lokalizacja:<\/strong>\u00a0Sala przy ul. Mrze\u017cy\u0144skiej 10<br \/>\n<strong>Termin:<\/strong>\u00a0soboty w godzinach 14:00 \u2013 15:00<br \/>\n<strong>Zapisy:<\/strong>\u00a0w formie SMS pod nr tel. 506052417\u00a0<strong>(26 lutego od godziny 10:00 dla os\u00f3b, kt\u00f3re do tej pory nie uczestniczy\u0142y w danych zaj\u0119ciach, od 27 lutego od godziny 10:00 dla pozosta\u0142ych uczestnik\u00f3w, zapisy z\u0142o\u017cone przed terminem rozpocz\u0119cia rekrutacji nie b\u0119d\u0105 uwzgl\u0119dnione!)<\/strong><br \/>\n<strong>Start:<\/strong>\u00a026 lutego<\/p>\n<p>&nbsp;<\/p>\n<h3><strong>JOGA<\/strong><\/h3>\n<p>Zaj\u0119cia jogi w ramach programu Nasz Sportowy Fyrtel to harmonijne po\u0142\u0105czenie asan, czyli pozycji cia\u0142a, z oddechem i medytacj\u0105, d\u0105\u017c\u0105ce do zr\u00f3wnowa\u017cenia cia\u0142a, umys\u0142u i ducha. Podczas tych sesji uczestnicy praktykuj\u0105 r\u00f3\u017cnorodne techniki oddechowe oraz sekwencje ruch\u00f3w, kt\u00f3re pomagaj\u0105 poprawi\u0107 elastyczno\u015b\u0107, si\u0142\u0119 mi\u0119\u015bni, r\u00f3wnowag\u0119 oraz redukuj\u0105 napi\u0119cie. Instruktorzy kieruj\u0105 uczestnik\u00f3w przez seri\u0119 \u0107wicze\u0144, dostosowuj\u0105c je do r\u00f3\u017cnych poziom\u00f3w zaawansowania, co sprawia, \u017ce zaj\u0119cia s\u0105 dost\u0119pne dla wszystkich \u2013 od pocz\u0105tkuj\u0105cych po zaawansowanych praktyk\u00f3w. W atmosferze spokoju i akceptacji ka\u017cdy ma mo\u017cliwo\u015b\u0107 odnalezienia wewn\u0119trznego spokoju oraz czerpania korzy\u015bci zar\u00f3wno dla cia\u0142a, jak i umys\u0142u.<\/p>\n<p><strong>Lokalizacja:<\/strong>\u00a0Sala przy ul. Mrze\u017cy\u0144skiej 10<br \/>\n<strong>Termin:<\/strong>\u00a0pi\u0105tki w godzinach 8:00 \u2013 9:00<br \/>\n<strong>Zapisy:<\/strong>\u00a0w formie SMS pod nr tel. 795590339\u00a0<strong>(26 lutego od godziny 10:00 dla os\u00f3b, kt\u00f3re do tej pory nie uczestniczy\u0142y w danych zaj\u0119ciach, od 27 lutego od godziny 10:00 dla pozosta\u0142ych uczestnik\u00f3w, zapisy z\u0142o\u017cone przed terminem rozpocz\u0119cia rekrutacji nie b\u0119d\u0105 uwzgl\u0119dnione!)<\/strong><br \/>\n<strong>Start:<\/strong>\u00a026 lutego<\/p>\n<p>&nbsp;<\/p>\n<h3><strong>WZMACNIANIE I STABILIZACJA<\/strong><\/h3>\n<p>Zaj\u0119cia Wzmacnianie i Stabilizacja w ramach programu Nasz Sportowy Fyrtel to intensywny trening skupiaj\u0105cy si\u0119 na budowaniu si\u0142y mi\u0119\u015bniowej oraz poprawie stabilizacji cia\u0142a. Podczas tych zaj\u0119\u0107 uczestnicy wykonuj\u0105 r\u00f3\u017cnorodne \u0107wiczenia, kt\u00f3re anga\u017cuj\u0105 zar\u00f3wno g\u0142\u0119bokie, jak i powierzchniowe mi\u0119\u015bnie, zapewniaj\u0105c solidn\u0105 baz\u0119 dla dalszego rozwoju kondycji fizycznej. Instruktorzy k\u0142ad\u0105 du\u017cy nacisk na prawid\u0142ow\u0105 technik\u0119 wykonywania \u0107wicze\u0144, co pomaga unikn\u0105\u0107 kontuzji i maksymalizowa\u0107 efektywno\u015b\u0107 treningu. Zaj\u0119cia s\u0105 dostosowane do r\u00f3\u017cnych poziom\u00f3w zaawansowania, aby ka\u017cdy uczestnik m\u00f3g\u0142 pracowa\u0107 na swoim w\u0142asnym poziomie i osi\u0105gn\u0105\u0107 swoje cele fitnessowe. Dzi\u0119ki regularnemu udzia\u0142owi w tych zaj\u0119ciach, uczestnicy mog\u0105 cieszy\u0107 si\u0119 zwi\u0119kszon\u0105 si\u0142\u0105, stabilno\u015bci\u0105 i lepsz\u0105 postaw\u0105, co przek\u0142ada si\u0119 na popraw\u0119 og\u00f3lnej kondycji fizycznej i jako\u015bci \u017cycia.<\/p>\n<p><strong>Lokalizacja:<\/strong>\u00a0Sala przy ul. Mrze\u017cy\u0144skiej 10<br \/>\n<strong>Termin:<\/strong>\u00a0pi\u0105tki w godzinach 9:00 \u2013 10:00<br \/>\n<strong>Zapisy:<\/strong>\u00a0w formie SMS pod nr tel. 795590339\u00a0<strong>(26 lutego od godziny 10:00 dla os\u00f3b, kt\u00f3re do tej pory nie uczestniczy\u0142y w danych zaj\u0119ciach, od 27 lutego od godziny 10:00 dla pozosta\u0142ych uczestnik\u00f3w, zapisy z\u0142o\u017cone przed terminem rozpocz\u0119cia rekrutacji nie b\u0119d\u0105 uwzgl\u0119dnione!)<\/strong><br \/>\n<strong>Start:<\/strong>\u00a026 lutego<\/p>\n<p>&nbsp;<\/p>\n<h3><strong>UWA\u017bNY RUCH \u2013 PRAKTYKA MINDFULNESS<\/strong><\/h3>\n<p>Zaj\u0119cia \u201eUwa\u017cny Ruch\u201d to unikalna praktyka w ramach programu Nasz Sportowy Fyrtel, kt\u00f3ra integruje elementy mindfulness z aktywno\u015bci\u0105 fizyczn\u0105. Podczas tych zaj\u0119\u0107 uczestnicy praktykuj\u0105 \u015bwiadomo\u015b\u0107 swojego cia\u0142a, oddechu i ruchu, co prowadzi do g\u0142\u0119bszego zrozumienia i akceptacji siebie oraz poprawy og\u00f3lnej kondycji fizycznej i psychicznej. Instruktorzy prowadz\u0105 uczestnik\u00f3w przez r\u00f3\u017cnorodne \u0107wiczenia, kt\u00f3re anga\u017cuj\u0105 zar\u00f3wno cia\u0142o, jak i umys\u0142, a tak\u017ce pomagaj\u0105 w redukcji stresu i poprawie koncentracji. Dzi\u0119ki praktyce uwa\u017cno\u015bci w ruchu, uczestnicy rozwijaj\u0105 wi\u0119ksz\u0105 \u015bwiadomo\u015b\u0107 swojego cia\u0142a oraz zdolno\u015b\u0107 do radzenia sobie z codziennymi wyzwaniami z wi\u0119ksz\u0105 zr\u00f3wnowa\u017ceniem i spokojem.<\/p>\n<p>Uwa\u017cny ruch to rodzaj \u0107wicze\u0144, kt\u00f3re k\u0142ad\u0105 nacisk na zindywidualizowane wzorce aktywno\u015bci oparte na Twoim nastroju, stanie zdrowia i uczuciach.<br \/>\nUwa\u017cny ruch to skierowanie uwagi i skupienie si\u0119 na zauwa\u017caniu i odczuwaniu tego, co robi Twoje cia\u0142o podczas wykonywania ruchu. To praktyka bycia \u015bwiadomym ca\u0142ego cia\u0142a.<br \/>\nW tej praktyce chcemy uzyska\u0107 wi\u0119cej energii dzi\u0119ki r\u00f3wnowadze i regeneracji, wp\u0142ywaniu na prac\u0119 nerwu b\u0142\u0119dnego i balansie autonomicznego uk\u0142adu nerwowego.<\/p>\n<p>Korzy\u015bci z tej praktyki:<br \/>\n1. Zwi\u0119kszenie \u015bwiadomo\u015bci cia\u0142a i umys\u0142u \u2013 pomaga nam by\u0107 bardziej obecnymi w zwi\u0105zku z naszym cia\u0142em i umys\u0142em, co pozwala nam lepiej zrozumie\u0107 swoje emocje, my\u015bli i reakcje.<br \/>\n2. Redukcja stresu i napi\u0119cia \u2013 regularna praktyka pomaga nam zredukowa\u0107 codzienne stresy i napi\u0119cia poprzez skupienie si\u0119 na obecnym momencie i koncentracj\u0119 na ruchach cia\u0142a.<br \/>\n3. Poprawa zdolno\u015bci koncentracji \u2013 pomaga nam poprawi\u0107 nasz\u0105 zdolno\u015b\u0107 koncentracji i skupienia uwagi, co mo\u017ce przynie\u015b\u0107 korzy\u015bci w \u017cyciu codziennym i pracy.<br \/>\n4. Promowanie zdrowego stylu \u017cycia \u2013 mo\u017ce pom\u00f3c nam zwi\u0119kszy\u0107 nasz\u0105 aktywno\u015b\u0107 fizyczn\u0105, poprawi\u0107 nasz\u0105 elastyczno\u015b\u0107 i si\u0142\u0119 cia\u0142a, co przyczynia si\u0119 do og\u00f3lnego zdrowia i samopoczucia.<br \/>\n5. Doskonalenie umiej\u0119tno\u015bci zarz\u0105dzania emocjami \u2013 mo\u017ce pom\u00f3c nam w lepszym rozpoznawaniu i zarz\u0105dzaniu naszymi emocjami poprzez \u015bwiadome skupianie si\u0119 na ruchach i oddechu.<br \/>\n6. Promowanie poczucia spokoju i r\u00f3wnowagi \u2013 mo\u017ce pom\u00f3c nam w odnalezieniu spokoju i r\u00f3wnowagi mentalnej, co pozytywnie wp\u0142ywa na nasze relacje z innymi i og\u00f3ln\u0105 jako\u015b\u0107 \u017cycia.<\/p>\n<p>Konieczno\u015b\u0107 posiadania w\u0142asnej maty.<\/p>\n<p><strong>Lokalizacja:<\/strong>\u00a0Twoja Przestrze\u0144 przy ul. Fieldorfa 6\/1<br \/>\n<strong>Termin:<\/strong>\u00a0poniedzia\u0142ki w godzinach 17:00 \u2013 18:00<br \/>\n<strong>Zapisy:<\/strong>\u00a0w formie SMS pod nr tel. 600978359\u00a0<strong>(26 lutego od godziny 10:00 dla os\u00f3b, kt\u00f3re do tej pory nie uczestniczy\u0142y w danych zaj\u0119ciach, od 27 lutego od godziny 10:00 dla pozosta\u0142ych uczestnik\u00f3w, zapisy z\u0142o\u017cone przed terminem rozpocz\u0119cia rekrutacji nie b\u0119d\u0105 uwzgl\u0119dnione!)<\/strong><br \/>\n<strong>Start:<\/strong>\u00a04 marca<\/p>\n<p>&nbsp;<\/p>\n<h3><strong>TRENING FUNKCJONALNY<\/strong><\/h3>\n<p>Trening Funkcjonalny wywodzi si\u0119 z rehabilitacji, \u0142\u0105cz\u0105c nowoczesne trendy Funkcjonalnego Treningu Medycznego z Fitnessem. Podstawow\u0105 zasad\u0105, kt\u00f3ra obowi\u0105zuje w tego typu aktywno\u015bci jest funkcjonalno\u015b\u0107 ruchu, czyli mo\u017cliwo\u015b\u0107 wykorzystania w \u017cyciu codziennym, czy w aktywno\u015bci sportowej. Ka\u017cde \u0107wiczenie musi mie\u0107 swoje uzasadnienie funkcjonalne i musi si\u0119 konkretnie przek\u0142ada\u0107 na najcz\u0119\u015bciej wykonywane przez \u0107wicz\u0105cego ruchy poza sal\u0105 \u0107wicze\u0144.<\/p>\n<p><strong>Lokalizacja:<\/strong>\u00a0Stacja Podolany przy ul. Strzeszy\u0144skiej 61A<br \/>\n<strong>Termin:<\/strong>\u00a0poniedzia\u0142ki w godzinach 9:00 \u2013 10:00<br \/>\n<strong>Zapisy:<\/strong>\u00a0dwa dni wcze\u015bniej przed ka\u017cdymi zaj\u0119ciami osobi\u015bcie w recepcji obiektu, w formie telefonicznej pod nr tel. 883993949 lub w aplikacji eFitness po wcze\u015bniejszym za\u0142o\u017ceniu konta w recepcji klubu (obowi\u0105zuj\u0105 limity miejsc ze wzgl\u0119du na ograniczon\u0105 przestrze\u0144)<br \/>\n<strong>Start:<\/strong>\u00a04 marca<\/p>\n<p>&nbsp;<\/p>\n<h3><strong>ZDROWY KR\u0118GOS\u0141UP<\/strong><\/h3>\n<p>Zaj\u0119cia Zdrowy Kr\u0119gos\u0142up obejmuj\u0105 \u0107wiczenia rozlu\u017aniaj\u0105ce, stabilizuj\u0105ce, wzmacniaj\u0105ce i rozci\u0105gaj\u0105ce poszczeg\u00f3lne grupy mi\u0119\u015bniowe. \u015awietny trening prozdrowotny, kt\u00f3ry zwi\u0119kszy ruchomo\u015b\u0107 kr\u0119gos\u0142upa i wzmocni cia\u0142o.<\/p>\n<p><strong>Lokalizacja:<\/strong>\u00a0Stacja Podolany przy ul. Strzeszy\u0144skiej 61A<br \/>\n<strong>Termin:<\/strong> wtorki w godzinach 11:00 &#8211; 12:00<br \/>\n<strong>Zapisy:<\/strong>\u00a0dwa dni wcze\u015bniej przed ka\u017cdymi zaj\u0119ciami osobi\u015bcie w recepcji obiektu, w formie telefonicznej pod nr tel. 883993949 lub w aplikacji eFitness po wcze\u015bniejszym za\u0142o\u017ceniu konta w recepcji klubu (obowi\u0105zuj\u0105 limity miejsc ze wzgl\u0119du na ograniczon\u0105 przestrze\u0144)<br \/>\n<strong>Start:<\/strong>\u00a04 marca<\/p>\n<p>&nbsp;<\/p>\n<h3><strong>STRETCHING<\/strong><\/h3>\n<p>Zaj\u0119cia polegaj\u0105ce na rozci\u0105ganiu mi\u0119\u015bni, maj\u0105ce na celu popraw\u0119 elastyczno\u015bci, zakres\u00f3w ruchu i gibko\u015bci cia\u0142a. \u0106wiczenia stretchingowe mog\u0105 by\u0107 statyczne lub dynamiczne. Regularne rozci\u0105ganie cia\u0142a ma wiele korzy\u015bci zdrowotnych takich jak zmniejszenie ryzyka kontuzji czy poprawa postawy naszego cia\u0142a.<\/p>\n<p><strong>Lokalizacja:<\/strong>\u00a0Stacja Podolany przy ul. Strzeszy\u0144skiej 61A<br \/>\n<strong>Termin:<\/strong>\u00a0\u015brody w godzinach 10:00 \u2013 11:00<br \/>\n<strong>Zapisy:<\/strong>\u00a0dwa dni wcze\u015bniej przed ka\u017cdymi zaj\u0119ciami osobi\u015bcie w recepcji obiektu, w formie telefonicznej pod nr tel. 883993949 lub w aplikacji eFitness po wcze\u015bniejszym za\u0142o\u017ceniu konta w recepcji klubu (obowi\u0105zuj\u0105 limity miejsc ze wzgl\u0119du na ograniczon\u0105 przestrze\u0144)<br \/>\n<strong>Start:<\/strong>\u00a04 marca<\/p>\n<p>&nbsp;<\/p>\n<h3><strong>FIT PODOLANY<\/strong><\/h3>\n<p>Trening wzmacniaj\u0105cy ca\u0142e cia\u0142o dla os\u00f3b \u015bredniozaawansowanych i zaawansowanych. W trakcie wykonywania specjalnie wyspecjalizowanych \u0107wicze\u0144 u\u017cywa si\u0119 r\u00f3\u017cnych przyrz\u0105d\u00f3w do trening\u00f3w: stepy, hantle, kettle, gumy i wiele innych.<\/p>\n<p><strong>Lokalizacja:<\/strong>\u00a0Stacja Podolany przy ul. Strzeszy\u0144skiej 61A<br \/>\n<strong>Termin:<\/strong>\u00a0\u015brody w godzinach 20:00 \u2013 21:00 oraz pi\u0105tki w godzinach 19:00 \u2013 20:00<br \/>\n<strong>Zapisy:<\/strong>\u00a0dwa dni wcze\u015bniej przed ka\u017cdymi zaj\u0119ciami osobi\u015bcie w recepcji obiektu, w formie telefonicznej pod nr tel. 883993949 lub w aplikacji eFitness po wcze\u015bniejszym za\u0142o\u017ceniu konta w recepcji klubu (obowi\u0105zuj\u0105 limity miejsc ze wzgl\u0119du na ograniczon\u0105 przestrze\u0144)<br \/>\n<strong>Start:<\/strong>\u00a04 marca<\/p>\n<p>&nbsp;<\/p>\n<h3><strong>SHAPE<\/strong><\/h3>\n<p>Jest to trening wzmacniaj\u0105cy i kszta\u0142tuj\u0105cy sylwetk\u0119. Tego rodzaju zaj\u0119cia zapewniaj\u0105 p\u0142aski brzuch, j\u0119drne po\u015bladki i smuk\u0142e uda. Te \u0107wiczenia pozwalaj\u0105 wyrze\u017abi\u0107 sylwetk\u0119 i wzmocni\u0107 mi\u0119\u015bnie. Do treningu u\u017cywa si\u0119 r\u00f3\u017cnych przyrz\u0105d\u00f3w : stepy, pi\u0142ki, hantle, gumy, talerze i wiele innych. \u0106wiczenia cardio przeplatane s\u0105 r\u00f3wnie intensywnymi \u0107wiczeniami si\u0142owymi Dla os\u00f3b pocz\u0105tkuj\u0105cych i zaawansowanych.<\/p>\n<p><strong>Lokalizacja:<\/strong>\u00a0Stacja Podolany przy ul. Strzeszy\u0144skiej 61A<br \/>\n<strong>Termin:<\/strong>\u00a0czwartki w godzinach 9:00 \u2013 10:00<br \/>\n<strong>Zapisy:<\/strong>\u00a0dwa dni wcze\u015bniej przed ka\u017cdymi zaj\u0119ciami osobi\u015bcie w recepcji obiektu, w formie telefonicznej pod nr tel. 883993949 lub w aplikacji eFitness po wcze\u015bniejszym za\u0142o\u017ceniu konta w recepcji klubu (obowi\u0105zuj\u0105 limity miejsc ze wzgl\u0119du na ograniczon\u0105 przestrze\u0144)<br \/>\n<strong>Start:<\/strong>\u00a04 marca<\/p>\n<p>&nbsp;<\/p>\n<h3><strong>ZUMBA<\/strong><\/h3>\n<p>Zumba jest bardzo innowacyjnym systemem fitness, kt\u00f3ry poprzez \u015bwietn\u0105 zabaw\u0119 kszta\u0142tuje nasz\u0105 sylwetk\u0119, dba o nasz\u0105 kondycj\u0119, a przede wszystkim napawa nas optymizmem i wprawia nas w \u015bwietne samopoczucie. Proste kroki taneczne, \u015bwietne kombinacje ruch\u00f3w i motywuj\u0105ca muzyka stwarza atmosfer\u0119 \u015bwietnej imprezy i totalnie porywa nas do zabawy.<\/p>\n<p><strong>Lokalizacja:<\/strong>\u00a0Stacja Podolany przy ul. Strzeszy\u0144skiej 61A<br \/>\n<strong>Termin:<\/strong>\u00a0pi\u0105tki w godzinach 18:00 \u2013 19:00<br \/>\n<strong>Zapisy:<\/strong>\u00a0dwa dni wcze\u015bniej przed ka\u017cdymi zaj\u0119ciami osobi\u015bcie w recepcji obiektu, w formie telefonicznej pod nr tel. 883993949 lub w aplikacji eFitness po wcze\u015bniejszym za\u0142o\u017ceniu konta w recepcji klubu (obowi\u0105zuj\u0105 limity miejsc ze wzgl\u0119du na ograniczon\u0105 przestrze\u0144)<br \/>\n<strong>Start:<\/strong>\u00a04 marca<\/p>\n<p>&nbsp;<\/p>\n<h3><strong>PILATES<\/strong><\/h3>\n<p>Trening \u201edobrego samopoczucia\u201d, przeznaczony dla os\u00f3b w ka\u017cdym wieku, kt\u00f3re chc\u0105 utrzyma\u0107 sprawno\u015b\u0107 fizyczn\u0105. Na zaj\u0119ciach wzmacniamy mi\u0119\u015bnie posturalne, mi\u0119\u015bnie du\u017ce i g\u0142\u0119boko osadzone. \u0106wiczenia pilates przeciwdzia\u0142aj\u0105 osteoporozie, poprawiaj\u0105 funkcj\u0119 oddechowe i s\u0105 dostosowane do indywidualnych potrzeb \u0107wicz\u0105cego i ca\u0142kowicie bezpieczne dla jego zdrowia.<\/p>\n<p><strong>Lokalizacja:<\/strong>\u00a0Stacja Podolany przy ul. Strzeszy\u0144skiej 61A<br \/>\n<strong>Termin:<\/strong>\u00a0pi\u0105tki w godzinach 10:00 \u2013 11:00 oraz 16:00 \u2013 17:00<br \/>\n<strong>Zapisy:<\/strong>\u00a0dwa dni wcze\u015bniej przed ka\u017cdymi zaj\u0119ciami osobi\u015bcie w recepcji obiektu, w formie telefonicznej pod nr tel. 883993949 lub w aplikacji eFitness po wcze\u015bniejszym za\u0142o\u017ceniu konta w recepcji klubu (obowi\u0105zuj\u0105 limity miejsc ze wzgl\u0119du na ograniczon\u0105 przestrze\u0144)<br \/>\n<strong>Start:<\/strong>\u00a04 marca<\/p>\n<p>&nbsp;<\/p>\n<h3><strong>TENIS STO\u0141OWY DLA DZIECI I M\u0141ODZIE\u017bY<\/strong><\/h3>\n<p>Zaj\u0119cia nauki gry w tenisa sto\u0142owego dla dzieci i m\u0142odzie\u017cy w ramach programu Nasz Sportowy Fyrtel to dynamiczna i ekscytuj\u0105ca okazja dla najm\u0142odszych adept\u00f3w sportu, aby rozwija\u0107 swoje umiej\u0119tno\u015bci, kondycj\u0119 fizyczn\u0105 i ducha rywalizacji. Pod okiem do\u015bwiadczonych instruktor\u00f3w, uczestnicy ucz\u0105 si\u0119 technik uderze\u0144, taktyki gry oraz zasad fair play. Poprzez treningi, gry i zabawy zespo\u0142owe, dzieci i m\u0142odzie\u017c rozwijaj\u0105 nie tylko swoje umiej\u0119tno\u015bci tenisowe, ale tak\u017ce kszta\u0142tuj\u0105 charakter, rozwijaj\u0105 umiej\u0119tno\u015bci wsp\u00f3\u0142pracy oraz ucz\u0105 si\u0119 radzenia sobie z wyzwaniami. Zaj\u0119cia s\u0105 prowadzone w przyjaznej atmosferze, kt\u00f3ra sprzyja pozytywnej motywacji i rado\u015bci z gry, jednocze\u015bnie promuj\u0105c aktywny tryb \u017cycia i zdrowy rozw\u00f3j dzieci i m\u0142odzie\u017cy.<\/p>\n<p><strong>Lokalizacja:<\/strong>\u00a0Stacja Podolany przy ul. Strzeszy\u0144skiej 61A<br \/>\n<strong>Termin:<\/strong>\u00a0\u015brody w godzinach 15:00 \u2013 16:00<br \/>\n<strong>Zapisy:<\/strong>\u00a0dwa dni wcze\u015bniej przed ka\u017cdymi zaj\u0119ciami osobi\u015bcie w recepcji obiektu, w formie telefonicznej pod nr tel. 883993949 lub w aplikacji eFitness po wcze\u015bniejszym za\u0142o\u017ceniu konta w recepcji klubu (obowi\u0105zuj\u0105 limity miejsc ze wzgl\u0119du na ograniczon\u0105 przestrze\u0144)<br \/>\n<strong>Start:<\/strong>\u00a04 marca<\/p>\n<p>&nbsp;<\/p>\n<h3>QIGONG<\/h3>\n<p>Zapraszam na zaj\u0119cia QIGONG (czyt. ci kung). Jest to system \u0107wicze\u0144 stosowanych w Chinach od kilku tysi\u0119cy lat, jest metod\u0105 samoleczenia i drog\u0105 do uzyskania r\u00f3wnowagi psychofizycznej. Systematycznie praktykowany trwale poprawia zdrowie, usprawnia pami\u0119\u0107, polepsza koncentracj\u0119, spowalnia proces starzenia, uodparnia na stres. Z qigongu narodzi\u0142y si\u0119 popularne sztuki walki i systemy \u0107wicze\u0144 tai chi i kung fu, ale to qigong wci\u0105\u017c pozostaje najpopularniejszym systemem medytacji w ruchu odblokowuj\u0105cym blokady energetyczne w ciele i przywracaj\u0105cym stan zdrowia i r\u00f3wnowagi. My b\u0119dziemy \u0107wiczy\u0107 bardzo uniwersaln\u0105 form\u0119 Lec\u0105cego \u017burawia, aktywuj\u0105c\u0105 wszystkie partie cia\u0142a i stawy, a wed\u0142ug tradycyjnej medycyny chi\u0144skie odblokowuj\u0105c\u0105 przep\u0142yw \u017cyciodajnej energii Qi we wszystkich meridianach. Podczas ka\u017cdego ze spotka\u0144, poza \u0107wiczeniami, wykonujemy te\u017c automasa\u017c i sesj\u0119 medytacji.<\/p>\n<p>\u0106wiczenia przeznaczone s\u0105 dla os\u00f3b doros\u0142ych, niezale\u017cnie od kondycji fizycznej, ten typ \u0142agodnego ruchu jest r\u00f3wnie\u017c bardzo polecany dla senior\u00f3w. \u0106wiczymy na stoj\u0105co, wymagane jest tylko obuwie na zmian\u0119 i swobodne ubranie.<\/p>\n<p>Je\u015bli szukasz sposobu na polepszenie zdrowia, relaks i odstresowanie w po\u0142\u0105czeniu z ruchem i medytacj\u0105 to te \u0107wiczenia s\u0105 dla Ciebie! Zapraszamy!<\/p>\n<p><strong>Lokalizacja:<\/strong>\u00a0Szko\u0142a Podstawowa nr 1 przy ul. Hezjoda 15<br \/>\n<strong>Termin:<\/strong>\u00a0czwartki w godzinach 19:30 \u2013 21:00<br \/>\n<strong>Zapisy:<\/strong>\u00a0w formie SMS pod nr tel. 696350261 (26 lutego od godziny 10:00 dla os\u00f3b, kt\u00f3re do tej pory nie uczestniczy\u0142y w danych zaj\u0119ciach, od 28 lutego od godziny 10:00 dla pozosta\u0142ych uczestnik\u00f3w, zapisy z\u0142o\u017cone przed terminem rozpocz\u0119cia rekrutacji nie b\u0119d\u0105 uwzgl\u0119dnione!)<br \/>\n<strong>Start:<\/strong>\u00a011 marca<\/p>\n<p>&nbsp;<\/p>\n<h3><strong>TRENING ODCHUDZAJ\u0104CY<\/strong><\/h3>\n<p>Zaj\u0119cia typu \u201eTrening odchudzaj\u0105cy\u201d w ramach programu Nasz Sportowy Fyrtel to intensywne sesje treningowe zaprojektowane specjalnie dla os\u00f3b d\u0105\u017c\u0105cych do zrzucenia zb\u0119dnych kilogram\u00f3w i poprawy swojej sylwetki. Podczas tych zaj\u0119\u0107 uczestnicy anga\u017cuj\u0105 si\u0119 w r\u00f3\u017cnorodne \u0107wiczenia aerobowe, trening si\u0142owy oraz interwa\u0142owe, kt\u00f3re wspomagaj\u0105 spalanie kalorii i wzmacniaj\u0105 mi\u0119\u015bnie. Instruktorzy prowadz\u0105cy zaj\u0119cia motywuj\u0105 i dostosowuj\u0105 intensywno\u015b\u0107 treningu do indywidualnych mo\u017cliwo\u015bci ka\u017cdej osoby, zapewniaj\u0105c wsparcie i profesjonalne wskaz\u00f3wki dotycz\u0105ce zdrowego odchudzania. Trening odchudzaj\u0105cy w ramach Naszego Sportowego Fyrtla to nie tylko skuteczny spos\u00f3b na redukcj\u0119 tkanki t\u0142uszczowej, ale tak\u017ce okazja do poprawy kondycji fizycznej, zwi\u0119kszenia energii i polepszenia samopoczucia og\u00f3lnego.<\/p>\n<p><strong>Lokalizacja:<\/strong>\u00a0\u015awietlica przy skrzy\u017cowaniu ul. Kierskiej i ul. Turystycznej w Kiekrzu<br \/>\n<strong>Termin:<\/strong> \u015brody w godzinach 18:00 &#8211; 19:00<br \/>\n<strong>Zapisy:<\/strong>\u00a0w formie e-mailowej na adres pislewska.alicja@gmail.com lub SMS pod nr tel. 509720291\u00a0<strong>(1 marca od godziny 8:00 dla os\u00f3b, kt\u00f3re do tej pory nie uczestniczy\u0142y w danych zaj\u0119ciach, od 4 marca od godziny 8:00 dla pozosta\u0142ych uczestnik\u00f3w, zapisy z\u0142o\u017cone przed terminem rozpocz\u0119cia rekrutacji nie b\u0119d\u0105 uwzgl\u0119dnione!)<\/strong><br \/>\n<strong>Start:<\/strong>\u00a011 marca<\/p>\n<p>&nbsp;<\/p>\n<h3><strong>JOGA<\/strong><\/h3>\n<p>Zaj\u0119cia typu \u201eJoga\u201d w ramach programu Nasz Sportowy Fyrtel to czas po\u015bwi\u0119cony na harmoni\u0119 cia\u0142a, umys\u0142u i ducha poprzez praktyk\u0119 r\u00f3\u017cnorodnych pozycji (asanas), technik oddechowych i medytacji. Podczas tych zaj\u0119\u0107 uczestnicy maj\u0105 okazj\u0119 do wzmocnienia cia\u0142a, poprawy elastyczno\u015bci oraz redukcji stresu i napi\u0119cia. Instruktorzy prowadz\u0105cy zaj\u0119cia dbaj\u0105 o zapewnienie bezpiecznej i przyjemnej atmosfery, dostosowuj\u0105c praktyk\u0119 do r\u00f3\u017cnych poziom\u00f3w zaawansowania uczestnik\u00f3w. Joga w ramach Naszego Sportowego Fyrtla to nie tylko forma aktywno\u015bci fizycznej, ale tak\u017ce droga do wewn\u0119trznego spokoju, r\u00f3wnowagi oraz lepszego samopoczucia, kt\u00f3ra mo\u017ce by\u0107 praktykowana przez wszystkich, niezale\u017cnie od wieku czy kondycji fizycznej.<\/p>\n<p><strong>Lokalizacja:<\/strong>\u00a0\u015awietlica przy skrzy\u017cowaniu ul. Kierskiej i ul. Turystycznej w Kiekrzu<br \/>\n<strong>Termin:<\/strong> \u015brody w godzinach 19:00 &#8211; 20:00<br \/>\n<strong>Zapisy:<\/strong>\u00a0w formie e-mailowej na adres pislewska.alicja@gmail.com lub SMS pod nr tel. 509720291\u00a0<strong>(1 marca od godziny 8:00 dla os\u00f3b, kt\u00f3re do tej pory nie uczestniczy\u0142y w danych zaj\u0119ciach, od 4 marca od godziny 8:00 dla pozosta\u0142ych uczestnik\u00f3w, zapisy z\u0142o\u017cone przed terminem rozpocz\u0119cia rekrutacji nie b\u0119d\u0105 uwzgl\u0119dnione!)<br \/>\n<\/strong><strong>Start:<\/strong>\u00a011 marca<\/p>\n<p>&nbsp;<\/p>\n<h3><strong>TRENING FUNKCJONALNY<\/strong><\/h3>\n<p>Zapraszamy na zaj\u0119cia, kt\u00f3re skupiaj\u0105 si\u0119 na doskonaleniu sprawno\u015bci fizycznej poprzez funkcjonalne \u0107wiczenia, kt\u00f3re maj\u0105 na celu popraw\u0119 si\u0142y, wytrzyma\u0142o\u015bci, koordynacji i stabilizacji ca\u0142ego cia\u0142a. Podczas tych zaj\u0119\u0107 b\u0119dziemy wykorzystywa\u0107 r\u00f3\u017cnorodne sprz\u0119ty treningowe oraz techniki, takie jak kettlebells, gumy oporowe, hantle czy w\u0142asna masa cia\u0142a, aby stymulowa\u0107 naturalne ruchy cia\u0142a i anga\u017cowa\u0107 r\u00f3\u017cne grupy mi\u0119\u015bniowe. Trening funkcjonalny pomaga w poprawie codziennej sprawno\u015bci oraz przygotowuje do wykonywania r\u00f3\u017cnorodnych czynno\u015bci \u017cycia codziennego z wi\u0119ksz\u0105 \u0142atwo\u015bci\u0105 i efektywno\u015bci\u0105. Nasze zaj\u0119cia s\u0105 dost\u0119pne dla os\u00f3b na r\u00f3\u017cnych poziomach zaawansowania, dzi\u0119ki czemu ka\u017cdy mo\u017ce znale\u017a\u0107 odpowiednie wyzwanie dla siebie. Do\u0142\u0105cz do nas w ramach programu Nasz Sportowy Fyrtel i do\u015bwiadcz korzy\u015bci p\u0142yn\u0105cych z treningu funkcjonalnego dla swojego cia\u0142a i umys\u0142u!<\/p>\n<p><strong>Lokalizacja:<\/strong>\u00a0Sala przy ul. Mrze\u017cy\u0144skiej 10<br \/>\n<strong>Termin:<\/strong>\u00a0poniedzia\u0142ki w godzinach 19:00 \u2013 20:00<br \/>\n<strong>Zapisy:<\/strong>\u00a0w formie SMS pod nr tel. 880488855\u00a0<strong>(1 marca od godziny 8:00 dla os\u00f3b, kt\u00f3re do tej pory nie uczestniczy\u0142y w danych zaj\u0119ciach, od 4 marca od godziny 8:00 dla pozosta\u0142ych uczestnik\u00f3w, zapisy z\u0142o\u017cone przed terminem rozpocz\u0119cia rekrutacji nie b\u0119d\u0105 uwzgl\u0119dnione!)<\/strong><br \/>\n<strong>Start:<\/strong>\u00a011 marca<\/p>\n<p>&nbsp;<\/p>\n<h3><strong>TRENING OBWODOWY<\/strong><\/h3>\n<p>Zapraszamy na dynamiczne zaj\u0119cia treningu obwodowego, kt\u00f3re stanowi\u0105 skuteczn\u0105 form\u0119 aktywno\u015bci fizycznej, maj\u0105c\u0105 na celu popraw\u0119 kondycji og\u00f3lnej oraz kszta\u0142towanie sylwetki. Podczas tych zaj\u0119\u0107 b\u0119dziemy wykonywa\u0107 seri\u0119 intensywnych \u0107wicze\u0144, kt\u00f3re obejmuj\u0105 zar\u00f3wno trening si\u0142owy, jak i kardio, przy wykorzystaniu r\u00f3\u017cnych przyrz\u0105d\u00f3w i w\u0142asnej masy cia\u0142a. Trening obwodowy charakteryzuje si\u0119 cyklicznym wykonywaniem serii \u0107wicze\u0144 w okre\u015blonym czasie lub liczbie powt\u00f3rze\u0144, co zapewnia wszechstronny rozw\u00f3j si\u0142y, wytrzyma\u0142o\u015bci i elastyczno\u015bci. Nasze zaj\u0119cia s\u0105 dostosowane do r\u00f3\u017cnych poziom\u00f3w zaawansowania, dzi\u0119ki czemu ka\u017cdy uczestnik mo\u017ce dostosowa\u0107 intensywno\u015b\u0107 treningu do swoich indywidualnych potrzeb. Do\u0142\u0105cz do nas w ramach programu Nasz Sportowy Fyrtel i do\u015bwiadcz wyj\u0105tkowej energii i motywacji podczas trening\u00f3w obwodowych!<\/p>\n<p><strong>Lokalizacja:<\/strong>\u00a0Sala przy ul. Mrze\u017cy\u0144skiej 10<br \/>\n<strong>Termin:<\/strong>\u00a0poniedzia\u0142ki w godzinach 20:00 \u2013 21:00<br \/>\n<strong>Zapisy:<\/strong>\u00a0w formie SMS pod nr tel. 880488855\u00a0<strong>(1 marca od godziny 8:00 dla os\u00f3b, kt\u00f3re do tej pory nie uczestniczy\u0142y w danych zaj\u0119ciach, od 4 marca od godziny 8:00 dla pozosta\u0142ych uczestnik\u00f3w, zapisy z\u0142o\u017cone przed terminem rozpocz\u0119cia rekrutacji nie b\u0119d\u0105 uwzgl\u0119dnione!)<\/strong><br \/>\n<strong>Start:<\/strong>\u00a011 marca<\/p>\n<p>&nbsp;<\/p>\n<h3><strong>TRENING FUNKCJONALNY<\/strong><\/h3>\n<p>Zapraszamy na zaj\u0119cia, kt\u00f3re skupiaj\u0105 si\u0119 na doskonaleniu sprawno\u015bci fizycznej poprzez funkcjonalne \u0107wiczenia, kt\u00f3re maj\u0105 na celu popraw\u0119 si\u0142y, wytrzyma\u0142o\u015bci, koordynacji i stabilizacji ca\u0142ego cia\u0142a. Podczas tych zaj\u0119\u0107 b\u0119dziemy wykorzystywa\u0107 r\u00f3\u017cnorodne sprz\u0119ty treningowe oraz techniki, takie jak kettlebells, gumy oporowe, hantle czy w\u0142asna masa cia\u0142a, aby stymulowa\u0107 naturalne ruchy cia\u0142a i anga\u017cowa\u0107 r\u00f3\u017cne grupy mi\u0119\u015bniowe. Trening funkcjonalny pomaga w poprawie codziennej sprawno\u015bci oraz przygotowuje do wykonywania r\u00f3\u017cnorodnych czynno\u015bci \u017cycia codziennego z wi\u0119ksz\u0105 \u0142atwo\u015bci\u0105 i efektywno\u015bci\u0105. Nasze zaj\u0119cia s\u0105 dost\u0119pne dla os\u00f3b na r\u00f3\u017cnych poziomach zaawansowania, dzi\u0119ki czemu ka\u017cdy mo\u017ce znale\u017a\u0107 odpowiednie wyzwanie dla siebie. Do\u0142\u0105cz do nas w ramach programu Nasz Sportowy Fyrtel i do\u015bwiadcz korzy\u015bci p\u0142yn\u0105cych z treningu funkcjonalnego dla swojego cia\u0142a i umys\u0142u!<\/p>\n<p><strong>Lokalizacja:<\/strong>\u00a0Szko\u0142a Podstawowa nr 28 przy ul. Chojnickiej 54<br \/>\n<strong>Termin:<\/strong>\u00a0\u015brody w godzinach 17:00 \u2013 18:00<br \/>\n<strong>Zapisy:<\/strong>\u00a0w formie SMS pod nr tel. 880488855\u00a0<strong>(1 marca od godziny 8:00 dla os\u00f3b, kt\u00f3re do tej pory nie uczestniczy\u0142y w danych zaj\u0119ciach, od 4 marca od godziny 8:00 dla pozosta\u0142ych uczestnik\u00f3w, zapisy z\u0142o\u017cone przed terminem rozpocz\u0119cia rekrutacji nie b\u0119d\u0105 uwzgl\u0119dnione!)<\/strong><br \/>\n<strong>Start:<\/strong>\u00a011 marca<\/p>\n<p>&nbsp;<\/p>\n<h3><strong>BOKS TAJSKI<\/strong><\/h3>\n<p>Zapraszamy na dynamiczne zaj\u0119cia boksu tajskiego, kt\u00f3re s\u0105 intensywn\u0105 form\u0105 treningu fizycznego, \u0142\u0105cz\u0105c\u0105 elementy walki, cardio oraz technik samoobrony. Podczas tych zaj\u0119\u0107 uczestnicy b\u0119d\u0105 doskonali\u0107 swoje umiej\u0119tno\u015bci techniczne, poprawia\u0107 kondycj\u0119 oraz budowa\u0107 si\u0142\u0119 i wytrzyma\u0142o\u015b\u0107. Trening obejmuje r\u00f3\u017cnorodne \u0107wiczenia, takie jak uderzenia pi\u0119\u015bciami, kopni\u0119cia, praca na workach treningowych oraz techniki sparowania. Nasze zaj\u0119cia s\u0105 prowadzone przez do\u015bwiadczonych instruktor\u00f3w, kt\u00f3rzy zapewniaj\u0105 bezpieczne i skuteczne treningi, odpowiednio dostosowane do ka\u017cdego poziomu zaawansowania. Bez wzgl\u0119du na to, czy dopiero zaczynasz przygod\u0119 z boksem tajskim, czy jeste\u015b do\u015bwiadczonym zawodnikiem, nasz program w ramach Nasz Sportowy Fyrtel zapewnia inspiruj\u0105ce i efektywne zaj\u0119cia, kt\u00f3re pomog\u0105 Ci osi\u0105gn\u0105\u0107 swoje cele treningowe. Do\u0142\u0105cz do nas i poczuj si\u0142\u0119 oraz determinacj\u0119 podczas trening\u00f3w boksu tajskiego!<\/p>\n<p><strong>Lokalizacja:<\/strong>\u00a0Szko\u0142a Podstawowa nr 28 przy ul. Chojnickiej 54<br \/>\n<strong>Termin:<\/strong>\u00a0\u015brody w godzinach 18:00 \u2013 19:00<br \/>\n<strong>Zapisy:<\/strong>\u00a0w formie SMS pod nr tel. 880488855\u00a0<strong>(1 marca od godziny 8:00 dla os\u00f3b, kt\u00f3re do tej pory nie uczestniczy\u0142y w danych zaj\u0119ciach, od 4 marca od godziny 8:00 dla pozosta\u0142ych uczestnik\u00f3w, zapisy z\u0142o\u017cone przed terminem rozpocz\u0119cia rekrutacji nie b\u0119d\u0105 uwzgl\u0119dnione!)<\/strong><br \/>\n<strong>Start:<\/strong>\u00a011 marca<\/p>\n<p>&nbsp;<\/p>\n<h3><strong>BRYD\u017b DLA DOJRZA\u0141YCH<\/strong><\/h3>\n<p>Zaj\u0119cia Bryd\u017ca to doskona\u0142a okazja dla mi\u0142o\u015bnik\u00f3w tej klasycznej gry karcianej, aby spotka\u0107 si\u0119, rywalizowa\u0107 i doskonali\u0107 swoje umiej\u0119tno\u015bci. Pod okiem do\u015bwiadczonych instruktor\u00f3w, uczestnicy maj\u0105 mo\u017cliwo\u015b\u0107 nauki zasad gry, doskonalenia technik taktycznych oraz praktycznego \u0107wiczenia r\u00f3\u017cnych rozda\u0144. Atmosfera na zaj\u0119ciach sprzyja nauce i integracji z innymi pasjonatami bryd\u017ca, a tak\u017ce rozwijaniu strategicznych umiej\u0119tno\u015bci i zdolno\u015bci logicznego my\u015blenia. Zaj\u0119cia Bryd\u017ca w ramach programu Nasz Sportowy Fyrtel to nie tylko rozrywka, ale tak\u017ce spos\u00f3b na rozw\u00f3j intelektualny i aktywny wypoczynek w przyjaznym towarzystwie.<\/p>\n<p>Gra w bryd\u017ca to jedna z nielicznych aktywno\u015bci z kt\u00f3rej mo\u017cna korzysta\u0107 w ka\u017cdym wieku i stanie zdrowia, praktycznie do ko\u0144ca \u017cycia. Traktujemy zaj\u0119cia jako form\u0119 gimnastyki dla m\u00f3zgu, a regularna gra w bryd\u017ca poprawia jako\u015b\u0107 \u017cycia i wzmacnia kondycj\u0119 umys\u0142u. Zapraszamy tych kt\u00f3rych omin\u0119\u0142a okazja poznania tej gry, tych co grali i chcieliby wr\u00f3ci\u0107 po przerwie lub pragn\u0105cych rozwin\u0105\u0107 swoje umiej\u0119tno\u015bci w bezstresowej atmosferze. Zaj\u0119cia obejmuj\u0105 wszystkie etapy gry \u2013 licytacja, rozgrywka, taktyka \u2013 rozwijane r\u00f3wnolegle na ka\u017cdym etapie zaawansowania. Rozpoczynamy nowy cykl dla pocz\u0105tkuj\u0105cych \u2013 do\u0142\u0105cz do gry!<\/p>\n<p><strong>Lokalizacja: <\/strong>Sala Rady Osiedla Podolany w Auli ZSP nr 15 na pi\u0119trze (wej\u015bcie obok filii Biblioteki Raczy\u0144skich) przy ul. Druskienickiej 32<strong><br \/>\nTermin:<\/strong>\u00a0wtorki w godzinach 16:00 \u2013 18:00<br \/>\n<strong>Zapisy:<\/strong>\u00a0w formie e-mailowej na adres brydz@fajne.to lub osobi\u015bcie podczas zaj\u0119\u0107\u00a0<strong>(4 marca od godziny 8:00 dla os\u00f3b, kt\u00f3re do tej pory nie uczestniczy\u0142y w danych zaj\u0119ciach, od 6 marca od godziny 8:00 dla pozosta\u0142ych uczestnik\u00f3w, zapisy z\u0142o\u017cone przed terminem rozpocz\u0119cia rekrutacji nie b\u0119d\u0105 uwzgl\u0119dnione!)<\/strong><br \/>\n<strong>Start:<\/strong>\u00a011 marca<\/p>\n<p>&nbsp;<\/p>\n<h3><strong>KSZTA\u0141TOWANIE SYLWETKI<\/strong><\/h3>\n<p>Zaj\u0119cia Kszta\u0142towanie Sylwetki to intensywne treningi, kt\u00f3re skupiaj\u0105 si\u0119 na formowaniu i ulepszaniu sylwetki poprzez r\u00f3\u017cnorodne \u0107wiczenia si\u0142owe, aerobowe i funkcjonalne. Podczas tych zaj\u0119\u0107, uczestnicy wykonuj\u0105 zestawy \u0107wicze\u0144, kt\u00f3re anga\u017cuj\u0105 r\u00f3\u017cne grupy mi\u0119\u015bniowe, zmniejszaj\u0105 tkank\u0119 t\u0142uszczow\u0105, zwi\u0119kszaj\u0105 wytrzyma\u0142o\u015b\u0107 oraz poprawiaj\u0105 elastyczno\u015b\u0107 cia\u0142a. Instruktorzy prowadz\u0105 zaj\u0119cia w spos\u00f3b motywuj\u0105cy, dostosowuj\u0105c intensywno\u015b\u0107 treningu do indywidualnych potrzeb i mo\u017cliwo\u015bci ka\u017cdego uczestnika. Zaj\u0119cia Kszta\u0142towanie Sylwetki w ramach programu Nasz Sportowy Fyrtel s\u0105 odpowiednie dla os\u00f3b o r\u00f3\u017cnym poziomie zaawansowania, od tych, kt\u00f3rzy dopiero rozpoczynaj\u0105 swoj\u0105 przygod\u0119 ze sportem, po tych, kt\u00f3rzy szukaj\u0105 wyzwania i dalszego rozwoju. To doskona\u0142a okazja do poprawy kondycji fizycznej, osi\u0105gni\u0119cia lepszej sylwetki oraz zwi\u0119kszenia og\u00f3lnej sprawno\u015bci.<\/p>\n<p><strong>Lokalizacja:<\/strong>\u00a0Sala przy ul. Sanockiej 25 na terenie Parafii Ksi\u0119\u017cy Zmartwychwsta\u0144c\u00f3w pw. Imienia Maryi<br \/>\n<strong>Termin:<\/strong>\u00a0wtorki w godzinach 18:00 \u2013 19:00<br \/>\n<strong>Zapisy:<\/strong>\u00a0w formie SMS pod nr tel. 791874022\u00a0<strong>(od 12 marca od godziny 9:00, w tre\u015bci prosimy uwzgl\u0119dni\u0107 imi\u0119 i nazwisko, nazw\u0119 zaj\u0119\u0107 oraz dopisek Parafia Smochowice, zapisy z\u0142o\u017cone przed terminem rozpocz\u0119cia rekrutacji nie b\u0119d\u0105 uwzgl\u0119dnione!)<br \/>\n<\/strong><strong>Start:<\/strong>\u00a018 marca<\/p>\n<p>&nbsp;<\/p>\n<h3><strong>ZDROWY KR\u0118GOS\u0141UP<\/strong><\/h3>\n<p>Zaj\u0119cia Zdrowy Kr\u0119gos\u0142up to dedykowany program skupiaj\u0105cy si\u0119 na piel\u0119gnowaniu zdrowia i elastyczno\u015bci kr\u0119gos\u0142upa poprzez odpowiednie \u0107wiczenia i techniki. Podczas tych zaj\u0119\u0107, uczestnicy ucz\u0105 si\u0119 poprawnej postawy, wzmacniaj\u0105 mi\u0119\u015bnie grzbietu oraz koryguj\u0105 nieprawid\u0142owo\u015bci w zachowaniu, co przyczynia si\u0119 do redukcji b\u00f3lu plec\u00f3w i zapobiegania urazom. Instruktorzy prowadz\u0105 zaj\u0119cia w spos\u00f3b dostosowany do r\u00f3\u017cnych grup wiekowych i poziom\u00f3w zaawansowania, zapewniaj\u0105c bezpieczne i skuteczne treningi. Zaj\u0119cia Zdrowy Kr\u0119gos\u0142up w ramach programu Nasz Sportowy Fyrtel oferuj\u0105 nie tylko korzy\u015bci fizyczne, ale tak\u017ce popraw\u0119 samopoczucia i komfortu \u017cycia codziennego poprzez lepsz\u0105 postaw\u0119 i zdrowszy kr\u0119gos\u0142up.<\/p>\n<p><strong>Lokalizacja:<\/strong>\u00a0Sala przy ul. Sanockiej 25 na terenie Parafii Ksi\u0119\u017cy Zmartwychwsta\u0144c\u00f3w pw. Imienia Maryi<br \/>\n<strong>Termin:<\/strong>\u00a0wtorki w godzinach 19:00 \u2013 20:00<br \/>\n<strong>Zapisy:<\/strong>\u00a0w formie SMS pod nr tel. 791874022\u00a0<strong>(od 12 marca od godziny 9:00, w tre\u015bci prosimy uwzgl\u0119dni\u0107 imi\u0119 i nazwisko, nazw\u0119 zaj\u0119\u0107 oraz dopisek Parafia Smochowice, zapisy z\u0142o\u017cone przed terminem rozpocz\u0119cia rekrutacji nie b\u0119d\u0105 uwzgl\u0119dnione!)<br \/>\n<\/strong><strong>Start:<\/strong>\u00a018 marca<\/p>\n<p>&nbsp;<\/p>\n<h3><strong>NORDIC WALKING<\/strong><\/h3>\n<p>Intensywny marsz z kijami. Po\u0142\u0105czenie techniki biegu na nartach i szybkiego marszu z u\u017cyciem specjalnie zaprojektowanych kij\u00f3w. Forma aktywno\u015bci ruchowej na \u015bwie\u017cym powietrzu, polegaj\u0105ca na dynamicznym marszu i odpychaniu si\u0119 za pomoc\u0105 specjalnie zaprojektowanych kij\u00f3w, dzi\u0119ki kt\u00f3rym anga\u017cujemy do pracy wi\u0119kszo\u015b\u0107 naszych mi\u0119\u015bni. Prosta i dost\u0119pna dla ka\u017cdego forma ruchu na ca\u0142y rok, bez wzgl\u0119du na pogod\u0119 i wiek. W por\u00f3wnaniu do zwyczajnego marszu Nordic Walking anga\u017cuje: mi\u0119\u015bnie g\u00f3rnej po\u0142owy cia\u0142a, rozlu\u017ania mi\u0119\u015bnie grzbietu, uruchamia mi\u0119\u015bnie plec\u00f3w i brzucha, odci\u0105\u017ca kr\u0119gos\u0142up i stawy ko\u0144czyn dolnych. Zaanga\u017cowanie 90% mi\u0119\u015bni cia\u0142a, powoduje, \u017ce trening jest kompleksowy i nie wymaga uzupe\u0142niania innymi formami aktywno\u015bci fizycznej Rozwija si\u0119 si\u0142a i wytrzyma\u0142o\u015b\u0107 ramion, zmniejsza obci\u0105\u017cenie staw\u00f3w o 30%, u\u015bmierza b\u00f3le reumatyczne, zwalnia tempo chor\u00f3b takich jak: artretyzm czy cukrzyca, redukuje stres, spala si\u0119 wi\u0119cej kalorii ni\u017c przy normalnym chodzeniu. Nordic Walking jest form\u0105 rekreacji, kt\u00f3ra ma wiele korzy\u015bci dla zdrowia, takich jak poprawa wydolno\u015bci sercowo-naczyniowej, wzmacnianie mi\u0119\u015bni n\u00f3g, ramion i plec\u00f3w, a tak\u017ce redukcja stresu i poprawa nastroju. Dzi\u0119ki temu, \u017ce jest to forma niskiej intensywno\u015bci, mo\u017ce by\u0107 praktykowana przez osoby w r\u00f3\u017cnym wieku i o r\u00f3\u017cnym poziomie zaawansowania, a tak\u017ce stanowi alternatyw\u0119 dla biegania czy jazdy na rowerze.<\/p>\n<p>Treningi z Kamil\u0105 s\u0105 marszami rekreacyjnymi, dobranymi pod wzgl\u0119dem \u0107wicze\u0144, tempa i intensywno\u015bci do mo\u017cliwo\u015bci uczestnicz\u0105cych. To tak\u017ce moment na aktywne sp\u0119dzenie czasu przy rozmowie w mi\u0142ym towarzystwie.<\/p>\n<p><strong>Lokalizacja:<\/strong>\u00a0Zbi\u00f3rka \u2013 Boisko do koszyk\u00f3wki w Parku Aktywno\u015bci Fizycznej przy ul. Druskienickiej<br \/>\n<strong>Termin:<\/strong>\u00a0czwartki w godzinach 17:30 \u2013 19:00<br \/>\n<strong>Zapisy:<\/strong>\u00a0w formie SMS pod nr tel. 602422469\u00a0<strong>(11 marca od godziny 10:00 dla os\u00f3b, kt\u00f3re do tej pory nie uczestniczy\u0142y w danych zaj\u0119ciach, od 13 marca od godziny 10:00 dla pozosta\u0142ych uczestnik\u00f3w, zapisy z\u0142o\u017cone przed terminem rozpocz\u0119cia rekrutacji nie b\u0119d\u0105 uwzgl\u0119dnione!)<br \/>\n<\/strong><strong>Start:<\/strong>\u00a018 marca<\/p>\n<p><strong>Lokalizacja:<\/strong>\u00a0Zbi\u00f3rka \u2013 Pla\u017ca \u0141ab\u0119dzia przy ul. Nad Jeziorem<br \/>\n<strong>Termin:<\/strong>\u00a0niedziele w godzinach 10:00 \u2013 11:30<br \/>\n<strong>Zapisy:<\/strong>\u00a0w formie SMS pod nr tel. 602422469\u00a0<strong>(11 marca od godziny 10:00 dla os\u00f3b, kt\u00f3re do tej pory nie uczestniczy\u0142y w danych zaj\u0119ciach, od 13 marca od godziny 10:00 dla pozosta\u0142ych uczestnik\u00f3w, zapisy z\u0142o\u017cone przed terminem rozpocz\u0119cia rekrutacji nie b\u0119d\u0105 uwzgl\u0119dnione!)<br \/>\n<\/strong><strong>Start:<\/strong>\u00a018 marca<\/p>\n<p>&nbsp;<\/p>\n<h3><strong>ZAJ\u0118CIA USPRAWNIAJ\u0104CE DLA SENIOR\u00d3W<\/strong><\/h3>\n<p>Zaj\u0119cia usprawniaj\u0105ce dla senior\u00f3w to dedykowany program, kt\u00f3ry skupia si\u0119 na poprawie sprawno\u015bci fizycznej, gibko\u015bci i r\u00f3wnowagi u os\u00f3b starszych. Podczas tych zaj\u0119\u0107, uczestnicy wykonuj\u0105 \u0142agodne \u0107wiczenia wzmacniaj\u0105ce, rozci\u0105gaj\u0105ce oraz r\u00f3wnowa\u017cne, kt\u00f3re zosta\u0142y zaprojektowane specjalnie z my\u015bl\u0105 o potrzebach senior\u00f3w. Instruktorzy prowadz\u0105 zaj\u0119cia w spos\u00f3b delikatny i dostosowany do mo\u017cliwo\u015bci uczestnik\u00f3w, zapewniaj\u0105c bezpieczne i skuteczne treningi. Atmosfera na zaj\u0119ciach jest przyjazna i wspieraj\u0105ca, co sprawia, \u017ce ka\u017cdy senior mo\u017ce czu\u0107 si\u0119 komfortowo i mile widziany. Zaj\u0119cia usprawniaj\u0105ce dla senior\u00f3w w ramach programu Nasz Sportowy Fyrtel to nie tylko doskona\u0142a okazja do poprawy kondycji fizycznej, ale tak\u017ce do integracji spo\u0142ecznej oraz utrzymania aktywnego stylu \u017cycia w p\u00f3\u017aniejszym wieku.<\/p>\n<p><strong>Lokalizacja:<\/strong>\u00a0Szko\u0142a Podstawowa nr 1 przy ul. Hezjoda 15<br \/>\n<strong>Termin:<\/strong>\u00a0\u015brody w godzinach 19:30 \u2013 20:30<br \/>\n<strong>Zapisy:<\/strong>\u00a0w formie SMS pod nr tel. 506569172\u00a0<strong>(14 marca od godziny 10:00 dla os\u00f3b, kt\u00f3re do tej pory nie uczestniczy\u0142y w danych zaj\u0119ciach, od 15 marca od godziny 10:00 dla pozosta\u0142ych uczestnik\u00f3w, zapisy z\u0142o\u017cone przed terminem rozpocz\u0119cia rekrutacji nie b\u0119d\u0105 uwzgl\u0119dnione!)<br \/>\n<\/strong><strong>Start:<\/strong>\u00a018 marca<\/p>\n<p>&nbsp;<\/p>\n<h3><strong>ZDROWY KR\u0118GOS\u0141UP<\/strong><\/h3>\n<p>Zaj\u0119cia Zdrowy Kr\u0119gos\u0142up dla senior\u00f3w to specjalnie zaprojektowany program maj\u0105cy na celu popraw\u0119 zdrowia i elastyczno\u015bci kr\u0119gos\u0142upa u os\u00f3b starszych. Podczas tych zaj\u0119\u0107, uczestnicy wykonuj\u0105 \u0142agodne \u0107wiczenia wzmacniaj\u0105ce, rozci\u0105gaj\u0105ce i stabilizuj\u0105ce, kt\u00f3re pomagaj\u0105 w redukcji b\u00f3lu plec\u00f3w, poprawie postawy oraz zwi\u0119kszeniu ruchomo\u015bci kr\u0119gos\u0142upa. Instruktorzy prowadz\u0105 zaj\u0119cia w spos\u00f3b delikatny i dostosowany do mo\u017cliwo\u015bci uczestnik\u00f3w, zapewniaj\u0105c bezpieczne i skuteczne treningi. Atmosfera na zaj\u0119ciach jest przyjazna i wspieraj\u0105ca, co sprawia, \u017ce ka\u017cdy senior mo\u017ce czu\u0107 si\u0119 komfortowo i mile widziany. Zaj\u0119cia Zdrowy Kr\u0119gos\u0142up dla senior\u00f3w w ramach programu Nasz Sportowy Fyrtel to doskona\u0142a okazja do utrzymania zdrowego kr\u0119gos\u0142upa, poprawy samopoczucia oraz integracji spo\u0142ecznej w\u015br\u00f3d os\u00f3b starszych.<\/p>\n<p><strong>Lokalizacja:<\/strong>\u00a0Szko\u0142a Podstawowa nr 1 przy ul. Hezjoda 15<br \/>\n<strong>Termin:<\/strong>\u00a0\u015brody w godzinach 20:30 \u2013 21:30<br \/>\n<strong>Zapisy:<\/strong>\u00a0w formie SMS pod nr tel. 506569172\u00a0<strong>(14 marca od godziny 10:00 dla os\u00f3b, kt\u00f3re do tej pory nie uczestniczy\u0142y w danych zaj\u0119ciach, od 15 marca od godziny 10:00 dla pozosta\u0142ych uczestnik\u00f3w, zapisy z\u0142o\u017cone przed terminem rozpocz\u0119cia rekrutacji nie b\u0119d\u0105 uwzgl\u0119dnione!)<br \/>\n<\/strong><strong>Start:<\/strong>\u00a018 marca<\/p>\n<p>&nbsp;<\/p>\n<h3><strong>PI\u0141KA NO\u017bNA DLA DZIEWCZYNEK<\/strong><\/h3>\n<p>Treningi pi\u0142ki no\u017cnej dla dziewczynek i ch\u0142opc\u00f3w to \u015bwietna okazja dla m\u0142odych adept\u00f3w sportu, aby rozwija\u0107 swoje umiej\u0119tno\u015bci, budowa\u0107 dru\u017cynowy duch oraz cieszy\u0107 si\u0119 aktywno\u015bci\u0105 fizyczn\u0105. Podczas tych zaj\u0119\u0107, uczestnicy ucz\u0105 si\u0119 podstawowych technik pi\u0142karskich, takich jak podanie, kopni\u0119cie czy drybling, oraz rozwijaj\u0105 swoj\u0105 sprawno\u015b\u0107 fizyczn\u0105, szybko\u015b\u0107 i refleks. Instruktorzy prowadz\u0105 zaj\u0119cia w spos\u00f3b profesjonalny i dostosowany do wieku i poziomu zaawansowania uczestnik\u00f3w, zapewniaj\u0105c zar\u00f3wno bezpiecze\u0144stwo, jak i efektywny rozw\u00f3j umiej\u0119tno\u015bci. Atmosfera na zaj\u0119ciach jest pe\u0142na pasji, entuzjazmu i fair play, co sprzyja nie tylko rozwojowi sportowemu, ale tak\u017ce budowaniu warto\u015bci takich jak wsp\u00f3\u0142praca, szacunek i determinacja. Zaj\u0119cia pi\u0142ki no\u017cnej dla dziewczynek i ch\u0142opc\u00f3w w ramach programu Nasz Sportowy Fyrtel to nie tylko doskona\u0142a okazja do aktywnego sp\u0119dzania czasu, ale tak\u017ce spos\u00f3b na rozw\u00f3j zdrowego stylu \u017cycia i pasji do sportu ju\u017c od najm\u0142odszych lat.<\/p>\n<p><strong>Lokalizacja:<\/strong>\u00a0Boisko przy ul. Krajeneckiej<br \/>\n<strong>Termin:<\/strong>\u00a0pi\u0105tki w godzinach 18:00 \u2013 19:30<br \/>\n<strong>Zapisy:<\/strong>\u00a0w formie SMS pod nr tel. 669091910 z uwzgl\u0119dnieniem ewentualnych pyta\u0144 o wiek uczestniczki lub uczestnika\u00a0<strong>(14 marca od godziny 10:00 dla os\u00f3b, kt\u00f3re do tej pory nie uczestniczy\u0142y w danych zaj\u0119ciach, od 15 marca od godziny 10:00 dla pozosta\u0142ych uczestnik\u00f3w, zapisy z\u0142o\u017cone przed terminem rozpocz\u0119cia rekrutacji nie b\u0119d\u0105 uwzgl\u0119dnione!)<br \/>\n<\/strong><strong>Start:<\/strong>\u00a018 marca<\/p>\n<p>&nbsp;<\/p>\n<h3><strong>PI\u0141KA NO\u017bNA DLA DZIEWCZYNEK<\/strong><\/h3>\n<p>Treningi pi\u0142ki no\u017cnej dla dziewczynek i ch\u0142opc\u00f3w to \u015bwietna okazja dla m\u0142odych adept\u00f3w sportu, aby rozwija\u0107 swoje umiej\u0119tno\u015bci, budowa\u0107 dru\u017cynowy duch oraz cieszy\u0107 si\u0119 aktywno\u015bci\u0105 fizyczn\u0105. Podczas tych zaj\u0119\u0107, uczestnicy ucz\u0105 si\u0119 podstawowych technik pi\u0142karskich, takich jak podanie, kopni\u0119cie czy drybling, oraz rozwijaj\u0105 swoj\u0105 sprawno\u015b\u0107 fizyczn\u0105, szybko\u015b\u0107 i refleks. Instruktorzy prowadz\u0105 zaj\u0119cia w spos\u00f3b profesjonalny i dostosowany do wieku i poziomu zaawansowania uczestnik\u00f3w, zapewniaj\u0105c zar\u00f3wno bezpiecze\u0144stwo, jak i efektywny rozw\u00f3j umiej\u0119tno\u015bci. Atmosfera na zaj\u0119ciach jest pe\u0142na pasji, entuzjazmu i fair play, co sprzyja nie tylko rozwojowi sportowemu, ale tak\u017ce budowaniu warto\u015bci takich jak wsp\u00f3\u0142praca, szacunek i determinacja. Zaj\u0119cia pi\u0142ki no\u017cnej dla dziewczynek i ch\u0142opc\u00f3w w ramach programu Nasz Sportowy Fyrtel to nie tylko doskona\u0142a okazja do aktywnego sp\u0119dzania czasu, ale tak\u017ce spos\u00f3b na rozw\u00f3j zdrowego stylu \u017cycia i pasji do sportu ju\u017c od najm\u0142odszych lat.<\/p>\n<p><strong>Lokalizacja:<\/strong>\u00a0Boisko przy ul. Krajeneckiej<br \/>\n<strong>Termin:<\/strong>\u00a0\u015brody w godzinach 16:30 \u2013 18:00<br \/>\n<strong>Zapisy:<\/strong>\u00a0w formie SMS pod nr tel. 669091910 z uwzgl\u0119dnieniem ewentualnych pyta\u0144 o wiek uczestniczki lub uczestnika\u00a0<strong>(14 marca od godziny 10:00 dla os\u00f3b, kt\u00f3re do tej pory nie uczestniczy\u0142y w danych zaj\u0119ciach, od 15 marca od godziny 10:00 dla pozosta\u0142ych uczestnik\u00f3w, zapisy z\u0142o\u017cone przed terminem rozpocz\u0119cia rekrutacji nie b\u0119d\u0105 uwzgl\u0119dnione!)<br \/>\n<\/strong><strong>Start:<\/strong>\u00a018 marca<\/p>\n<p>&nbsp;<\/p>\n<hr \/>\n<h4>PROGRAM NASZ SPORTOWY FYRTEL NA TERENIE REJONU NR 2 PRZEZNACZONY JEST DLA MIESZKA\u0143C\u00d3W KIEKRZA, KRZY\u017bOWNIK \u2013 SMOCHOWIC, PODOLAN ORAZ STRZESZYNA.<\/h4>\n<h4>UDZIA\u0141 W ZAJ\u0118CIACH CZY INNYCH AKTYWNO\u015aCIACH W RAMACH PROGRAMU NASZ SPORTOWY FYRTEL R\u00d3WNOZNACZNY JEST Z AKCEPTACJ\u0104 REGULAMINU PO UZUPE\u0141NIENIU O\u015aWIADCZENIA UCZESTNIKA ZAJ\u0118\u0106, KT\u00d3RE NALE\u017bY PRZED ROZPOCZ\u0118CIEM ZAJ\u0118\u0106 PRZEKAZA\u0106 INSTRUKTOROWI.<\/h4>\n<h4><a href=\"https:\/\/sportowyfyrtel.pl\/wp-content\/uploads\/2024\/02\/WZOR-3_Oswiadczenie-uczestnika-zajec-2024_NSF_F2.pdf\">O\u015aWIADCZENIE UCZESTNIKA ZAJ\u0118\u0106 DO POBRANIA<\/a><\/h4>\n<h4><a href=\"https:\/\/sportowyfyrtel.pl\/2\/godziny-zajec\/\">AKTUALNY HARMONOGRAM ZAJ\u0118\u0106<\/a><\/h4>\n<h4>PROBLEMY, PYTANIA I W\u0104TPLIWO\u015aCI: 2@sportowyfyrtel.pl<\/h4>\n<p>&nbsp;<\/p>\n<p>&nbsp;<\/p>\n<p>&nbsp;<\/p>\n","protected":false},"excerpt":{"rendered":"<p>Halo Fyrtel nr 2! Pora podsumowa\u0107 ostatnie dni pe\u0142ne wra\u017ce\u0144 dlatego zebrali\u015bmy dla Was dotychczasowe komunikaty dotycz\u0105ce rozpocz\u0119cia organizacji poszczeg\u00f3lnych zaj\u0119\u0107 sportowo \u2013 rekreacyjnych w ramach tegorocznej edycji programu Nasz Sportowy Fyrtel na terenie rejonu Kiekrz, Krzy\u017cowniki \u2013 Smochowice, Podolany oraz Strzeszyn! Pami\u0119tajcie, \u017ce zgodnie z wcze\u015bniejszymi informacjami to dopiero cz\u0119\u015b\u0107 oferty r\u00f3\u017cnorodnych aktywno\u015bci, kt\u00f3re [&#8230;]<\/p>\n<p><a class=\"btn btn-secondary understrap-read-more-link\" href=\"https:\/\/sportowyfyrtel.pl\/2\/2024\/02\/22\/aktualna-oferta-zajec-sportowo-rekreacyjnych-w-ramach-programu-nasz-sportowy-fyrtel-dla-mieszkancow-rejonu-kiekrz-krzyzowniki-smochowice-podolany-oraz-strzeszyn\/\">Czytaj dalej\u2026<\/a><\/p>\n","protected":false},"author":9,"featured_media":0,"comment_status":"closed","ping_status":"closed","sticky":false,"template":"","format":"standard","meta":{"footnotes":""},"categories":[1],"tags":[],"_links":{"self":[{"href":"https:\/\/sportowyfyrtel.pl\/2\/wp-json\/wp\/v2\/posts\/1062"}],"collection":[{"href":"https:\/\/sportowyfyrtel.pl\/2\/wp-json\/wp\/v2\/posts"}],"about":[{"href":"https:\/\/sportowyfyrtel.pl\/2\/wp-json\/wp\/v2\/types\/post"}],"author":[{"embeddable":true,"href":"https:\/\/sportowyfyrtel.pl\/2\/wp-json\/wp\/v2\/users\/9"}],"replies":[{"embeddable":true,"href":"https:\/\/sportowyfyrtel.pl\/2\/wp-json\/wp\/v2\/comments?post=1062"}],"version-history":[{"count":15,"href":"https:\/\/sportowyfyrtel.pl\/2\/wp-json\/wp\/v2\/posts\/1062\/revisions"}],"predecessor-version":[{"id":1125,"href":"https:\/\/sportowyfyrtel.pl\/2\/wp-json\/wp\/v2\/posts\/1062\/revisions\/1125"}],"wp:attachment":[{"href":"https:\/\/sportowyfyrtel.pl\/2\/wp-json\/wp\/v2\/media?parent=1062"}],"wp:term":[{"taxonomy":"category","embeddable":true,"href":"https:\/\/sportowyfyrtel.pl\/2\/wp-json\/wp\/v2\/categories?post=1062"},{"taxonomy":"post_tag","embeddable":true,"href":"https:\/\/sportowyfyrtel.pl\/2\/wp-json\/wp\/v2\/tags?post=1062"}],"curies":[{"name":"wp","href":"https:\/\/api.w.org\/{rel}","templated":true}]}}