{"id":1042,"date":"2024-02-20T12:03:54","date_gmt":"2024-02-20T11:03:54","guid":{"rendered":"https:\/\/sportowyfyrtel.pl\/2\/?p=1042"},"modified":"2024-02-20T12:03:54","modified_gmt":"2024-02-20T11:03:54","slug":"zapraszamy-na-zajecia-typu-uwazny-ruch-praktyka-mindfulness-na-terenie-studia-twoja-przestrzen-przy-ul-fieldorfa-6-1","status":"publish","type":"post","link":"https:\/\/sportowyfyrtel.pl\/2\/2024\/02\/20\/zapraszamy-na-zajecia-typu-uwazny-ruch-praktyka-mindfulness-na-terenie-studia-twoja-przestrzen-przy-ul-fieldorfa-6-1\/","title":{"rendered":"Zapraszamy na zaj\u0119cia typu Uwa\u017cny ruch &#8211; Praktyka Mindfulness na terenie studia Twoja Przestrze\u0144 przy ul. Fieldorfa 6\/1!"},"content":{"rendered":"<p>Czo\u0142em Fyrtel nr 2! Nie zwalniamy tempa i zapraszamy dzieci, m\u0142odzie\u017c, doros\u0142ych i senior\u00f3w zamieszkuj\u0105cych rejon Kiekrz, Krzy\u017cowniki \u2013 Smochowice, Podolany oraz Strzeszyn do udzia\u0142u w kolejnych darmowych zaj\u0119ciach sportowych, kt\u00f3re w wyniku wsp\u00f3\u0142pracy z Radami Osiedla po raz kolejny ale mamy nadziej\u0119 nie ostatni go\u015bci\u0107 b\u0119d\u0105 na terenie Waszej dzielnicy!<\/p>\n<p>Pami\u0119tajcie, \u017ce udzia\u0142 w naszych zaj\u0119ciach mo\u017cliwy jest tylko i wy\u0142\u0105cznie po wype\u0142nieniu o\u015bwiadczenia, kt\u00f3re nale\u017cy przekaza\u0107 trenerom czy instruktorom przed pierwszymi zaj\u0119ciami. Deklaracj\u0119 uczestnika zaj\u0119\u0107 w ramach programu Nasz Sportowy Fyrtel znajdziecie\u00a0<a href=\"https:\/\/sportowyfyrtel.pl\/wp-content\/uploads\/2024\/02\/WZOR-3_Oswiadczenie-uczestnika-zajec-2024_NSF_F2.pdf\">TUTAJ<\/a>, wype\u0142nijcie j\u0105 w domu, zabierzcie ze sob\u0105, a potem dajcie z siebie wszystko!<\/p>\n<hr \/>\n<h3><\/h3>\n<p>&nbsp;<\/p>\n<h3><strong>UWA\u017bNY RUCH &#8211; PRAKTYKA MINDFULNESS<\/strong><\/h3>\n<p>Zaj\u0119cia &#8222;Uwa\u017cny Ruch&#8221; to unikalna praktyka w ramach programu Nasz Sportowy Fyrtel, kt\u00f3ra integruje elementy mindfulness z aktywno\u015bci\u0105 fizyczn\u0105. Podczas tych zaj\u0119\u0107 uczestnicy praktykuj\u0105 \u015bwiadomo\u015b\u0107 swojego cia\u0142a, oddechu i ruchu, co prowadzi do g\u0142\u0119bszego zrozumienia i akceptacji siebie oraz poprawy og\u00f3lnej kondycji fizycznej i psychicznej. Instruktorzy prowadz\u0105 uczestnik\u00f3w przez r\u00f3\u017cnorodne \u0107wiczenia, kt\u00f3re anga\u017cuj\u0105 zar\u00f3wno cia\u0142o, jak i umys\u0142, a tak\u017ce pomagaj\u0105 w redukcji stresu i poprawie koncentracji. Dzi\u0119ki praktyce uwa\u017cno\u015bci w ruchu, uczestnicy rozwijaj\u0105 wi\u0119ksz\u0105 \u015bwiadomo\u015b\u0107 swojego cia\u0142a oraz zdolno\u015b\u0107 do radzenia sobie z codziennymi wyzwaniami z wi\u0119ksz\u0105 zr\u00f3wnowa\u017ceniem i spokojem.<\/p>\n<p>Uwa\u017cny ruch to rodzaj \u0107wicze\u0144, kt\u00f3re k\u0142ad\u0105 nacisk na zindywidualizowane wzorce aktywno\u015bci oparte na Twoim nastroju, stanie zdrowia i uczuciach.<br \/>\nUwa\u017cny ruch to skierowanie uwagi i skupienie si\u0119 na zauwa\u017caniu i odczuwaniu tego, co robi Twoje cia\u0142o podczas wykonywania ruchu. To praktyka bycia \u015bwiadomym ca\u0142ego cia\u0142a.<br \/>\nW tej praktyce chcemy uzyska\u0107 wi\u0119cej energii dzi\u0119ki r\u00f3wnowadze i regeneracji, wp\u0142ywaniu na prac\u0119 nerwu b\u0142\u0119dnego i balansie autonomicznego uk\u0142adu nerwowego.<\/p>\n<p>Korzy\u015bci z tej praktyki:<br \/>\n1. Zwi\u0119kszenie \u015bwiadomo\u015bci cia\u0142a i umys\u0142u &#8211; pomaga nam by\u0107 bardziej obecnymi w zwi\u0105zku z naszym cia\u0142em i umys\u0142em, co pozwala nam lepiej zrozumie\u0107 swoje emocje, my\u015bli i reakcje.<br \/>\n2. Redukcja stresu i napi\u0119cia &#8211; regularna praktyka pomaga nam zredukowa\u0107 codzienne stresy i napi\u0119cia poprzez skupienie si\u0119 na obecnym momencie i koncentracj\u0119 na ruchach cia\u0142a.<br \/>\n3. Poprawa zdolno\u015bci koncentracji &#8211; pomaga nam poprawi\u0107 nasz\u0105 zdolno\u015b\u0107 koncentracji i skupienia uwagi, co mo\u017ce przynie\u015b\u0107 korzy\u015bci w \u017cyciu codziennym i pracy.<br \/>\n4. Promowanie zdrowego stylu \u017cycia &#8211; mo\u017ce pom\u00f3c nam zwi\u0119kszy\u0107 nasz\u0105 aktywno\u015b\u0107 fizyczn\u0105, poprawi\u0107 nasz\u0105 elastyczno\u015b\u0107 i si\u0142\u0119 cia\u0142a, co przyczynia si\u0119 do og\u00f3lnego zdrowia i samopoczucia.<br \/>\n5. Doskonalenie umiej\u0119tno\u015bci zarz\u0105dzania emocjami &#8211; mo\u017ce pom\u00f3c nam w lepszym rozpoznawaniu i zarz\u0105dzaniu naszymi emocjami poprzez \u015bwiadome skupianie si\u0119 na ruchach i oddechu.<br \/>\n6. Promowanie poczucia spokoju i r\u00f3wnowagi &#8211; mo\u017ce pom\u00f3c nam w odnalezieniu spokoju i r\u00f3wnowagi mentalnej, co pozytywnie wp\u0142ywa na nasze relacje z innymi i og\u00f3ln\u0105 jako\u015b\u0107 \u017cycia.<\/p>\n<p>Konieczno\u015b\u0107 posiadania w\u0142asnej maty.<\/p>\n<p><strong>Lokalizacja:<\/strong> Twoja Przestrze\u0144 przy ul. Fieldorfa 6\/1<br \/>\n<strong>Termin:<\/strong> poniedzia\u0142ki w godzinach 17:00 &#8211; 18:00<br \/>\n<strong>Zapisy:<\/strong> w formie SMS pod nr tel. 600978359 <strong>(26 lutego od godziny 10:00 dla os\u00f3b, kt\u00f3re do tej pory nie uczestniczy\u0142y w danych zaj\u0119ciach, od 27 lutego od godziny 10:00 dla pozosta\u0142ych uczestnik\u00f3w, zapisy z\u0142o\u017cone przed terminem rozpocz\u0119cia rekrutacji nie b\u0119d\u0105 uwzgl\u0119dnione!)<\/strong><br \/>\n<strong>Start:<\/strong> 4 marca<\/p>\n<p>&nbsp;<\/p>\n<hr \/>\n<h4>PROGRAM NASZ SPORTOWY FYRTEL NA TERENIE REJONU NR 2 PRZEZNACZONY JEST DLA MIESZKA\u0143C\u00d3W KIEKRZA, KRZY\u017bOWNIK \u2013 SMOCHOWIC, PODOLAN ORAZ STRZESZYNA.<\/h4>\n<h4>UDZIA\u0141 W ZAJ\u0118CIACH CZY INNYCH AKTYWNO\u015aCIACH W RAMACH PROGRAMU NASZ SPORTOWY FYRTEL R\u00d3WNOZNACZNY JEST Z AKCEPTACJ\u0104 REGULAMINU PO UZUPE\u0141NIENIU O\u015aWIADCZENIA UCZESTNIKA ZAJ\u0118\u0106, KT\u00d3RE NALE\u017bY PRZED ROZPOCZ\u0118CIEM ZAJ\u0118\u0106 PRZEKAZA\u0106 INSTRUKTOROWI.<\/h4>\n<h4><a href=\"https:\/\/sportowyfyrtel.pl\/wp-content\/uploads\/2024\/02\/WZOR-3_Oswiadczenie-uczestnika-zajec-2024_NSF_F2.pdf\">O\u015aWIADCZENIE UCZESTNIKA ZAJ\u0118\u0106 DO POBRANIA<\/a><\/h4>\n<h4><a href=\"https:\/\/sportowyfyrtel.pl\/2\/godziny-zajec\/\">AKTUALNY HARMONOGRAM ZAJ\u0118\u0106<\/a><\/h4>\n<h4>PROBLEMY, PYTANIA I W\u0104TPLIWO\u015aCI: 2@sportowyfyrtel.pl<\/h4>\n","protected":false},"excerpt":{"rendered":"<p>Czo\u0142em Fyrtel nr 2! Nie zwalniamy tempa i zapraszamy dzieci, m\u0142odzie\u017c, doros\u0142ych i senior\u00f3w zamieszkuj\u0105cych rejon Kiekrz, Krzy\u017cowniki \u2013 Smochowice, Podolany oraz Strzeszyn do udzia\u0142u w kolejnych darmowych zaj\u0119ciach sportowych, kt\u00f3re w wyniku wsp\u00f3\u0142pracy z Radami Osiedla po raz kolejny ale mamy nadziej\u0119 nie ostatni go\u015bci\u0107 b\u0119d\u0105 na terenie Waszej dzielnicy! Pami\u0119tajcie, \u017ce udzia\u0142 w [&#8230;]<\/p>\n<p><a class=\"btn btn-secondary understrap-read-more-link\" href=\"https:\/\/sportowyfyrtel.pl\/2\/2024\/02\/20\/zapraszamy-na-zajecia-typu-uwazny-ruch-praktyka-mindfulness-na-terenie-studia-twoja-przestrzen-przy-ul-fieldorfa-6-1\/\">Czytaj dalej\u2026<\/a><\/p>\n","protected":false},"author":9,"featured_media":0,"comment_status":"closed","ping_status":"closed","sticky":false,"template":"","format":"standard","meta":{"footnotes":""},"categories":[1],"tags":[],"_links":{"self":[{"href":"https:\/\/sportowyfyrtel.pl\/2\/wp-json\/wp\/v2\/posts\/1042"}],"collection":[{"href":"https:\/\/sportowyfyrtel.pl\/2\/wp-json\/wp\/v2\/posts"}],"about":[{"href":"https:\/\/sportowyfyrtel.pl\/2\/wp-json\/wp\/v2\/types\/post"}],"author":[{"embeddable":true,"href":"https:\/\/sportowyfyrtel.pl\/2\/wp-json\/wp\/v2\/users\/9"}],"replies":[{"embeddable":true,"href":"https:\/\/sportowyfyrtel.pl\/2\/wp-json\/wp\/v2\/comments?post=1042"}],"version-history":[{"count":1,"href":"https:\/\/sportowyfyrtel.pl\/2\/wp-json\/wp\/v2\/posts\/1042\/revisions"}],"predecessor-version":[{"id":1043,"href":"https:\/\/sportowyfyrtel.pl\/2\/wp-json\/wp\/v2\/posts\/1042\/revisions\/1043"}],"wp:attachment":[{"href":"https:\/\/sportowyfyrtel.pl\/2\/wp-json\/wp\/v2\/media?parent=1042"}],"wp:term":[{"taxonomy":"category","embeddable":true,"href":"https:\/\/sportowyfyrtel.pl\/2\/wp-json\/wp\/v2\/categories?post=1042"},{"taxonomy":"post_tag","embeddable":true,"href":"https:\/\/sportowyfyrtel.pl\/2\/wp-json\/wp\/v2\/tags?post=1042"}],"curies":[{"name":"wp","href":"https:\/\/api.w.org\/{rel}","templated":true}]}}