{"id":1013,"date":"2024-02-18T21:16:07","date_gmt":"2024-02-18T20:16:07","guid":{"rendered":"https:\/\/sportowyfyrtel.pl\/2\/?p=1013"},"modified":"2024-02-18T21:16:07","modified_gmt":"2024-02-18T20:16:07","slug":"zajecia-typu-ksztaltowanie-sylwetki-oraz-stretching-powracaja-do-sali-przy-ul-mrzezynskiej-10","status":"publish","type":"post","link":"https:\/\/sportowyfyrtel.pl\/2\/2024\/02\/18\/zajecia-typu-ksztaltowanie-sylwetki-oraz-stretching-powracaja-do-sali-przy-ul-mrzezynskiej-10\/","title":{"rendered":"Zaj\u0119cia typu Kszta\u0142towanie Sylwetki oraz Stretching powracaj\u0105 do sali przy ul. Mrze\u017cy\u0144skiej 10!"},"content":{"rendered":"<p>Czo\u0142em Fyrtel nr 2! Nie zwalniamy tempa i zapraszamy dzieci, m\u0142odzie\u017c, doros\u0142ych i senior\u00f3w zamieszkuj\u0105cych rejon Kiekrz, Krzy\u017cowniki \u2013 Smochowice, Podolany oraz Strzeszyn do udzia\u0142u w kolejnych darmowych zaj\u0119ciach sportowych, kt\u00f3re w wyniku wsp\u00f3\u0142pracy z Radami Osiedla po raz kolejny ale mamy nadziej\u0119 nie ostatni go\u015bci\u0107 b\u0119d\u0105 na terenie Waszej dzielnicy!<\/p>\n<p>Pami\u0119tajcie, \u017ce udzia\u0142 w naszych zaj\u0119ciach mo\u017cliwy jest tylko i wy\u0142\u0105cznie po wype\u0142nieniu o\u015bwiadczenia, kt\u00f3re nale\u017cy przekaza\u0107 trenerom czy instruktorom przed pierwszymi zaj\u0119ciami. Deklaracj\u0119 uczestnika zaj\u0119\u0107 w ramach programu Nasz Sportowy Fyrtel znajdziecie\u00a0<a href=\"https:\/\/sportowyfyrtel.pl\/wp-content\/uploads\/2024\/02\/WZOR-3_Oswiadczenie-uczestnika-zajec-2024_NSF_F2.pdf\">TUTAJ<\/a>, wype\u0142nijcie j\u0105 w domu, zabierzcie ze sob\u0105, a potem dajcie z siebie wszystko!<\/p>\n<hr \/>\n<h3><\/h3>\n<p>&nbsp;<\/p>\n<h3><strong>KSZTA\u0141TOWANIE SYLWETKI<\/strong><\/h3>\n<p>Zaj\u0119cia typu \u201eKszta\u0142towanie Sylwetki\u201d w ramach programu Nasz Sportowy Fyrtel to kompleksowy program treningowy, skoncentrowany na formowaniu i poprawie sylwetki poprzez zr\u00f3wnowa\u017cone podej\u015bcie do aktywno\u015bci fizycznej i zdrowego stylu \u017cycia. Podczas tych zaj\u0119\u0107, uczestnicy maj\u0105 okazj\u0119 skorzysta\u0107 z r\u00f3\u017cnorodnych form treningu, obejmuj\u0105cych zar\u00f3wno \u0107wiczenia si\u0142owe, jak i kardio, a tak\u017ce elementy treningu interwa\u0142owego oraz funkcjonalnego.<\/p>\n<p>Zaawansowane techniki treningowe oraz zr\u00f3\u017cnicowane zestawy \u0107wicze\u0144 pozwalaj\u0105 na skuteczne wzmacnianie mi\u0119\u015bni, redukcj\u0119 tkanki t\u0142uszczowej oraz popraw\u0119 wytrzyma\u0142o\u015bci i elastyczno\u015bci cia\u0142a. Instruktorzy prowadz\u0105cy zaj\u0119cia, posiadaj\u0105cy odpowiednie kwalifikacje i do\u015bwiadczenie, zapewniaj\u0105 indywidualne podej\u015bcie do ka\u017cdej osoby, dostosowuj\u0105c intensywno\u015b\u0107 treningu oraz rodzaj \u0107wicze\u0144 do aktualnych cel\u00f3w i kondycji fizycznej uczestnik\u00f3w.<\/p>\n<p>Kszta\u0142towanie Sylwetki w ramach Naszego Sportowego Fyrtla to nie tylko skuteczna droga do osi\u0105gni\u0119cia wymarzonej formy fizycznej, ale tak\u017ce mo\u017cliwo\u015b\u0107 poznania zasad zdrowego od\u017cywiania i stylu \u017cycia, kt\u00f3re wspieraj\u0105 utrzymanie trwa\u0142ych efekt\u00f3w. To tak\u017ce okazja do integracji spo\u0142ecznej, wymiany do\u015bwiadcze\u0144 oraz wsp\u00f3lnego d\u0105\u017cenia do lepszej kondycji i samopoczucia.<\/p>\n<p><strong>Lokalizacja:<\/strong> Sala przy ul. Mrze\u017cy\u0144skiej 10<br \/>\n<strong>Termin:<\/strong> czwartki w godzinach 10:00 &#8211; 11:00<br \/>\n<strong>Zapisy:<\/strong>\u00a0w formie SMS pod nr tel. 692007014\u00a0<strong>(21 lutego od godziny 10:00 dla os\u00f3b, kt\u00f3re do tej pory nie uczestniczy\u0142y w danych zaj\u0119ciach, od 22 lutego od godziny 10:00 dla pozosta\u0142ych uczestnik\u00f3w, zapisy z\u0142o\u017cone przed terminem rozpocz\u0119cia rekrutacji nie b\u0119d\u0105 uwzgl\u0119dnione!)<\/strong><br \/>\n<strong>Start:<\/strong>\u00a026 lutego<\/p>\n<p>&nbsp;<\/p>\n<h3><strong>STRETCHING<\/strong><\/h3>\n<p>Zaj\u0119cia typu Stretching w ramach programu Nasz Sportowy Fyrtel to doskona\u0142a okazja do poprawy elastyczno\u015bci, relaksu oraz og\u00f3lnej kondycji fizycznej. Podczas tych zaj\u0119\u0107 uczestnicy wykonuj\u0105 r\u00f3\u017cnorodne techniki rozci\u0105gania, kt\u00f3re \u0142agodz\u0105 napi\u0119cia mi\u0119\u015bniowe, poprawiaj\u0105 zakres ruchu w stawach oraz przynosz\u0105 uczucie odpr\u0119\u017cenia i lekko\u015bci. Instruktorzy prowadz\u0105cy zaj\u0119cia skupiaj\u0105 si\u0119 na odpowiednim wyd\u0142u\u017caniu mi\u0119\u015bni, zach\u0119caj\u0105c do g\u0142\u0119bokiego oddechu i skupienia uwagi na ciele. Stretching w ramach Naszego Sportowego Fyrtla to nie tylko spos\u00f3b na regeneracj\u0119 po intensywnym treningu, ale tak\u017ce wa\u017cny element dba\u0142o\u015bci o zdrowie i elastyczno\u015b\u0107 cia\u0142a na co dzie\u0144. Do\u0142\u0105cz do nas i poczuj korzy\u015bci p\u0142yn\u0105ce z regularnej praktyki rozci\u0105gania &#8211; daj swojemu cia\u0142u mo\u017cliwo\u015b\u0107 rozlu\u017anienia si\u0119 i odzyskania spr\u0119\u017cysto\u015bci!<\/p>\n<p><strong>Lokalizacja:<\/strong> Sala przy ul. Mrze\u017cy\u0144skiej 10<br \/>\n<strong>Termin:<\/strong> czwartki w godzinach 11:00 &#8211; 12:00<br \/>\n<strong>Zapisy:<\/strong>\u00a0w formie SMS pod nr tel. 692007014\u00a0<strong>(21 lutego od godziny 10:00 dla os\u00f3b, kt\u00f3re do tej pory nie uczestniczy\u0142y w danych zaj\u0119ciach, od 22 lutego od godziny 10:00 dla pozosta\u0142ych uczestnik\u00f3w, zapisy z\u0142o\u017cone przed terminem rozpocz\u0119cia rekrutacji nie b\u0119d\u0105 uwzgl\u0119dnione!)<\/strong><br \/>\n<strong>Start:<\/strong>\u00a026 lutego<\/p>\n<p>&nbsp;<\/p>\n<hr \/>\n<h4>PROGRAM NASZ SPORTOWY FYRTEL NA TERENIE REJONU NR 2 PRZEZNACZONY JEST DLA MIESZKA\u0143C\u00d3W KIEKRZA, KRZY\u017bOWNIK \u2013 SMOCHOWIC, PODOLAN ORAZ STRZESZYNA.<\/h4>\n<h4>UDZIA\u0141 W ZAJ\u0118CIACH CZY INNYCH AKTYWNO\u015aCIACH W RAMACH PROGRAMU NASZ SPORTOWY FYRTEL R\u00d3WNOZNACZNY JEST Z AKCEPTACJ\u0104 REGULAMINU PO UZUPE\u0141NIENIU O\u015aWIADCZENIA UCZESTNIKA ZAJ\u0118\u0106, KT\u00d3RE NALE\u017bY PRZED ROZPOCZ\u0118CIEM ZAJ\u0118\u0106 PRZEKAZA\u0106 INSTRUKTOROWI.<\/h4>\n<h4><a href=\"https:\/\/sportowyfyrtel.pl\/wp-content\/uploads\/2024\/02\/WZOR-3_Oswiadczenie-uczestnika-zajec-2024_NSF_F2.pdf\">O\u015aWIADCZENIE UCZESTNIKA ZAJ\u0118\u0106 DO POBRANIA<\/a><\/h4>\n<h4><a href=\"https:\/\/sportowyfyrtel.pl\/2\/godziny-zajec\/\">AKTUALNY HARMONOGRAM ZAJ\u0118\u0106<\/a><\/h4>\n<h4>PROBLEMY, PYTANIA I W\u0104TPLIWO\u015aCI: 2@sportowyfyrtel.pl<\/h4>\n","protected":false},"excerpt":{"rendered":"<p>Czo\u0142em Fyrtel nr 2! Nie zwalniamy tempa i zapraszamy dzieci, m\u0142odzie\u017c, doros\u0142ych i senior\u00f3w zamieszkuj\u0105cych rejon Kiekrz, Krzy\u017cowniki \u2013 Smochowice, Podolany oraz Strzeszyn do udzia\u0142u w kolejnych darmowych zaj\u0119ciach sportowych, kt\u00f3re w wyniku wsp\u00f3\u0142pracy z Radami Osiedla po raz kolejny ale mamy nadziej\u0119 nie ostatni go\u015bci\u0107 b\u0119d\u0105 na terenie Waszej dzielnicy! Pami\u0119tajcie, \u017ce udzia\u0142 w [&#8230;]<\/p>\n<p><a class=\"btn btn-secondary understrap-read-more-link\" href=\"https:\/\/sportowyfyrtel.pl\/2\/2024\/02\/18\/zajecia-typu-ksztaltowanie-sylwetki-oraz-stretching-powracaja-do-sali-przy-ul-mrzezynskiej-10\/\">Czytaj dalej\u2026<\/a><\/p>\n","protected":false},"author":9,"featured_media":0,"comment_status":"closed","ping_status":"closed","sticky":false,"template":"","format":"standard","meta":{"footnotes":""},"categories":[1],"tags":[],"_links":{"self":[{"href":"https:\/\/sportowyfyrtel.pl\/2\/wp-json\/wp\/v2\/posts\/1013"}],"collection":[{"href":"https:\/\/sportowyfyrtel.pl\/2\/wp-json\/wp\/v2\/posts"}],"about":[{"href":"https:\/\/sportowyfyrtel.pl\/2\/wp-json\/wp\/v2\/types\/post"}],"author":[{"embeddable":true,"href":"https:\/\/sportowyfyrtel.pl\/2\/wp-json\/wp\/v2\/users\/9"}],"replies":[{"embeddable":true,"href":"https:\/\/sportowyfyrtel.pl\/2\/wp-json\/wp\/v2\/comments?post=1013"}],"version-history":[{"count":1,"href":"https:\/\/sportowyfyrtel.pl\/2\/wp-json\/wp\/v2\/posts\/1013\/revisions"}],"predecessor-version":[{"id":1014,"href":"https:\/\/sportowyfyrtel.pl\/2\/wp-json\/wp\/v2\/posts\/1013\/revisions\/1014"}],"wp:attachment":[{"href":"https:\/\/sportowyfyrtel.pl\/2\/wp-json\/wp\/v2\/media?parent=1013"}],"wp:term":[{"taxonomy":"category","embeddable":true,"href":"https:\/\/sportowyfyrtel.pl\/2\/wp-json\/wp\/v2\/categories?post=1013"},{"taxonomy":"post_tag","embeddable":true,"href":"https:\/\/sportowyfyrtel.pl\/2\/wp-json\/wp\/v2\/tags?post=1013"}],"curies":[{"name":"wp","href":"https:\/\/api.w.org\/{rel}","templated":true}]}}