{"id":844,"date":"2025-03-04T12:34:12","date_gmt":"2025-03-04T11:34:12","guid":{"rendered":"https:\/\/sportowyfyrtel.pl\/1\/?p=844"},"modified":"2025-03-04T12:34:12","modified_gmt":"2025-03-04T11:34:12","slug":"sporty-walki-3","status":"publish","type":"post","link":"https:\/\/sportowyfyrtel.pl\/1\/2025\/03\/04\/sporty-walki-3\/","title":{"rendered":"SPORTY WALKI!"},"content":{"rendered":"<p><strong>Zapraszamy do zapis\u00f3w na sporty walki!<\/strong><\/p>\n<p>Lokalizacja: SamolewskiGym, os Przyja\u017ani 132C!<\/p>\n<p><strong>Sporty walki dla doros\u0142ych:<\/strong><\/p>\n<p>Godz. 18 00 &#8211; 19 00 poniedzia\u0142ek, wtorek, \u015broda, czwartek, pi\u0105tek<\/p>\n<p>Godz. 10 00 &#8211; 11 00 sobota <strong>sporty walki dla rodzic + dziecko<\/strong><\/p>\n<p>Zapisy poprzez wys\u0142anie SMS na numer <strong>605 147 785<\/strong><\/p>\n<p><strong>START ZAPIS\u00d3W!<\/strong><\/p>\n<div class=\"html-div xdj266r x11i5rnm xat24cr x1mh8g0r xexx8yu x4uap5 x18d9i69 xkhd6sd\" tabindex=\"-1\">\n<ul>\n<li class=\"html-li xdj266r x11i5rnm xat24cr x1mh8g0r xexx8yu x4uap5 x18d9i69 xkhd6sd x1n2onr6 x1sle589\">\n<div class=\"html-div xdj266r x11i5rnm x1mh8g0r xexx8yu x4uap5 x18d9i69 xkhd6sd x1e56ztr\"><span class=\"x193iq5w xeuugli x13faqbe x1vvkbs xlh3980 xvmahel x1n0sxbx x6prxxf xvq8zen xo1l8bm xzsf02u\">od pi\u0105tku, 07.03.2025 r. od godz. 9.00 \u2013 dla nowych os\u00f3b!<\/span><\/div>\n<\/li>\n<li class=\"html-li xdj266r x11i5rnm xat24cr x1mh8g0r xexx8yu x4uap5 x18d9i69 xkhd6sd x1n2onr6 x1sle589\">\n<div class=\"html-div xdj266r x11i5rnm x1mh8g0r xexx8yu x4uap5 x18d9i69 xkhd6sd x1e56ztr\"><span class=\"x193iq5w xeuugli x13faqbe x1vvkbs xlh3980 xvmahel x1n0sxbx x6prxxf xvq8zen xo1l8bm xzsf02u\">od pi\u0105tku, 07.03.2025 r. od godz. 13.00 \u2013 dla os\u00f3b \u0107wicz\u0105cych w ubieg\u0142ym roku!<\/span><\/div>\n<\/li>\n<\/ul>\n<\/div>\n<p><strong>W tre\u015bci sms prosz\u0119 wpisa\u0107: imi\u0119 i nazwisko, dzie\u0144 oraz godzina zaj\u0119\u0107!<\/strong><\/p>\n<p><strong>START ZAJ\u0118\u0106 10.03.25!<\/strong><\/p>\n","protected":false},"excerpt":{"rendered":"<p>Zapraszamy do zapis\u00f3w na sporty walki! Lokalizacja: SamolewskiGym, os Przyja\u017ani 132C! Sporty walki dla doros\u0142ych: Godz. 18 00 &#8211; 19 00 poniedzia\u0142ek, wtorek, \u015broda, czwartek, pi\u0105tek Godz. 10 00 &#8211; 11 00 sobota sporty walki dla rodzic + dziecko Zapisy poprzez wys\u0142anie SMS na numer 605 147 785 START ZAPIS\u00d3W! od pi\u0105tku, 07.03.2025 r. od [&#8230;]<\/p>\n<p><a class=\"btn btn-secondary understrap-read-more-link\" href=\"https:\/\/sportowyfyrtel.pl\/1\/2025\/03\/04\/sporty-walki-3\/\">Czytaj dalej\u2026<\/a><\/p>\n","protected":false},"author":8,"featured_media":0,"comment_status":"closed","ping_status":"closed","sticky":false,"template":"","format":"standard","meta":{"footnotes":""},"categories":[1],"tags":[],"class_list":["post-844","post","type-post","status-publish","format-standard","hentry","category-bez-kategorii"],"_links":{"self":[{"href":"https:\/\/sportowyfyrtel.pl\/1\/wp-json\/wp\/v2\/posts\/844","targetHints":{"allow":["GET"]}}],"collection":[{"href":"https:\/\/sportowyfyrtel.pl\/1\/wp-json\/wp\/v2\/posts"}],"about":[{"href":"https:\/\/sportowyfyrtel.pl\/1\/wp-json\/wp\/v2\/types\/post"}],"author":[{"embeddable":true,"href":"https:\/\/sportowyfyrtel.pl\/1\/wp-json\/wp\/v2\/users\/8"}],"replies":[{"embeddable":true,"href":"https:\/\/sportowyfyrtel.pl\/1\/wp-json\/wp\/v2\/comments?post=844"}],"version-history":[{"count":2,"href":"https:\/\/sportowyfyrtel.pl\/1\/wp-json\/wp\/v2\/posts\/844\/revisions"}],"predecessor-version":[{"id":846,"href":"https:\/\/sportowyfyrtel.pl\/1\/wp-json\/wp\/v2\/posts\/844\/revisions\/846"}],"wp:attachment":[{"href":"https:\/\/sportowyfyrtel.pl\/1\/wp-json\/wp\/v2\/media?parent=844"}],"wp:term":[{"taxonomy":"category","embeddable":true,"href":"https:\/\/sportowyfyrtel.pl\/1\/wp-json\/wp\/v2\/categories?post=844"},{"taxonomy":"post_tag","embeddable":true,"href":"https:\/\/sportowyfyrtel.pl\/1\/wp-json\/wp\/v2\/tags?post=844"}],"curies":[{"name":"wp","href":"https:\/\/api.w.org\/{rel}","templated":true}]}}