{"id":841,"date":"2025-03-04T12:23:51","date_gmt":"2025-03-04T11:23:51","guid":{"rendered":"https:\/\/sportowyfyrtel.pl\/1\/?p=841"},"modified":"2025-03-04T12:23:51","modified_gmt":"2025-03-04T11:23:51","slug":"pilka-siatkowa-dla-dzieci","status":"publish","type":"post","link":"https:\/\/sportowyfyrtel.pl\/1\/2025\/03\/04\/pilka-siatkowa-dla-dzieci\/","title":{"rendered":"PI\u0141KA SIATKOWA DLA DZIECI!!!"},"content":{"rendered":"<p>PI\u0141KA SIATKOWA DLA DZIECI!<\/p>\n<p><strong>Lokalizacja: Sp 29, o\u015b Pod Lipami 106<\/strong><\/p>\n<div class=\"html-div xdj266r x11i5rnm xat24cr x1mh8g0r xexx8yu x4uap5 x18d9i69 xkhd6sd\" tabindex=\"-1\">\n<div class=\"html-div xdj266r x11i5rnm x1mh8g0r xexx8yu x4uap5 x18d9i69 xkhd6sd x1e56ztr\"><span class=\"x193iq5w xeuugli x13faqbe x1vvkbs xlh3980 xvmahel x1n0sxbx x6prxxf xvq8zen xo1l8bm xzsf02u\">Godz. 16 00 &#8211; 17 00 poniedzia\u0142ek (5,6 klasa)<\/span><\/div>\n<\/div>\n<div class=\"html-div xdj266r x11i5rnm xat24cr x1mh8g0r xexx8yu x4uap5 x18d9i69 xkhd6sd\" tabindex=\"-1\">\n<div class=\"html-div xdj266r x11i5rnm x1mh8g0r xexx8yu x4uap5 x18d9i69 xkhd6sd x1e56ztr\"><span class=\"x193iq5w xeuugli x13faqbe x1vvkbs xlh3980 xvmahel x1n0sxbx x6prxxf xvq8zen xo1l8bm xzsf02u\">Godz. 16 00 &#8211; 17 00, 17 00 &#8211; 18 00 wtorek (5,6 klasa)<\/span><\/div>\n<div>Godz. 14 30 &#8211; 15 30 \u015broda (6-8 lat)<\/div>\n<div>Zapisy odbywaj\u0105 si\u0119 telefonicznie pod numerem <strong>501 623 113<\/strong><\/div>\n<div>\n<div class=\"html-div xdj266r x11i5rnm xat24cr x1mh8g0r xexx8yu x4uap5 x18d9i69 xkhd6sd\" tabindex=\"-1\">\n<ul>\n<li class=\"html-li xdj266r x11i5rnm xat24cr x1mh8g0r xexx8yu x4uap5 x18d9i69 xkhd6sd x1n2onr6 x1sle589\">\n<div class=\"html-div xdj266r x11i5rnm x1mh8g0r xexx8yu x4uap5 x18d9i69 xkhd6sd x1e56ztr\"><strong><span class=\"x193iq5w xeuugli x13faqbe x1vvkbs xlh3980 xvmahel x1n0sxbx x6prxxf xvq8zen xo1l8bm xzsf02u\">Start zapis\u00f3w od pi\u0105tku, 07.03.2025 r. od godz. 9.00 \u2013 dla nowych os\u00f3b<\/span><\/strong><\/div>\n<\/li>\n<\/ul>\n<\/div>\n<div class=\"html-div xdj266r x11i5rnm xat24cr x1mh8g0r xexx8yu x4uap5 x18d9i69 xkhd6sd\" tabindex=\"-1\">\n<ul>\n<li class=\"html-li xdj266r x11i5rnm xat24cr x1mh8g0r xexx8yu x4uap5 x18d9i69 xkhd6sd x1n2onr6 x1sle589\">\n<div class=\"html-div xdj266r x11i5rnm x1mh8g0r xexx8yu x4uap5 x18d9i69 xkhd6sd x1e56ztr\"><strong><span class=\"x193iq5w xeuugli x13faqbe x1vvkbs xlh3980 xvmahel x1n0sxbx x6prxxf xvq8zen xo1l8bm xzsf02u\">Start zapis\u00f3w od pi\u0105tku, 07.03.2025 r. od godz. 13.00 \u2013 dla os\u00f3b \u0107wicz\u0105cych w ubieg\u0142ym roku.\u00a0<\/span><\/strong><\/div>\n<\/li>\n<\/ul>\n<p><strong>Start zaj\u0119\u0107 10.03.25, zaj\u0119cia przeznaczone wy\u0142\u0105cznie dla mieszka\u0144c\u00f3w Winograd!<\/strong><\/p>\n<\/div>\n<\/div>\n<\/div>\n","protected":false},"excerpt":{"rendered":"<p>PI\u0141KA SIATKOWA DLA DZIECI! Lokalizacja: Sp 29, o\u015b Pod Lipami 106 Godz. 16 00 &#8211; 17 00 poniedzia\u0142ek (5,6 klasa) Godz. 16 00 &#8211; 17 00, 17 00 &#8211; 18 00 wtorek (5,6 klasa) Godz. 14 30 &#8211; 15 30 \u015broda (6-8 lat) Zapisy odbywaj\u0105 si\u0119 telefonicznie pod numerem 501 623 113 Start zapis\u00f3w od [&#8230;]<\/p>\n<p><a class=\"btn btn-secondary understrap-read-more-link\" href=\"https:\/\/sportowyfyrtel.pl\/1\/2025\/03\/04\/pilka-siatkowa-dla-dzieci\/\">Czytaj dalej\u2026<\/a><\/p>\n","protected":false},"author":8,"featured_media":0,"comment_status":"closed","ping_status":"closed","sticky":false,"template":"","format":"standard","meta":{"footnotes":""},"categories":[1],"tags":[],"class_list":["post-841","post","type-post","status-publish","format-standard","hentry","category-bez-kategorii"],"_links":{"self":[{"href":"https:\/\/sportowyfyrtel.pl\/1\/wp-json\/wp\/v2\/posts\/841","targetHints":{"allow":["GET"]}}],"collection":[{"href":"https:\/\/sportowyfyrtel.pl\/1\/wp-json\/wp\/v2\/posts"}],"about":[{"href":"https:\/\/sportowyfyrtel.pl\/1\/wp-json\/wp\/v2\/types\/post"}],"author":[{"embeddable":true,"href":"https:\/\/sportowyfyrtel.pl\/1\/wp-json\/wp\/v2\/users\/8"}],"replies":[{"embeddable":true,"href":"https:\/\/sportowyfyrtel.pl\/1\/wp-json\/wp\/v2\/comments?post=841"}],"version-history":[{"count":2,"href":"https:\/\/sportowyfyrtel.pl\/1\/wp-json\/wp\/v2\/posts\/841\/revisions"}],"predecessor-version":[{"id":843,"href":"https:\/\/sportowyfyrtel.pl\/1\/wp-json\/wp\/v2\/posts\/841\/revisions\/843"}],"wp:attachment":[{"href":"https:\/\/sportowyfyrtel.pl\/1\/wp-json\/wp\/v2\/media?parent=841"}],"wp:term":[{"taxonomy":"category","embeddable":true,"href":"https:\/\/sportowyfyrtel.pl\/1\/wp-json\/wp\/v2\/categories?post=841"},{"taxonomy":"post_tag","embeddable":true,"href":"https:\/\/sportowyfyrtel.pl\/1\/wp-json\/wp\/v2\/tags?post=841"}],"curies":[{"name":"wp","href":"https:\/\/api.w.org\/{rel}","templated":true}]}}