{"id":820,"date":"2025-02-20T09:25:25","date_gmt":"2025-02-20T08:25:25","guid":{"rendered":"https:\/\/sportowyfyrtel.pl\/1\/?p=820"},"modified":"2025-02-20T09:25:25","modified_gmt":"2025-02-20T08:25:25","slug":"ruszamy-z-rekrutacja-na-nowe-zajecia-fitness-akrobatyka-dla-dzieci-zajecia-dla-mam-z-malymi-dziecmi-mobility-rozciaganie","status":"publish","type":"post","link":"https:\/\/sportowyfyrtel.pl\/1\/2025\/02\/20\/ruszamy-z-rekrutacja-na-nowe-zajecia-fitness-akrobatyka-dla-dzieci-zajecia-dla-mam-z-malymi-dziecmi-mobility-rozciaganie\/","title":{"rendered":"Ruszamy z rekrutacj\u0105 na nowe zaj\u0119cia! Fitness, akrobatyka dla dzieci, zaj\u0119cia dla mam z ma\u0142ymi dzie\u0107mi, mobility &#8211; rozci\u0105ganie"},"content":{"rendered":"<div class=\"x11i5rnm xat24cr x1mh8g0r x1vvkbs xtlvy1s x126k92a\">\n<div dir=\"auto\">Zapraszamy na zaj\u0119cia:<\/div>\n<div dir=\"auto\"><strong>Poniedzia\u0142ek godz 18 00 &#8211; Fitness<\/strong><\/div>\n<div dir=\"auto\">(DK Wiktoria)os. Zwyci\u0119stwa 125<\/div>\n<div dir=\"auto\"><strong>Wtorek godz 16 00, 17 00 &#8211; akrobatyka dla dzieci<\/strong><\/div>\n<div dir=\"auto\">(ODK Bajka)os. Wichrowe Wzg\u00f3rze 124<\/div>\n<div dir=\"auto\"><strong>\u015aroda godz 9 30 &#8211; zaj\u0119cia dla mam z ma\u0142ymi dzie\u0107mi<\/strong><\/div>\n<div dir=\"auto\">(ODK Pod Lipami) aleja Pod Lipami 108A<\/div>\n<div dir=\"auto\"><strong>Czwartek godz 16 00, 17 00 &#8211; akrobatyka dla dzieci<\/strong><\/div>\n<div dir=\"auto\"><strong>godz 18 00 &#8211; fitness<\/strong><\/div>\n<div dir=\"auto\"><strong>godz 19 00 &#8211; Pilates &#8211; rozci\u0105ganie<\/strong><\/div>\n<div dir=\"auto\">(ODK Bajka)os. Wichrowe Wzg\u00f3rze 124<\/div>\n<\/div>\n<div class=\"x11i5rnm xat24cr x1mh8g0r x1vvkbs xtlvy1s x126k92a\">\n<div dir=\"auto\"><strong>ZAPISY NA ZAJ\u0118CIA PO PRZEZ SMS nr 792 902 595<\/strong><\/div>\n<div dir=\"auto\">W tre\u015bci sms podajemy imi\u0119 i nazwisko, rodzaj zaj\u0119\u0107, dzie\u0144 i godz. zaj\u0119\u0107 oraz miejsce zaj\u0119\u0107<\/div>\n<div dir=\"auto\"><strong>26.02.25 godz 9:00<\/strong> &#8211; start zapis\u00f3w dla nowych os\u00f3b<\/div>\n<div dir=\"auto\"><strong>27.02.25 godz 9:00<\/strong> &#8211; start zapis\u00f3w dla os\u00f3b kt\u00f3re bra\u0142y udzia\u0142 w edycji jesiennej<\/div>\n<div dir=\"auto\"><\/div>\n<div dir=\"auto\">SMS WYS\u0141ANE PRZED GODZ 9:00 NIE B\u0118D\u0104 BRANE POD UWAG\u0118!<\/div>\n<div dir=\"auto\"><strong>START ZAJ\u0118\u0106 03.03.2025<\/strong><\/div>\n<\/div>\n","protected":false},"excerpt":{"rendered":"<p>Zapraszamy na zaj\u0119cia: Poniedzia\u0142ek godz 18 00 &#8211; Fitness (DK Wiktoria)os. Zwyci\u0119stwa 125 Wtorek godz 16 00, 17 00 &#8211; akrobatyka dla dzieci (ODK Bajka)os. Wichrowe Wzg\u00f3rze 124 \u015aroda godz 9 30 &#8211; zaj\u0119cia dla mam z ma\u0142ymi dzie\u0107mi (ODK Pod Lipami) aleja Pod Lipami 108A Czwartek godz 16 00, 17 00 &#8211; akrobatyka dla [&#8230;]<\/p>\n<p><a class=\"btn btn-secondary understrap-read-more-link\" href=\"https:\/\/sportowyfyrtel.pl\/1\/2025\/02\/20\/ruszamy-z-rekrutacja-na-nowe-zajecia-fitness-akrobatyka-dla-dzieci-zajecia-dla-mam-z-malymi-dziecmi-mobility-rozciaganie\/\">Czytaj dalej\u2026<\/a><\/p>\n","protected":false},"author":8,"featured_media":0,"comment_status":"closed","ping_status":"closed","sticky":false,"template":"","format":"standard","meta":{"footnotes":""},"categories":[1],"tags":[],"class_list":["post-820","post","type-post","status-publish","format-standard","hentry","category-bez-kategorii"],"_links":{"self":[{"href":"https:\/\/sportowyfyrtel.pl\/1\/wp-json\/wp\/v2\/posts\/820","targetHints":{"allow":["GET"]}}],"collection":[{"href":"https:\/\/sportowyfyrtel.pl\/1\/wp-json\/wp\/v2\/posts"}],"about":[{"href":"https:\/\/sportowyfyrtel.pl\/1\/wp-json\/wp\/v2\/types\/post"}],"author":[{"embeddable":true,"href":"https:\/\/sportowyfyrtel.pl\/1\/wp-json\/wp\/v2\/users\/8"}],"replies":[{"embeddable":true,"href":"https:\/\/sportowyfyrtel.pl\/1\/wp-json\/wp\/v2\/comments?post=820"}],"version-history":[{"count":3,"href":"https:\/\/sportowyfyrtel.pl\/1\/wp-json\/wp\/v2\/posts\/820\/revisions"}],"predecessor-version":[{"id":823,"href":"https:\/\/sportowyfyrtel.pl\/1\/wp-json\/wp\/v2\/posts\/820\/revisions\/823"}],"wp:attachment":[{"href":"https:\/\/sportowyfyrtel.pl\/1\/wp-json\/wp\/v2\/media?parent=820"}],"wp:term":[{"taxonomy":"category","embeddable":true,"href":"https:\/\/sportowyfyrtel.pl\/1\/wp-json\/wp\/v2\/categories?post=820"},{"taxonomy":"post_tag","embeddable":true,"href":"https:\/\/sportowyfyrtel.pl\/1\/wp-json\/wp\/v2\/tags?post=820"}],"curies":[{"name":"wp","href":"https:\/\/api.w.org\/{rel}","templated":true}]}}