{"id":818,"date":"2025-02-19T10:17:01","date_gmt":"2025-02-19T09:17:01","guid":{"rendered":"https:\/\/sportowyfyrtel.pl\/1\/?p=818"},"modified":"2025-02-19T10:17:01","modified_gmt":"2025-02-19T09:17:01","slug":"cognicise-cwicz-i-mysl-w-odk-orbita","status":"publish","type":"post","link":"https:\/\/sportowyfyrtel.pl\/1\/2025\/02\/19\/cognicise-cwicz-i-mysl-w-odk-orbita\/","title":{"rendered":"COGNICISE &#8211; \u0106wicz i My\u015bl w ODK ORBITA!!!"},"content":{"rendered":"<div dir=\"auto\"><strong>Nowe Winogrady Wsch\u00f3d, Nowe Winogrady P\u00f3\u0142noc, Nowe Winogrady Po\u0142udnie, Stare Winogrady<\/strong><\/div>\n<div dir=\"auto\"><strong>Zapraszamy na zapisy COGNICISE &#8211; \u0106WICZ i MY\u015aL<\/strong> !<\/div>\n<div dir=\"auto\">S\u0105 to zaj\u0119cia dla os\u00f3b doros\u0142ych. Ide\u0105 zaj\u0119\u0107 jest jednoczesne wykonywanie \u0107wicze\u0144 ruchowych oraz zada\u0144 umys\u0142owych.<\/div>\n<div dir=\"auto\"><\/div>\n<div dir=\"auto\"><strong>Zapisy na zaj\u0119cia wy\u0142\u0105cznie drog\u0105 mailow\u0105 cognicise@wp.pl<\/strong><\/div>\n<div dir=\"auto\">W tre\u015bci maila prosz\u0119 wpisa\u0107 imi\u0119 i nazwisko, numer tel. godzine zaj\u0119\u0107 i co wa\u017cne nale\u017cy dopisa\u0107 <strong>ORBITA<\/strong><\/div>\n<div dir=\"auto\"><\/div>\n<div dir=\"auto\"><span class=\"html-span xexx8yu x4uap5 x18d9i69 xkhd6sd x1hl2dhg x16tdsg8 x1vvkbs x3nfvp2 x1j61x8r x1fcty0u xdj266r xat24cr xgzva0m xhhsvwb xxymvpz xlup9mm x1kky2od\"><strong>Start zaj\u0119\u0107 07.03.25 &#8211; ODK ORBITA, W\u0142odarska 118<\/strong><br \/>\nZaj\u0119cia odbywa\u0107 si\u0119 b\u0119d\u0105 w<strong> PI\u0104TKI<\/strong> w godz<strong> 11 30, 12 30, 13 30<\/strong><br \/>\n<\/span><\/div>\n<div dir=\"auto\"><\/div>\n<div dir=\"auto\"><span class=\"html-span xexx8yu x4uap5 x18d9i69 xkhd6sd x1hl2dhg x16tdsg8 x1vvkbs x3nfvp2 x1j61x8r x1fcty0u xdj266r xat24cr xgzva0m xhhsvwb xxymvpz xlup9mm x1kky2od\"><strong>26.02.25 godz 10 00<\/strong> &#8211; Start zapis\u00f3w dla nowych os\u00f3b<br \/>\n<strong>27.02.25 godz 10 00<\/strong> &#8211; Start zapis\u00f3w dla os\u00f3b kt\u00f3re bra\u0142y udzia\u0142 w edycji jesiennej<br \/>\n<strong>MAILE WYS\u0141ANE PRZED WSKAZANYMI TERMINAMI NIE B\u0118D\u0104 BRANE POD UWAG\u0118 <\/strong><\/span><\/div>\n<div dir=\"auto\"><\/div>\n","protected":false},"excerpt":{"rendered":"<p>Nowe Winogrady Wsch\u00f3d, Nowe Winogrady P\u00f3\u0142noc, Nowe Winogrady Po\u0142udnie, Stare Winogrady Zapraszamy na zapisy COGNICISE &#8211; \u0106WICZ i MY\u015aL ! S\u0105 to zaj\u0119cia dla os\u00f3b doros\u0142ych. Ide\u0105 zaj\u0119\u0107 jest jednoczesne wykonywanie \u0107wicze\u0144 ruchowych oraz zada\u0144 umys\u0142owych. Zapisy na zaj\u0119cia wy\u0142\u0105cznie drog\u0105 mailow\u0105 cognicise@wp.pl W tre\u015bci maila prosz\u0119 wpisa\u0107 imi\u0119 i nazwisko, numer tel. godzine zaj\u0119\u0107 [&#8230;]<\/p>\n<p><a class=\"btn btn-secondary understrap-read-more-link\" href=\"https:\/\/sportowyfyrtel.pl\/1\/2025\/02\/19\/cognicise-cwicz-i-mysl-w-odk-orbita\/\">Czytaj dalej\u2026<\/a><\/p>\n","protected":false},"author":8,"featured_media":0,"comment_status":"closed","ping_status":"closed","sticky":false,"template":"","format":"standard","meta":{"footnotes":""},"categories":[1],"tags":[],"class_list":["post-818","post","type-post","status-publish","format-standard","hentry","category-bez-kategorii"],"_links":{"self":[{"href":"https:\/\/sportowyfyrtel.pl\/1\/wp-json\/wp\/v2\/posts\/818","targetHints":{"allow":["GET"]}}],"collection":[{"href":"https:\/\/sportowyfyrtel.pl\/1\/wp-json\/wp\/v2\/posts"}],"about":[{"href":"https:\/\/sportowyfyrtel.pl\/1\/wp-json\/wp\/v2\/types\/post"}],"author":[{"embeddable":true,"href":"https:\/\/sportowyfyrtel.pl\/1\/wp-json\/wp\/v2\/users\/8"}],"replies":[{"embeddable":true,"href":"https:\/\/sportowyfyrtel.pl\/1\/wp-json\/wp\/v2\/comments?post=818"}],"version-history":[{"count":1,"href":"https:\/\/sportowyfyrtel.pl\/1\/wp-json\/wp\/v2\/posts\/818\/revisions"}],"predecessor-version":[{"id":819,"href":"https:\/\/sportowyfyrtel.pl\/1\/wp-json\/wp\/v2\/posts\/818\/revisions\/819"}],"wp:attachment":[{"href":"https:\/\/sportowyfyrtel.pl\/1\/wp-json\/wp\/v2\/media?parent=818"}],"wp:term":[{"taxonomy":"category","embeddable":true,"href":"https:\/\/sportowyfyrtel.pl\/1\/wp-json\/wp\/v2\/categories?post=818"},{"taxonomy":"post_tag","embeddable":true,"href":"https:\/\/sportowyfyrtel.pl\/1\/wp-json\/wp\/v2\/tags?post=818"}],"curies":[{"name":"wp","href":"https:\/\/api.w.org\/{rel}","templated":true}]}}