{"id":808,"date":"2024-10-01T17:02:52","date_gmt":"2024-10-01T15:02:52","guid":{"rendered":"https:\/\/sportowyfyrtel.pl\/1\/?p=808"},"modified":"2024-10-01T17:02:52","modified_gmt":"2024-10-01T15:02:52","slug":"ostatni-weekend-kajakowy-w-tym-roku","status":"publish","type":"post","link":"https:\/\/sportowyfyrtel.pl\/1\/2024\/10\/01\/ostatni-weekend-kajakowy-w-tym-roku\/","title":{"rendered":"Ostatni weekend kajakowy w tym roku!"},"content":{"rendered":"<p>Serdecznie zapraszamy na dwa ostatnie sp\u0142ywy w tym roku.<\/p>\n<p>05.10.2024r. -SOBOTA godzina 18:00 SP\u0141YW NOCNY co Czerwonaka, oferta tylko dla doros\u0142ych. Rejestracja: <a href=\"https:\/\/forms.gle\/tUMHZo6qJnS2eRTa6\">https:\/\/forms.gle\/tUMHZo6qJnS2eRTa6<\/a><\/p>\n<p>06.10.2024r. NIEDZIELA godzina 10:00 WARTA-CYBINA- WARTA- CZERWONAK (most techniczny ma by\u0107 ju\u017c usuni\u0119ty!) Rejestracja: <a href=\"https:\/\/forms.gle\/YZBV4gS5GX2u92wi8\">https:\/\/forms.gle\/YZBV4gS5GX2u92wi8<\/a><\/p>\n<p>Przy okazji przypominamy r\u00f3wnie\u017c, \u017ce od 7 pa\u017adziernika na stronie <span role=\"gridcell\"><a class=\"x1i10hfl xjbqb8w x1ejq31n xd10rxx x1sy0etr x17r0tee x972fbf xcfux6l x1qhh985 xm0m39n x9f619 x1ypdohk xt0psk2 xe8uvvx xdj266r x11i5rnm xat24cr x1mh8g0r xexx8yu x4uap5 x18d9i69 xkhd6sd x16tdsg8 xggy1nq x1a2a7pz x1s688f x1heor9g x1bvjpef xujl8zx\" tabindex=\"-1\" role=\"link\" href=\"https:\/\/pbo25.um.poznan.pl\/i\/pbo25\/voting?fbclid=IwZXh0bgNhZW0CMTAAAR29xR7MnTq9rsWvdpoY3B_zoJpTHdHpOrXVBmb5xOOHoFr7B9empaush_4_aem_6amJoaMDJOs3VBcTmPQlKg\" target=\"_blank\" rel=\"nofollow noopener noreferrer\">https:\/\/pbo25.um.poznan.pl\/i\/pbo25\/voting<\/a><\/span> rusza g\u0142osowanie na projekty Pozna\u0144skiego Bud\u017cetu Obywatelskiego w kt\u00f3rym walczymy o to aby projekty Nasz Sportowy Fyrtel mog\u0142y by\u0107 nadal kontynuowane. B\u0119dziemy wdzi\u0119czni za oddanie g\u0142osu oraz zach\u0119cenie do tego znajomych i Rodzin\u0119;<\/p>\n","protected":false},"excerpt":{"rendered":"<p>Serdecznie zapraszamy na dwa ostatnie sp\u0142ywy w tym roku. 05.10.2024r. -SOBOTA godzina 18:00 SP\u0141YW NOCNY co Czerwonaka, oferta tylko dla doros\u0142ych. Rejestracja: https:\/\/forms.gle\/tUMHZo6qJnS2eRTa6 06.10.2024r. NIEDZIELA godzina 10:00 WARTA-CYBINA- WARTA- CZERWONAK (most techniczny ma by\u0107 ju\u017c usuni\u0119ty!) Rejestracja: https:\/\/forms.gle\/YZBV4gS5GX2u92wi8 Przy okazji przypominamy r\u00f3wnie\u017c, \u017ce od 7 pa\u017adziernika na stronie https:\/\/pbo25.um.poznan.pl\/i\/pbo25\/voting rusza g\u0142osowanie na projekty Pozna\u0144skiego Bud\u017cetu [&#8230;]<\/p>\n<p><a class=\"btn btn-secondary understrap-read-more-link\" href=\"https:\/\/sportowyfyrtel.pl\/1\/2024\/10\/01\/ostatni-weekend-kajakowy-w-tym-roku\/\">Czytaj dalej\u2026<\/a><\/p>\n","protected":false},"author":3,"featured_media":0,"comment_status":"closed","ping_status":"closed","sticky":false,"template":"","format":"standard","meta":{"footnotes":""},"categories":[1],"tags":[],"class_list":["post-808","post","type-post","status-publish","format-standard","hentry","category-bez-kategorii"],"_links":{"self":[{"href":"https:\/\/sportowyfyrtel.pl\/1\/wp-json\/wp\/v2\/posts\/808","targetHints":{"allow":["GET"]}}],"collection":[{"href":"https:\/\/sportowyfyrtel.pl\/1\/wp-json\/wp\/v2\/posts"}],"about":[{"href":"https:\/\/sportowyfyrtel.pl\/1\/wp-json\/wp\/v2\/types\/post"}],"author":[{"embeddable":true,"href":"https:\/\/sportowyfyrtel.pl\/1\/wp-json\/wp\/v2\/users\/3"}],"replies":[{"embeddable":true,"href":"https:\/\/sportowyfyrtel.pl\/1\/wp-json\/wp\/v2\/comments?post=808"}],"version-history":[{"count":1,"href":"https:\/\/sportowyfyrtel.pl\/1\/wp-json\/wp\/v2\/posts\/808\/revisions"}],"predecessor-version":[{"id":809,"href":"https:\/\/sportowyfyrtel.pl\/1\/wp-json\/wp\/v2\/posts\/808\/revisions\/809"}],"wp:attachment":[{"href":"https:\/\/sportowyfyrtel.pl\/1\/wp-json\/wp\/v2\/media?parent=808"}],"wp:term":[{"taxonomy":"category","embeddable":true,"href":"https:\/\/sportowyfyrtel.pl\/1\/wp-json\/wp\/v2\/categories?post=808"},{"taxonomy":"post_tag","embeddable":true,"href":"https:\/\/sportowyfyrtel.pl\/1\/wp-json\/wp\/v2\/tags?post=808"}],"curies":[{"name":"wp","href":"https:\/\/api.w.org\/{rel}","templated":true}]}}