{"id":803,"date":"2024-09-23T08:56:32","date_gmt":"2024-09-23T06:56:32","guid":{"rendered":"https:\/\/sportowyfyrtel.pl\/1\/?p=803"},"modified":"2024-09-23T08:56:45","modified_gmt":"2024-09-23T06:56:45","slug":"awaria-w-obiekcie-posir-winogrady-plywalnia","status":"publish","type":"post","link":"https:\/\/sportowyfyrtel.pl\/1\/2024\/09\/23\/awaria-w-obiekcie-posir-winogrady-plywalnia\/","title":{"rendered":"Awaria w obiekcie POSIR Winogrady- P\u0142ywalnia."},"content":{"rendered":"<p>Z powodu przerwy w dostawie ciep\u0142ej wody w dniach 25 oraz 26.09.2024r. P\u0142ywalnia POSIR WINOGRADY b\u0119dzie nieczynna. Ponowne uruchomienie obiektu planowane jest na dzie\u0144 27.09.2024. Za utrudnienia przepraszamy.<\/p>\n","protected":false},"excerpt":{"rendered":"<p>Z powodu przerwy w dostawie ciep\u0142ej wody w dniach 25 oraz 26.09.2024r. P\u0142ywalnia POSIR WINOGRADY b\u0119dzie nieczynna. Ponowne uruchomienie obiektu planowane jest na dzie\u0144 27.09.2024. Za utrudnienia przepraszamy. [&#8230;]<\/p>\n<p><a class=\"btn btn-secondary understrap-read-more-link\" href=\"https:\/\/sportowyfyrtel.pl\/1\/2024\/09\/23\/awaria-w-obiekcie-posir-winogrady-plywalnia\/\">Czytaj dalej\u2026<\/a><\/p>\n","protected":false},"author":3,"featured_media":0,"comment_status":"closed","ping_status":"closed","sticky":false,"template":"","format":"standard","meta":{"footnotes":""},"categories":[1],"tags":[],"class_list":["post-803","post","type-post","status-publish","format-standard","hentry","category-bez-kategorii"],"_links":{"self":[{"href":"https:\/\/sportowyfyrtel.pl\/1\/wp-json\/wp\/v2\/posts\/803","targetHints":{"allow":["GET"]}}],"collection":[{"href":"https:\/\/sportowyfyrtel.pl\/1\/wp-json\/wp\/v2\/posts"}],"about":[{"href":"https:\/\/sportowyfyrtel.pl\/1\/wp-json\/wp\/v2\/types\/post"}],"author":[{"embeddable":true,"href":"https:\/\/sportowyfyrtel.pl\/1\/wp-json\/wp\/v2\/users\/3"}],"replies":[{"embeddable":true,"href":"https:\/\/sportowyfyrtel.pl\/1\/wp-json\/wp\/v2\/comments?post=803"}],"version-history":[{"count":1,"href":"https:\/\/sportowyfyrtel.pl\/1\/wp-json\/wp\/v2\/posts\/803\/revisions"}],"predecessor-version":[{"id":804,"href":"https:\/\/sportowyfyrtel.pl\/1\/wp-json\/wp\/v2\/posts\/803\/revisions\/804"}],"wp:attachment":[{"href":"https:\/\/sportowyfyrtel.pl\/1\/wp-json\/wp\/v2\/media?parent=803"}],"wp:term":[{"taxonomy":"category","embeddable":true,"href":"https:\/\/sportowyfyrtel.pl\/1\/wp-json\/wp\/v2\/categories?post=803"},{"taxonomy":"post_tag","embeddable":true,"href":"https:\/\/sportowyfyrtel.pl\/1\/wp-json\/wp\/v2\/tags?post=803"}],"curies":[{"name":"wp","href":"https:\/\/api.w.org\/{rel}","templated":true}]}}