{"id":801,"date":"2024-09-17T13:16:37","date_gmt":"2024-09-17T11:16:37","guid":{"rendered":"https:\/\/sportowyfyrtel.pl\/1\/?p=801"},"modified":"2024-09-17T13:20:36","modified_gmt":"2024-09-17T11:20:36","slug":"warta-i-cybina-do-czerwonaka-juz-w-najblizszy-weekend-nowa-trasa","status":"publish","type":"post","link":"https:\/\/sportowyfyrtel.pl\/1\/2024\/09\/17\/warta-i-cybina-do-czerwonaka-juz-w-najblizszy-weekend-nowa-trasa\/","title":{"rendered":"Wart\u0105 i Cybin\u0105 do Czerwonaka. Ju\u017c w najbli\u017cszy weekend nowa trasa!"},"content":{"rendered":"<p>Najnowsza prognoza stan\u00f3w rzeki Warty z modelu hydrologicznego IMGW na weekend,\u00a0 zapowiada wej\u015bcie rzeki w stan w\u00f3d \u015brednich na poziomie oko\u0142o 210 cm (ostrzegawczy 400cm). Warta nie powinna zatem nawet wyj\u015b\u0107 z koryta rzeki. Stan ten jednak mo\u017ce pozwoli na przep\u0142yni\u0119cie do Czerwonaka korzystaj\u0105c z kana\u0142u Cybiny. <b>Wybranie tego szlaku uwarunkowane b\u0119dzie sytuacj\u0105 hydrologiczn\u0105 i poprzedzaj\u0105cym sp\u0142yw, sp\u0142yni\u0119ciem testowym komandora. W zale\u017cno\u015bci od wysoko\u015bci lustra wody mo\u017cliwa jest jedna przenoska!\u00a0<\/b><\/p>\n<p>Przypominamy \u017ce dzi\u0119ki g\u0142osom oddanym na projekt w zesz\u0142ym roku w tym roku udzia\u0142 dla os\u00f3b obj\u0119tych dzia\u0142aniami projektu Nasz Sportowy Fyrtel- darmowy!<\/p>\n<p>Dodatkowe informacja oraz rejestracja pod adresami:<\/p>\n<p>Sobota 21.09.2024r godz. 10:00 <a href=\"https:\/\/forms.gle\/aFknG5SYyCibBWng8\">https:\/\/forms.gle\/aFknG5SYyCibBWng8<\/a><\/p>\n<p>Niedziela 22.09.2024r. godz. 10:00 <a href=\"https:\/\/forms.gle\/Q3VgVyWVEQDLN2S97\">https:\/\/forms.gle\/Q3VgVyWVEQDLN2S97<\/a><\/p>\n<p>Projekt finansowany ze \u015brodk\u00f3w Wydzia\u0142u Sportu Urz\u0119du Miasta Poznania w ramach Pozna\u0144skiego Bud\u017cetu Obywatelskiego 2024 dzi\u0119ki g\u0142osom mieszka\u0144c\u00f3w miasta Poznania.<\/p>\n<p>#POZNANWSPIERA<\/p>\n","protected":false},"excerpt":{"rendered":"<p>Najnowsza prognoza stan\u00f3w rzeki Warty z modelu hydrologicznego IMGW na weekend,\u00a0 zapowiada wej\u015bcie rzeki w stan w\u00f3d \u015brednich na poziomie oko\u0142o 210 cm (ostrzegawczy 400cm). Warta nie powinna zatem nawet wyj\u015b\u0107 z koryta rzeki. Stan ten jednak mo\u017ce pozwoli na przep\u0142yni\u0119cie do Czerwonaka korzystaj\u0105c z kana\u0142u Cybiny. Wybranie tego szlaku uwarunkowane b\u0119dzie sytuacj\u0105 hydrologiczn\u0105 i [&#8230;]<\/p>\n<p><a class=\"btn btn-secondary understrap-read-more-link\" href=\"https:\/\/sportowyfyrtel.pl\/1\/2024\/09\/17\/warta-i-cybina-do-czerwonaka-juz-w-najblizszy-weekend-nowa-trasa\/\">Czytaj dalej\u2026<\/a><\/p>\n","protected":false},"author":3,"featured_media":0,"comment_status":"closed","ping_status":"closed","sticky":false,"template":"","format":"standard","meta":{"footnotes":""},"categories":[1],"tags":[],"class_list":["post-801","post","type-post","status-publish","format-standard","hentry","category-bez-kategorii"],"_links":{"self":[{"href":"https:\/\/sportowyfyrtel.pl\/1\/wp-json\/wp\/v2\/posts\/801","targetHints":{"allow":["GET"]}}],"collection":[{"href":"https:\/\/sportowyfyrtel.pl\/1\/wp-json\/wp\/v2\/posts"}],"about":[{"href":"https:\/\/sportowyfyrtel.pl\/1\/wp-json\/wp\/v2\/types\/post"}],"author":[{"embeddable":true,"href":"https:\/\/sportowyfyrtel.pl\/1\/wp-json\/wp\/v2\/users\/3"}],"replies":[{"embeddable":true,"href":"https:\/\/sportowyfyrtel.pl\/1\/wp-json\/wp\/v2\/comments?post=801"}],"version-history":[{"count":1,"href":"https:\/\/sportowyfyrtel.pl\/1\/wp-json\/wp\/v2\/posts\/801\/revisions"}],"predecessor-version":[{"id":802,"href":"https:\/\/sportowyfyrtel.pl\/1\/wp-json\/wp\/v2\/posts\/801\/revisions\/802"}],"wp:attachment":[{"href":"https:\/\/sportowyfyrtel.pl\/1\/wp-json\/wp\/v2\/media?parent=801"}],"wp:term":[{"taxonomy":"category","embeddable":true,"href":"https:\/\/sportowyfyrtel.pl\/1\/wp-json\/wp\/v2\/categories?post=801"},{"taxonomy":"post_tag","embeddable":true,"href":"https:\/\/sportowyfyrtel.pl\/1\/wp-json\/wp\/v2\/tags?post=801"}],"curies":[{"name":"wp","href":"https:\/\/api.w.org\/{rel}","templated":true}]}}