{"id":798,"date":"2024-09-11T11:36:43","date_gmt":"2024-09-11T09:36:43","guid":{"rendered":"https:\/\/sportowyfyrtel.pl\/1\/?p=798"},"modified":"2024-09-11T11:36:43","modified_gmt":"2024-09-11T09:36:43","slug":"mini-siatkowka-start-zapisow-od-13-09","status":"publish","type":"post","link":"https:\/\/sportowyfyrtel.pl\/1\/2024\/09\/11\/mini-siatkowka-start-zapisow-od-13-09\/","title":{"rendered":"MINI SIATK\u00d3WKA START ZAPIS\u00d3W OD 13.09"},"content":{"rendered":"<div class=\"x11i5rnm xat24cr x1mh8g0r x1vvkbs xtlvy1s x126k92a\">\n<div dir=\"auto\">Zapraszamy dzieci szk\u00f3\u0142 podstawowych oraz przedszkolak\u00f3w na mini siatk\u00f3wk\u0119 do szko\u0142y na <strong>os.Pod Lipami 106<\/strong><\/div>\n<\/div>\n<div class=\"x11i5rnm xat24cr x1mh8g0r x1vvkbs xtlvy1s x126k92a\">\n<div dir=\"auto\"><strong>START ZAJ\u0118\u0106<\/strong> :Wtorek 17.09.24 , \u015aroda 18.09.24<\/div>\n<div dir=\"auto\"><strong>ZAPISY OD<\/strong>\u00a0<strong>13.09.24<\/strong> pod nr telefonu <strong><span class=\"html-span xexx8yu x4uap5 x18d9i69 xkhd6sd x1hl2dhg x16tdsg8 x1vvkbs x3nfvp2 x1j61x8r x1fcty0u xdj266r xat24cr xgzva0m xhhsvwb xxymvpz xlup9mm x1kky2od\"><img loading=\"lazy\" decoding=\"async\" class=\"xz74otr\" src=\"https:\/\/static.xx.fbcdn.net\/images\/emoji.php\/v9\/tec\/2\/16\/1f4de.png\" alt=\"\ud83d\udcde\" width=\"16\" height=\"16\" \/><\/span>501 623 113<\/strong><\/div>\n<\/div>\n<div class=\"x11i5rnm xat24cr x1mh8g0r x1vvkbs xtlvy1s x126k92a\">\n<div dir=\"auto\"><strong>Od godz. 16:00<\/strong> zapisy dla dzieci kt\u00f3re nie bra\u0142y udzia\u0142u w edycji wiosennej.<\/div>\n<div dir=\"auto\"><strong>Od godz. 18:00<\/strong> zapisy dla dzieci kt\u00f3re ju\u017c \u0107wiczy\u0142y w edycji wiosennej.<\/div>\n<\/div>\n<div class=\"x11i5rnm xat24cr x1mh8g0r x1vvkbs xtlvy1s x126k92a\">\n<div dir=\"auto\"><\/div>\n<div dir=\"auto\">Pami\u0119tajcie, \u017ce udzia\u0142 w naszych zaj\u0119ciach mo\u017cliwy jest tylko i wy\u0142\u0105cznie po wype\u0142nieniu o\u015bwiadczenia, kt\u00f3re nale\u017cy przekaza\u0107 trenerom czy instruktorom przed pierwszymi zaj\u0119ciami. Deklaracj\u0119 uczestnika zaj\u0119\u0107 w ramach programu NSF znajdziecie pod adresem: <span class=\"html-span xdj266r x11i5rnm xat24cr x1mh8g0r xexx8yu x4uap5 x18d9i69 xkhd6sd x1hl2dhg x16tdsg8 x1vvkbs\"><a class=\"x1i10hfl xjbqb8w x1ejq31n xd10rxx x1sy0etr x17r0tee x972fbf xcfux6l x1qhh985 xm0m39n x9f619 x1ypdohk xt0psk2 xe8uvvx xdj266r x11i5rnm xat24cr x1mh8g0r xexx8yu x4uap5 x18d9i69 xkhd6sd x16tdsg8 x1hl2dhg xggy1nq x1a2a7pz x1sur9pj xkrqix3 x1fey0fg\" tabindex=\"0\" role=\"link\" href=\"https:\/\/sportowyfyrtel.pl\/1\/do-pobrania\/?fbclid=IwZXh0bgNhZW0CMTAAAR3cSzbgGppGKpklm95RcbHRP5IuRrbv_0Gap-59Tny9P5J5k9Jerh8xe2U_aem_7mdo00PMdHmZXPbH3mDzPA\" target=\"_blank\" rel=\"nofollow noopener noreferrer\">https:\/\/sportowyfyrtel.pl\/1\/do-pobrania\/<\/a><\/span> wype\u0142nijcie j\u0105 w domu, zabierzcie ze sob\u0105, a potem dajcie z siebie wszystko!<\/div>\n<\/div>\n","protected":false},"excerpt":{"rendered":"<p>Zapraszamy dzieci szk\u00f3\u0142 podstawowych oraz przedszkolak\u00f3w na mini siatk\u00f3wk\u0119 do szko\u0142y na os.Pod Lipami 106 START ZAJ\u0118\u0106 :Wtorek 17.09.24 , \u015aroda 18.09.24 ZAPISY OD\u00a013.09.24 pod nr telefonu 501 623 113 Od godz. 16:00 zapisy dla dzieci kt\u00f3re nie bra\u0142y udzia\u0142u w edycji wiosennej. Od godz. 18:00 zapisy dla dzieci kt\u00f3re ju\u017c \u0107wiczy\u0142y w edycji wiosennej. [&#8230;]<\/p>\n<p><a class=\"btn btn-secondary understrap-read-more-link\" href=\"https:\/\/sportowyfyrtel.pl\/1\/2024\/09\/11\/mini-siatkowka-start-zapisow-od-13-09\/\">Czytaj dalej\u2026<\/a><\/p>\n","protected":false},"author":8,"featured_media":0,"comment_status":"closed","ping_status":"closed","sticky":false,"template":"","format":"standard","meta":{"footnotes":""},"categories":[1],"tags":[],"class_list":["post-798","post","type-post","status-publish","format-standard","hentry","category-bez-kategorii"],"_links":{"self":[{"href":"https:\/\/sportowyfyrtel.pl\/1\/wp-json\/wp\/v2\/posts\/798","targetHints":{"allow":["GET"]}}],"collection":[{"href":"https:\/\/sportowyfyrtel.pl\/1\/wp-json\/wp\/v2\/posts"}],"about":[{"href":"https:\/\/sportowyfyrtel.pl\/1\/wp-json\/wp\/v2\/types\/post"}],"author":[{"embeddable":true,"href":"https:\/\/sportowyfyrtel.pl\/1\/wp-json\/wp\/v2\/users\/8"}],"replies":[{"embeddable":true,"href":"https:\/\/sportowyfyrtel.pl\/1\/wp-json\/wp\/v2\/comments?post=798"}],"version-history":[{"count":1,"href":"https:\/\/sportowyfyrtel.pl\/1\/wp-json\/wp\/v2\/posts\/798\/revisions"}],"predecessor-version":[{"id":799,"href":"https:\/\/sportowyfyrtel.pl\/1\/wp-json\/wp\/v2\/posts\/798\/revisions\/799"}],"wp:attachment":[{"href":"https:\/\/sportowyfyrtel.pl\/1\/wp-json\/wp\/v2\/media?parent=798"}],"wp:term":[{"taxonomy":"category","embeddable":true,"href":"https:\/\/sportowyfyrtel.pl\/1\/wp-json\/wp\/v2\/categories?post=798"},{"taxonomy":"post_tag","embeddable":true,"href":"https:\/\/sportowyfyrtel.pl\/1\/wp-json\/wp\/v2\/tags?post=798"}],"curies":[{"name":"wp","href":"https:\/\/api.w.org\/{rel}","templated":true}]}}