{"id":680,"date":"2024-02-21T11:56:18","date_gmt":"2024-02-21T10:56:18","guid":{"rendered":"https:\/\/sportowyfyrtel.pl\/1\/?p=680"},"modified":"2024-02-21T11:58:52","modified_gmt":"2024-02-21T10:58:52","slug":"uruchamiamy-zajecia-w-odk-orbita","status":"publish","type":"post","link":"https:\/\/sportowyfyrtel.pl\/1\/2024\/02\/21\/uruchamiamy-zajecia-w-odk-orbita\/","title":{"rendered":"Zdrowy kr\u0119gos\u0142up, kszta\u0142towanie sylwetki, wzmacnianie w ODK Orbita na os. Kosmonaut\u00f3w"},"content":{"rendered":"<h2>Zapraszamy na zaj\u0119cia w Osiedlowym Domu Kultury ORBITA na os. Kosmonaut\u00f3w<\/h2>\n<p>&nbsp;<\/p>\n<h3><strong>Czwartek<\/strong>\u00a0 \u00a0(od 07.03.2024 r.)<\/h3>\n<h4>&#8211; 18.00 &#8211; Zdrowy kr\u0119gos\u0142up<\/h4>\n<h4>&#8211; 19.00 &#8211; Kszta\u0142towanie sylwetki<\/h4>\n<h4><\/h4>\n<h3><strong>Pi\u0105tek<\/strong>\u00a0 \u00a0(od 08.03.2024 r.)<\/h3>\n<h4>&#8211; 09.00 &#8211; Zdrowy kr\u0119gos\u0142up<\/h4>\n<h4>&#8211; 10.00 &#8211; Wzmacnianie i stabilizacja<\/h4>\n<p>&nbsp;<\/p>\n<h3><strong>Zapisy telefoniczne pod numerem 502 706 403\u00a0 (nie przyjmujemy sms\u00f3w)<\/strong><\/h3>\n<ul>\n<li>\n<h4>od poniedzia\u0142ku, 26.02.2024 r. od godz. 9.00 do 14.00 &#8211; dla nowych os\u00f3b<\/h4>\n<\/li>\n<li>\n<h4>od wtorku, 27.02.2024 r. od godz. 9.00\u00a0 dla os\u00f3b \u0107wicz\u0105cych w danych zaj\u0119ciach w ubieg\u0142ym roku<\/h4>\n<\/li>\n<\/ul>\n<h3><strong>Lokalizacja:<\/strong> ODK ORBITA, os. Kosmonaut\u00f3w, ul. Wiktora Pacajewa paw. 118<\/h3>\n","protected":false},"excerpt":{"rendered":"<p>Zapraszamy na zaj\u0119cia w Osiedlowym Domu Kultury ORBITA na os. Kosmonaut\u00f3w &nbsp; Czwartek\u00a0 \u00a0(od 07.03.2024 r.) &#8211; 18.00 &#8211; Zdrowy kr\u0119gos\u0142up &#8211; 19.00 &#8211; Kszta\u0142towanie sylwetki Pi\u0105tek\u00a0 \u00a0(od 08.03.2024 r.) &#8211; 09.00 &#8211; Zdrowy kr\u0119gos\u0142up &#8211; 10.00 &#8211; Wzmacnianie i stabilizacja &nbsp; Zapisy telefoniczne pod numerem 502 706 403\u00a0 (nie przyjmujemy sms\u00f3w) od poniedzia\u0142ku, 26.02.2024 [&#8230;]<\/p>\n<p><a class=\"btn btn-secondary understrap-read-more-link\" href=\"https:\/\/sportowyfyrtel.pl\/1\/2024\/02\/21\/uruchamiamy-zajecia-w-odk-orbita\/\">Czytaj dalej\u2026<\/a><\/p>\n","protected":false},"author":9,"featured_media":0,"comment_status":"closed","ping_status":"closed","sticky":false,"template":"","format":"standard","meta":{"footnotes":""},"categories":[1],"tags":[],"class_list":["post-680","post","type-post","status-publish","format-standard","hentry","category-bez-kategorii"],"_links":{"self":[{"href":"https:\/\/sportowyfyrtel.pl\/1\/wp-json\/wp\/v2\/posts\/680","targetHints":{"allow":["GET"]}}],"collection":[{"href":"https:\/\/sportowyfyrtel.pl\/1\/wp-json\/wp\/v2\/posts"}],"about":[{"href":"https:\/\/sportowyfyrtel.pl\/1\/wp-json\/wp\/v2\/types\/post"}],"author":[{"embeddable":true,"href":"https:\/\/sportowyfyrtel.pl\/1\/wp-json\/wp\/v2\/users\/9"}],"replies":[{"embeddable":true,"href":"https:\/\/sportowyfyrtel.pl\/1\/wp-json\/wp\/v2\/comments?post=680"}],"version-history":[{"count":3,"href":"https:\/\/sportowyfyrtel.pl\/1\/wp-json\/wp\/v2\/posts\/680\/revisions"}],"predecessor-version":[{"id":683,"href":"https:\/\/sportowyfyrtel.pl\/1\/wp-json\/wp\/v2\/posts\/680\/revisions\/683"}],"wp:attachment":[{"href":"https:\/\/sportowyfyrtel.pl\/1\/wp-json\/wp\/v2\/media?parent=680"}],"wp:term":[{"taxonomy":"category","embeddable":true,"href":"https:\/\/sportowyfyrtel.pl\/1\/wp-json\/wp\/v2\/categories?post=680"},{"taxonomy":"post_tag","embeddable":true,"href":"https:\/\/sportowyfyrtel.pl\/1\/wp-json\/wp\/v2\/tags?post=680"}],"curies":[{"name":"wp","href":"https:\/\/api.w.org\/{rel}","templated":true}]}}